{"id":175072,"date":"2025-10-20T16:35:10","date_gmt":"2025-10-20T16:35:10","guid":{"rendered":"https:\/\/www.europesays.com\/it\/175072\/"},"modified":"2025-10-20T16:35:10","modified_gmt":"2025-10-20T16:35:10","slug":"sky-ch-bisseck-inter-fissa-il-prezzo-la-richiesta-del-giocatore-e-chiara","status":"publish","type":"post","link":"https:\/\/www.europesays.com\/it\/175072\/","title":{"rendered":"Sky CH &#8211; Bisseck, Inter fissa il prezzo. La richiesta del giocatore \u00e8 chiara"},"content":{"rendered":"<p>La versione svizzera del canale satellitare parla del giocatore nerazzurro e delle sue prospettive se mai lasciasse il club milanese<\/p>\n<p>&#8220;All&#8217;Inter, il giovane difensore centrale tedesco <a href=\"https:\/\/www.fcinter1908.it\/calciomercato\/mercato-inter\/di-marzio-bisseck-valuta-inter-scenario-via\/\" rel=\"nofollow noopener\" target=\"_blank\"><strong>Yann Bisseck<\/strong><\/a> sta attirando l&#8217;attenzione. Acquistato nel 2023, ha subito dimostrato grandi potenzialit\u00e0, ma i nerazzurri restano aperti a una cessione se dovesse arrivare un&#8217;offerta significativa. Il prezzo \u00e8 stato fissato: non meno di 40 milioni di euro&#8221;. Cos\u00ec il sito di <strong>Skysport<\/strong> in <strong>Svizzera<\/strong> parla del difensore nerazzurro sottolineando che potrebbe presto finire sul mercato.\u00a0<\/p>\n<p>Il giocatore piacerebbe al <strong>Monaco<\/strong> che ha iniziato i suoi sondaggi sul giocatore. Ma la concorrenza sembrerebbe agguerrita. Il <strong>Lipsia\u00a0<\/strong>e <strong>l&#8217;Eintracht Francoforte<\/strong> starebbero monitorando il giocatore. La sua posizione &#8211; spiega il sito sportivo &#8211; \u00e8 chiara: se dovesse partire vuole un club che gioca in Champions League, preferibilmente in Premier League.<\/p>\n<p>&#8220;Resta da vedere, oltre a chi pu\u00f2 soddisfare le sue richieste, chi soddisfer\u00e0 le richieste del club nerazzurro a proposito del costo del suo cartellino&#8221;, conclude Skysport CH.<\/p>\n<p class=\"is-copyright\">\u00a9 RIPRODUZIONE RISERVATA<\/p>\n","protected":false},"excerpt":{"rendered":"La versione svizzera del canale satellitare parla del giocatore nerazzurro e delle sue prospettive se mai lasciasse il&hellip;\n","protected":false},"author":3,"featured_media":175073,"comment_status":"","ping_status":"","sticky":false,"template":"","format":"standard","meta":{"footnotes":"","_share_on_mastodon":"0"},"categories":[1452],"tags":[14753,721,89521,40,554,4053,3879,1740,564,350,1537,90,89,1980,8392,2463,4734,1739,245,244],"class_list":["post-175072","post","type-post","status-publish","format-standard","has-post-thumbnail","category-calcio","tag-bisseck","tag-calcio","tag-ch","tag-chiara","tag-club","tag-difensore","tag-dovesse","tag-football","tag-giocatore","tag-inter","tag-it","tag-italia","tag-italy","tag-league","tag-nerazzurro","tag-parla","tag-prezzo","tag-soccer","tag-sport","tag-sports"],"share_on_mastodon":{"url":"https:\/\/pubeurope.com\/@it\/115407468938254331","error":""},"_links":{"self":[{"href":"https:\/\/www.europesays.com\/it\/wp-json\/wp\/v2\/posts\/175072","targetHints":{"allow":["GET"]}}],"collection":[{"href":"https:\/\/www.europesays.com\/it\/wp-json\/wp\/v2\/posts"}],"about":[{"href":"https:\/\/www.europesays.com\/it\/wp-json\/wp\/v2\/types\/post"}],"author":[{"embeddable":true,"href":"https:\/\/www.europesays.com\/it\/wp-json\/wp\/v2\/users\/3"}],"replies":[{"embeddable":true,"href":"https:\/\/www.europesays.com\/it\/wp-json\/wp\/v2\/comments?post=175072"}],"version-history":[{"count":0,"href":"https:\/\/www.europesays.com\/it\/wp-json\/wp\/v2\/posts\/175072\/revisions"}],"wp:featuredmedia":[{"embeddable":true,"href":"https:\/\/www.europesays.com\/it\/wp-json\/wp\/v2\/media\/175073"}],"wp:attachment":[{"href":"https:\/\/www.europesays.com\/it\/wp-json\/wp\/v2\/media?parent=175072"}],"wp:term":[{"taxonomy":"category","embeddable":true,"href":"https:\/\/www.europesays.com\/it\/wp-json\/wp\/v2\/categories?post=175072"},{"taxonomy":"post_tag","embeddable":true,"href":"https:\/\/www.europesays.com\/it\/wp-json\/wp\/v2\/tags?post=175072"}],"curies":[{"name":"wp","href":"https:\/\/api.w.org\/{rel}","templated":true}]}}