{"id":175411,"date":"2025-10-20T21:33:09","date_gmt":"2025-10-20T21:33:09","guid":{"rendered":"https:\/\/www.europesays.com\/it\/175411\/"},"modified":"2025-10-20T21:33:09","modified_gmt":"2025-10-20T21:33:09","slug":"djokovic-le-dichiarazioni-choc-devo-curarmi-atp-finals-sempre-piu-lontane","status":"publish","type":"post","link":"https:\/\/www.europesays.com\/it\/175411\/","title":{"rendered":"Djokovic, le dichiarazioni choc: &#8220;Devo curarmi&#8221;. Atp Finals sempre pi\u00f9 lontane"},"content":{"rendered":"<p>Le statistiche ufficiali Atp del 2025 riferiscono di un&#8217;annata di certo non all&#8217;altezza delle aspettative, con 35 vittorie e 11 sconfitte e un solo trofeo sollevato al cielo, ma a preoccupare i suoi fan sono state soprattutto le parole da lui pronunciate successivamente al ritiro nel match valido per la finale 3\u00b0-4\u00b0 posto del Six Kings Slam:<strong> Novak Djokovic<\/strong> sembra allontanarsi inesorabilmente dalle Atp Finals di Torino, e qualche dubbio inizia a sorgere anche su ci\u00f2 che potr\u00e0 accadere la prossima stagione.<\/p>\n<p>Dopo aver perso da<strong> Jannik Sinner <\/strong>nella semifinale del ricchissimo torneo che si \u00e8 disputato a Riad, una sconfitta netta maturata in poco pi\u00f9 di un&#8217;ora di gioco col risultato di due set a zero per il tennista altoatesino (6-4, 6-2), Nole era atteso nuovamente sul terreno di gioco per misurarsi con Taylor Fritz, battuto da Carlos Alcaraz. Il confronto \u00e8 durato appena un set, col tennista americano che si \u00e8 imposto per 7-6 dopo aver vinto il tie break col risultato di 7-4.<\/p>\n<p>Invece di accomodarsi in panchina per riposarsi in vista del secondo set, Djokovic ha raggiunto l&#8217;avversario a rete per comunicargli la propria intenzione di ritirarsi e per scusarsi con lui e con tutto il pubblico accorso all&#8217;Anb Arena di Riad. Ma ad allarmare i tifosi del serbo e gli appassionati di tennis di tutto il mondo sono le parole da lui pronunciate dopo aver deciso di abbandonare anzitempo il match.<\/p>\n<p>&#8220;Voglio chiedere scusa a tutti, mi dispiace che non possiate vedere il secondo set, ma abbiamo giocato delle ottime partite&#8221;, ha spiegato Nole rivolgendosi al pubblico. &#8220;\u00c8 uno dei set pi\u00f9 lunghi che abbia mai giocato. Voglio ringraziare tutti per avermi trattato cos\u00ec bene, spero di tornare se continuer\u00f2 a giocare&#8221;, ha aggiunto. &#8220;Ora devo riposarmi e <strong>curare <\/strong>alcuni problemi che ho con il mio corpo. Spero di poter giocare gli ultimi tornei della stagione&#8221;, ha concluso il 24 volte vincitore Slam.<\/p>\n<p>In attesa di comunicazioni ufficiali, con il serbo che \u00e8 il terzo tennista dopo Sinner e Alcaraz a qualificarsi per la Atp Finals, sembra allontanarsi la possibilit\u00e0 di rivederlo in campo a Torino. Pi\u00f9 probabile che, viste le condizioni di difficolt\u00e0 condivise coi tifosi, decida di saltare il resto della stagione per tornare in campo il prossimo anno.\n<\/p>\n<p> Ma cosa accadr\u00e0 allora? La frase &#8220;<strong>se continuer\u00f2 a giocare<\/strong>&#8220;, ha riecheggiato a lungo nelle orecchie dei tifosi del serbo, per cui il timore \u00e8 che il 2026 possa essere l&#8217;anno dell&#8217;addio al tennis giocato.<\/p>\n<p>Qualora Nole dovesse decidere di saltare Torino, per <strong>Lorenzo Musetti<\/strong> potrebbe aprirsi un&#8217;importante finestra sul torneo dei migliori 8 del circuito Atp, ma stavolta sar\u00e0 davvero l&#8217;ultimo treno.<\/p>\n","protected":false},"excerpt":{"rendered":"Le statistiche ufficiali Atp del 2025 riferiscono di un&#8217;annata di certo non all&#8217;altezza delle aspettative, con 35 vittorie&hellip;\n","protected":false},"author":3,"featured_media":175412,"comment_status":"","ping_status":"","sticky":false,"template":"","format":"standard","meta":{"footnotes":""},"categories":[1457],"tags":[11770,4627,1537,90,89,1717,10070,245,244,1273],"class_list":{"0":"post-175411","1":"post","2":"type-post","3":"status-publish","4":"format-standard","5":"has-post-thumbnail","7":"category-tennis","8":"tag-atp-finals","9":"tag-carlos-alcaraz","10":"tag-it","11":"tag-italia","12":"tag-italy","13":"tag-jannik-sinner","14":"tag-novak-djokovic","15":"tag-sport","16":"tag-sports","17":"tag-tennis"},"share_on_mastodon":{"url":"https:\/\/pubeurope.com\/@it\/115408640643448387","error":""},"_links":{"self":[{"href":"https:\/\/www.europesays.com\/it\/wp-json\/wp\/v2\/posts\/175411","targetHints":{"allow":["GET"]}}],"collection":[{"href":"https:\/\/www.europesays.com\/it\/wp-json\/wp\/v2\/posts"}],"about":[{"href":"https:\/\/www.europesays.com\/it\/wp-json\/wp\/v2\/types\/post"}],"author":[{"embeddable":true,"href":"https:\/\/www.europesays.com\/it\/wp-json\/wp\/v2\/users\/3"}],"replies":[{"embeddable":true,"href":"https:\/\/www.europesays.com\/it\/wp-json\/wp\/v2\/comments?post=175411"}],"version-history":[{"count":0,"href":"https:\/\/www.europesays.com\/it\/wp-json\/wp\/v2\/posts\/175411\/revisions"}],"wp:featuredmedia":[{"embeddable":true,"href":"https:\/\/www.europesays.com\/it\/wp-json\/wp\/v2\/media\/175412"}],"wp:attachment":[{"href":"https:\/\/www.europesays.com\/it\/wp-json\/wp\/v2\/media?parent=175411"}],"wp:term":[{"taxonomy":"category","embeddable":true,"href":"https:\/\/www.europesays.com\/it\/wp-json\/wp\/v2\/categories?post=175411"},{"taxonomy":"post_tag","embeddable":true,"href":"https:\/\/www.europesays.com\/it\/wp-json\/wp\/v2\/tags?post=175411"}],"curies":[{"name":"wp","href":"https:\/\/api.w.org\/{rel}","templated":true}]}}