{"id":175421,"date":"2025-10-20T21:39:12","date_gmt":"2025-10-20T21:39:12","guid":{"rendered":"https:\/\/www.europesays.com\/it\/175421\/"},"modified":"2025-10-20T21:39:12","modified_gmt":"2025-10-20T21:39:12","slug":"il-principe-andrea-perde-i-titoli-reali-le-figlie-eugenia-e-beatrice-disertano-il-ballo-al-british-museum","status":"publish","type":"post","link":"https:\/\/www.europesays.com\/it\/175421\/","title":{"rendered":"Il principe Andrea perde i titoli reali, le figlie Eugenia e Beatrice disertano il ballo al British Museum"},"content":{"rendered":"<p>Il <strong><a href=\"https:\/\/www.ilmessaggero.it\/t\/principe-andrea\" rel=\"nofollow noopener\" target=\"_blank\">principe Andrea<\/a><\/strong> \u00e8 caduto in disgrazia e le sue figlie, le principesse Eugenia e Beatrice, hanno dato forfait al ballo inaugurale Pink Ball del British Museum a cui erano state invitate. E tutto questo nell\u2019arco di sole 24 ore. La monarchia inglese \u00e8 ancora una volta nell\u2019occhio del ciclone. Le due giovani teste coronate erano nella lista degli invitati all\u2019evento che ha raccolto il meglio dell\u2019alta societ\u00e0, \u201crivale\u201d del Met Gala di New York. Tra gli 800 ospiti infatti c\u2019erano anche Isha Ambani, la figlia dell\u2019uomo pi\u00f9 ricco dell\u2019India e co-organizzatrice della serata, la top model Naomi Campbell e l\u2019attore James Norton. Riguardo la loro assenza per\u00f2 non vi \u00e8 una motivazione ufficiale, anche se non \u00e8 escluso che la perdita di potere del padre abbia influenzato la loro decisione di non prendere parte al Pink Ball. Tema di quest\u2019anno del Pink Ball \u00e8 stato scelto per rendere omaggio a una mostra in corso nel museo dal titolo \u201cAncient India: Living Traditions\u201d. Anche il men\u00f9 della cena offerta agli ospiti era a base di pietanze tipiche del paese asiatico. Erano presenti anche l&#8217;ex primo ministro Rishi Sunak, il sindaco di Londra Sadiq Khan, la star televisiva Maya Jama e Lady Kitty Spencer, figlia maggiore di Charles Spencer e nipote della defunta principessa Diana.<\/p>\n<p>La caduta del principe Andrea e le memorie di Virginia Giuffre: la famiglia reale nell&#8217;occhio del ciclone <\/p>\n<p>Il fratello di re Carlo III ha annunciato d\u2019aver perso il titolo di duca di York, cos\u00ec come l\u2019ex moglie Sarah non \u00e8 pi\u00f9 duchessa di York, tuttavia la coppia continuer\u00e0 a vivere nella Royal Lodge di Windsor. Non fa neanche pi\u00f9 parte dell\u2019Ordine della Giarrettiera, l\u2019ordine cavalleresco pi\u00f9 antico d\u2019Inghilterra, ma manterr\u00e0 il titolo di principe perch\u00e9 figlio della regina Elisabetta II, cos\u00ec come Eugenia e Beatrice resteranno principesse perch\u00e9 lo sono dalla nascita. Tuttavia si moltiplicano le pressioni affinch\u00e9 anche quest\u2019ultimo titolo reale gli venga revocato.<\/p>\n<p>Lo scandalo che coinvolge il principe Andrea arriva in concomitanza alla pubblicazione delle memorie postume di Virginia Giuffre, coinvolta nel traffico di donne di Jeffrey Epstein e colei che accus\u00f2 il reale di aver avuto rapporti sessuali con lei quand\u2019era ancora minorenne e . \u00c8 la famiglia della defunta a guidare le proteste che vorrebbero il principe Andrea privato del suo ultimo titolo nobiliare. Attualmente per\u00f2 una fonte di Buckingham Palace ha dichiarato alla Bbc che non ci sono novit\u00e0 a riguardo.<\/p>\n<p>Gli esperti reali temono che questa vicenda possa oscurare i prossimi impegni di re Carlo III e della regina consorte Camilla. I sovrani mercoled\u00ec si recheranno in visita a Citt\u00e0 del Vaticano, la prima volta che un monarca britannico si ritrover\u00e0 a pregare insieme al Papa in una funzione pubblica dai tempi della Riforma.<\/p>\n<p>L&#8217;esperto di questioni reali Richard Fitzwilliams ha dichiarato al Daily Mail: \u00abIl problema della famiglia reale \u00e8 che non riesce a controllare gli eventi. Le memorie postume \u2018Nobody&#8217;s Girl\u2019 della povera Virginia Giuffre, che si \u00e8 tolta la vita nell&#8217;aprile di quest&#8217;anno saranno, secondo le prime indiscrezioni, tossiche per Andrew\u00bb. E ha concluso dicendo che \u00absolo l&#8217;1 per cento dei documenti collegati a Epstein \u00e8 stato reso pubblico. Quasi sicuramente ci sar\u00e0 disgusto da parte del pubblico per ci\u00f2 che verr\u00e0 rivelato\u00bb. \u00abQuando William diventer\u00e0 re \u2013 ha aggiunto in chiusura &#8211; probabilmente adotter\u00e0 una politica dura e potremmo non vedere mai pi\u00f9 Andrew o Sarah in pubblico a un evento reale\u00bb.<\/p>\n<p>Le accuse di Virginia Giuffre:\u00a0\u00abUsata e umiliata. Credevo sarei morta di sesso\u00bb <\/p>\n<p>Una copia di \u201cNobody\u2019s Girl\u201d \u00e8 pervenuta alla Bbc. La Giuffre afferma di essere stata abitualmente \u00abusata e umiliata\u00bb e venduta a \u00abdecine di persone ricche e potenti\u00bb aggiungendo: \u00abCredevo che sarei potuta morire come schiava del sesso\u00bb. Nel volume Giuffre racconta di essere stata costretta ad andare a letto con il principe Andrea in almeno tre occasioni quando aveva 17 anni. Il re ha sempre trovato intollerabile l\u2019intera vicenda e non ha mai voluto sottoporre la questione al Parlamento, poich\u00e9 avrebbe significato uno spreco di risorse e tempo. Una fonte reale ha dichiarato in seguito all\u2019annuncio del principe Andrea: \u00abIl pensiero che lui continuasse a usare i titoli e gli onori che gli erano stati conferiti per un altro giorno, mese o anno, mentre altre opzioni venivano esplorate e attuate era intollerabile, per il bene della famiglia allargata. E alla fine, per il bene comune, Andrew ha trovato la ragione\u00bb.<\/p>\n<p>&#13;<br \/>\n                                \u00a9 RIPRODUZIONE RISERVATA&#13;<\/p>\n<p>&#13;<\/p>\n<p>\n                            Il punto serale sulle notizie del giorno<br \/>\n                            <b>Iscriviti<\/b> e ricevi le notizie via email\n                        <\/p>\n","protected":false},"excerpt":{"rendered":"Il principe Andrea \u00e8 caduto in disgrazia e le sue figlie, le principesse Eugenia e Beatrice, hanno dato&hellip;\n","protected":false},"author":3,"featured_media":175422,"comment_status":"","ping_status":"","sticky":false,"template":"","format":"standard","meta":{"footnotes":""},"categories":[1451],"tags":[1621,1620,203,204,1537,90,89,36539,106804,71357,106805],"class_list":{"0":"post-175421","1":"post","2":"type-post","3":"status-publish","4":"format-standard","5":"has-post-thumbnail","7":"category-celebrita","8":"tag-celebrita","9":"tag-celebrities","10":"tag-entertainment","11":"tag-intrattenimento","12":"tag-it","13":"tag-italia","14":"tag-italy","15":"tag-principe-andrea","16":"tag-principessa-eugenia-e-beatrice","17":"tag-re-carlo-iii","18":"tag-virginia-giuffre"},"share_on_mastodon":{"url":"https:\/\/pubeurope.com\/@it\/115408664282726923","error":""},"_links":{"self":[{"href":"https:\/\/www.europesays.com\/it\/wp-json\/wp\/v2\/posts\/175421","targetHints":{"allow":["GET"]}}],"collection":[{"href":"https:\/\/www.europesays.com\/it\/wp-json\/wp\/v2\/posts"}],"about":[{"href":"https:\/\/www.europesays.com\/it\/wp-json\/wp\/v2\/types\/post"}],"author":[{"embeddable":true,"href":"https:\/\/www.europesays.com\/it\/wp-json\/wp\/v2\/users\/3"}],"replies":[{"embeddable":true,"href":"https:\/\/www.europesays.com\/it\/wp-json\/wp\/v2\/comments?post=175421"}],"version-history":[{"count":0,"href":"https:\/\/www.europesays.com\/it\/wp-json\/wp\/v2\/posts\/175421\/revisions"}],"wp:featuredmedia":[{"embeddable":true,"href":"https:\/\/www.europesays.com\/it\/wp-json\/wp\/v2\/media\/175422"}],"wp:attachment":[{"href":"https:\/\/www.europesays.com\/it\/wp-json\/wp\/v2\/media?parent=175421"}],"wp:term":[{"taxonomy":"category","embeddable":true,"href":"https:\/\/www.europesays.com\/it\/wp-json\/wp\/v2\/categories?post=175421"},{"taxonomy":"post_tag","embeddable":true,"href":"https:\/\/www.europesays.com\/it\/wp-json\/wp\/v2\/tags?post=175421"}],"curies":[{"name":"wp","href":"https:\/\/api.w.org\/{rel}","templated":true}]}}