{"id":175540,"date":"2025-10-20T23:11:12","date_gmt":"2025-10-20T23:11:12","guid":{"rendered":"https:\/\/www.europesays.com\/it\/175540\/"},"modified":"2025-10-20T23:11:12","modified_gmt":"2025-10-20T23:11:12","slug":"il-modello-ira-il-precedente-nordirlandese-evocato-per-il-disarmo-di-hamas","status":"publish","type":"post","link":"https:\/\/www.europesays.com\/it\/175540\/","title":{"rendered":"Il modello Ira, il precedente nordirlandese evocato per il disarmo di Hamas"},"content":{"rendered":"<p>    di<br \/>\n    Guido Olimpio<\/p>\n<p class=\"summary-art is-line-h-12\">Gli arsenali di repubblicani e unionisti furono distrutti per la pace.  Ma i depositi dei jihadisti a Gaza sono molto pi\u00f9 \u00abforniti\u00bb<\/p>\n<p class=\"chapter-paragraph\"><b>Ottobre 2003. Il generale canadese John de Chastelain incontra gli emissari dell\u2019Ira, lo aspettano per mostrargli la distruzione di una grande quantit\u00e0 di armi.<\/b> I terroristi lo obbligano a spegnere il cellulare e a rimuovere la batteria, normale precauzione per evitare il tracciamento da parte dell\u2019intelligence. Poi lo conducono in alcuni rifugi e iniziano la neutralizzazione di fucili, mitragliatori, materiale per attacchi. <b>L\u2019ufficiale \u2014 raccontano i media britannici \u2014 resta irraggiungibile per quasi 20 ore ma alla fine porta a casa un risultato<\/b>. Un passo importante in un processo estenuante coordinato dalla Independent International Commission on Decommissioning (Iicd), organismo che sorveglia il disarmo di tutte le fazioni del Nord Irlanda.<\/p>\n<p>    Il vincolo negli anni \u201970<\/p>\n<p class=\"chapter-paragraph\"><b>Lo scenario \u00abirlandese\u00bb \u00e8 stato proposto da ambienti diplomatici per togliere l\u2019arsenale ad Hamas. L\u2019incrocio \u00e8 tra due realt\u00e0 lontane e diverse, tuttavia legate dalla forte solidariet\u00e0 in favore dei palestinesi.<\/b> Un vincolo testimoniato dalla collaborazione, fin dagli anni \u201970, con l\u2019Olp di Yasser Arafat, i traffici e le sponde di un mondo \u00abrivoluzionario\u00bb, gli scambi di informazioni tecniche nei campi di addestramento dove si incontrano estremisti occidentali e arabi. Una condivisione di idee tratteggiata in modo visibile dai murales nelle vie di Belfast dedicate ai fedayn.    &#13;<br \/>\n&#13;<br \/>\n&#13;<br \/>\n&#13;<br \/>\n&#13;<br \/>\n&#13;<br \/>\n&#13;<br \/>\n&#13;<br \/>\n&#13;<br \/>\n&#13;<br \/>\n&#13;<br \/>\n&#13;<br \/>\n&#13;<br \/>\n&#13;<br \/>\n&#13;<br \/>\n&#13;<br \/>\n&#13;<br \/>\n&#13;<br \/>\n&#13;<br \/>\n&#13;<br \/>\n&#13;<br \/>\n&#13;<br \/>\n&#13;<br \/>\n&#13;<br \/>\n&#13;<br \/>\n&#13;<br \/>\n&#13;<br \/>\n&#13;<br \/>\n&#13;<br \/>\n&#13;<br \/>\n&#13;<br \/>\n&#13;<br \/>\n&#13;<br \/>\n&#13;<br \/>\n&#13;<br \/>\n&#13;<br \/>\n&#13;<br \/>\n&#13;<br \/>\n&#13;<br \/>\n&#13;<br \/>\n&#13;<br \/>\n&#13;<br \/>\n&#13;<br \/>\n&#13;<br \/>\n&#13;<br \/>\n&#13;<br \/>\n&#13;<br \/>\n&#13;<br \/>\n&#13;<br \/>\n&#13;<br \/>\n&#13;<br \/>\n&#13;<br \/>\n&#13;\n<\/p>\n<p class=\"chapter-paragraph\">L<b>\u2019incendio mediorientale, per\u00f2, non si \u00e8 mai placato mentre in Nord Irlanda dopo decenni di conflitto hanno trovato un\u2019intesa per un sentiero di pace culminato nell\u2019accordo del 1998.<\/b> La commissione, con un ruolo primario dell\u2019allora senatore americano George Mitchell, dell\u2019ex presidente finlandese Martti Ahtisaari, dell\u2019allora esponente sudafricano Cyril Ramaphosa (oggi presidente del Paese, ndr) si mette subito al lavoro ma incontra una montagna di ostacoli.<\/p>\n<p class=\"chapter-paragraph\">L\u2019odio non si cancella con la firma su un documento, i caduti non si dimenticano, la diffidenza \u00e8 diffusa e profonda, come lo sono i rifugi dove sono stati interrati equipaggiamenti d\u2019ogni tipo. Passer\u00e0 oltre un anno prima che possano ottenere i primi progressi e la missione dell\u2019Iicd sar\u00e0 formalmente chiusa attorno al 2010.<\/p>\n<p>    Quintali di Semtex<\/p>\n<p class=\"chapter-paragraph\">Nel mezzo pause, marce indietro, minacce. Ognuno pensa che il rivale abbia delle scorte nel caso la crisi riesploda. Si teme che prima o poi arrivi \u00abil giorno del giudizio\u00bb. I negoziatori sono consapevoli dei problemi cos\u00ec come dell\u2019ampiezza dei depositi su entrambi i fronti.<\/p>\n<p class=\"chapter-paragraph\"><b>L\u2019Ira, al momento del suo apice, aveva centinaia di chilogrammi di Semtex, esplosivo d\u2019origine ceka donato dal colonnello libico Muammar Gheddafi<\/b>, poi diversi lanciatori anti-aerei Strela, mine, lanciafiamme, fucili da cecchino, munizioni a volont\u00e0, mortai veri e \u00abtubi\u00bb in grado di sparare razzi.<\/p>\n<p>    Decisiva la volont\u00e0<\/p>\n<p class=\"chapter-paragraph\">In diverse occasioni  ispettori e personaggi di fiducia \u2014 due sacerdoti \u2014, sempre in condizioni di segretezza, certificano la messa fuori uso degli armamenti. Parliamo di grandi quantit\u00e0, per\u00f2 sempre con numeri inferiori al <a href=\"https:\/\/www.corriere.it\/esteri\/25_ottobre_15\/usa-avvertono-hamas-disarmate-o-torna-israele-aa27b450-ec62-4037-ae2a-f5300fd0dxlk.shtml\" target=\"_blank\" rel=\"nofollow noopener\">materiale in mano ad Hamas<\/a>, Jihad Islamica e altre realt\u00e0 presenti nella Striscia. E, comunque, l\u2019aspetto decisivo \u00e8 la volont\u00e0 delle parti di fermare la violenza.<\/p>\n<p class=\"chapter-paragraph\">Approccio condiviso dalla maggioranza di militanti e simpatizzanti. I<b>l che non ha impedito a elementi scissionisti di puntare i piedi.<\/b><\/p>\n<p class=\"chapter-paragraph\">Nel 2015 fonti della sicurezza stimavano che l\u2019Ira avesse ancora 5 mila \u00abfucili\u00bb e nel 2016 saranno scoperti degli armamenti in zone boscose, all\u2019interno di buche.<b> La Real Ira, nucleo di irriducibili, avrebbe rubato casse di Semtex in dotazione alla \u00abcasa madre\u00bb, altre ancora sono invece rimaste nelle mani di una struttura parallela \u00absegreta\u00bb<\/b>: non esistendo \u2014 spiegavano gli inglesi \u2014, non era tenuta a consegnare \u00abci\u00f2 che non aveva\u00bb. Per fortuna e per scelta la svolta di pace si \u00e8 consolidata.<\/p>\n<p class=\"chapter-paragraph\">Interessante, a questo proposito, <b>un vecchio studio della Rand Corporation su come \u00abfiniscono\u00bb i network terroristici<\/b> che ha preso in esame il periodo 1968-2006. La maggior parte \u00e8 passata dalla lotta armata alla politica, il 10% ha raggiunto il suo obiettivo, solo il 7% \u00e8 stato piegato dal nemico. I ricercatori hanno poi confermato come le fazioni ispirate dalla religione siano le meno restie a fermarsi: il 32%. I dati cambiano se si considerano i movimenti insurrezionali, categoria che tira dentro Hamas: la met\u00e0 ha accettato la transizione politica e negoziale, il 19% \u00e8 stato sconfitto militarmente.<\/p>\n<p class=\"chapter-paragraph\"><b>Rispetto a questo scenario i mujaheddin di Gaza, nonostante tutto, hanno ancora margini di manovra<\/b>, ritengono che <a href=\"https:\/\/www.corriere.it\/esteri\/25_ottobre_18\/hamas-gaza-colpiti-collaborazionisti-armi-e6c08fa3-216c-4a22-b744-efd4304eaxlk.shtml\" target=\"_blank\" rel=\"nofollow noopener\">non sia ancora il momento di rinunciare al Kalashnikov<\/a> e dicono che comunque servir\u00e0 ancora del tempo. Sempre che Israele (e Donald Trump) glielo conceda.<\/p>\n<p class=\"is-last-update\" datetime=\"2025-10-20T22:52:45+02:00\">20 ottobre 2025 ( modifica il 20 ottobre 2025 | 22:52)<\/p>\n<p class=\"is-copyright\">\n            \u00a9 RIPRODUZIONE RISERVATA\n        <\/p>\n","protected":false},"excerpt":{"rendered":"di Guido Olimpio Gli arsenali di repubblicani e unionisti furono distrutti per la pace. Ma i depositi dei&hellip;\n","protected":false},"author":3,"featured_media":175541,"comment_status":"","ping_status":"","sticky":false,"template":"","format":"standard","meta":{"footnotes":""},"categories":[160],"tags":[8398,106924,106925,579,106926,106927,6459,106928,106929,4112,106930,106931,106932,106933,106934,1495,106935,106936,10480,106937,14815,106938,106939,536,106940,106941,106942,92828,14,164,165,45517,26838,5115,54979,100720,73,75,106921,24682,32567,2014,11079,166,7,101,106922,15,402,477,135,12621,3969,10758,2743,106920,11,167,12,168,106923,2330,161,162,163],"class_list":{"0":"post-175540","1":"post","2":"type-post","3":"status-publish","4":"format-standard","5":"has-post-thumbnail","7":"category-mondo","8":"tag-accettato","9":"tag-accettato-transizione","10":"tag-accettato-transizione-politica","11":"tag-accordo","12":"tag-accordo-commissione","13":"tag-accordo-commissione-ruolo","14":"tag-addestramento","15":"tag-addestramento-incontrano","16":"tag-addestramento-incontrano-estremisti","17":"tag-aerei","18":"tag-aerei-strela","19":"tag-aerei-strela-mine","20":"tag-ahtisaari","21":"tag-ahtisaari-esponente","22":"tag-ahtisaari-esponente-sudafricano","23":"tag-altre","24":"tag-altre-realta","25":"tag-altre-realta-presenti","26":"tag-altre-rimaste","27":"tag-altre-rimaste-mani","28":"tag-ambienti","29":"tag-ambienti-diplomatici","30":"tag-ambienti-diplomatici-togliere","31":"tag-americano","32":"tag-americano-george","33":"tag-americano-george-mitchell","34":"tag-ampiezza","35":"tag-armamenti","36":"tag-cronaca","37":"tag-dal-mondo","38":"tag-dalmondo","39":"tag-depositi","40":"tag-disarmo","41":"tag-diverse","42":"tag-fazioni","43":"tag-fucili","44":"tag-gaza","45":"tag-hamas","46":"tag-iicd","47":"tag-incontra","48":"tag-ira","49":"tag-irlanda","50":"tag-materiale","51":"tag-mondo","52":"tag-news","53":"tag-nord","54":"tag-nord-irlanda","55":"tag-notizie","56":"tag-pace","57":"tag-politica","58":"tag-presidente","59":"tag-quantita","60":"tag-realta","61":"tag-rifugi","62":"tag-scenario","63":"tag-semtex","64":"tag-ultime-notizie","65":"tag-ultime-notizie-di-mondo","66":"tag-ultimenotizie","67":"tag-ultimenotiziedimondo","68":"tag-vincolo","69":"tag-volonta","70":"tag-world","71":"tag-world-news","72":"tag-worldnews"},"share_on_mastodon":{"url":"","error":""},"_links":{"self":[{"href":"https:\/\/www.europesays.com\/it\/wp-json\/wp\/v2\/posts\/175540","targetHints":{"allow":["GET"]}}],"collection":[{"href":"https:\/\/www.europesays.com\/it\/wp-json\/wp\/v2\/posts"}],"about":[{"href":"https:\/\/www.europesays.com\/it\/wp-json\/wp\/v2\/types\/post"}],"author":[{"embeddable":true,"href":"https:\/\/www.europesays.com\/it\/wp-json\/wp\/v2\/users\/3"}],"replies":[{"embeddable":true,"href":"https:\/\/www.europesays.com\/it\/wp-json\/wp\/v2\/comments?post=175540"}],"version-history":[{"count":0,"href":"https:\/\/www.europesays.com\/it\/wp-json\/wp\/v2\/posts\/175540\/revisions"}],"wp:featuredmedia":[{"embeddable":true,"href":"https:\/\/www.europesays.com\/it\/wp-json\/wp\/v2\/media\/175541"}],"wp:attachment":[{"href":"https:\/\/www.europesays.com\/it\/wp-json\/wp\/v2\/media?parent=175540"}],"wp:term":[{"taxonomy":"category","embeddable":true,"href":"https:\/\/www.europesays.com\/it\/wp-json\/wp\/v2\/categories?post=175540"},{"taxonomy":"post_tag","embeddable":true,"href":"https:\/\/www.europesays.com\/it\/wp-json\/wp\/v2\/tags?post=175540"}],"curies":[{"name":"wp","href":"https:\/\/api.w.org\/{rel}","templated":true}]}}