{"id":175731,"date":"2025-10-21T02:09:16","date_gmt":"2025-10-21T02:09:16","guid":{"rendered":"https:\/\/www.europesays.com\/it\/175731\/"},"modified":"2025-10-21T02:09:16","modified_gmt":"2025-10-21T02:09:16","slug":"uae-joxean-matxin-sul-2026-di-tadej-pogacar-il-quinto-tour-sara-lobiettivo-primario-la-vuelta-complicato-e-piu-facile-pensare-allaccoppiata-con-il-giro","status":"publish","type":"post","link":"https:\/\/www.europesays.com\/it\/175731\/","title":{"rendered":"UAE, Joxean Matxin sul 2026 di Tadej Poga\u010dar: &#8220;Il quinto Tour sar\u00e0 l&#8217;obiettivo primario. La Vuelta? Complicato, \u00e8 pi\u00f9 facile pensare all&#8217;accoppiata con il Giro&#8221;"},"content":{"rendered":"<p>\t\t\t\t\t<a href=\"https:\/\/cyclingpro.net\/spaziociclismo\/altro\/scopri-lapp-ufficiale-di-spaziociclismo\/\" title=\"\" rel=\"nofollow noopener\" target=\"_blank\"><br \/>\n\t\t\t\t\t\t<img loading=\"lazy\" decoding=\"async\" src=\"https:\/\/www.europesays.com\/it\/wp-content\/uploads\/2025\/09\/1758060682_662_Banner-App-SpazioCiclismo.png\" alt=\"\" width=\"728\" height=\"91\"\/><br \/>\n\t\t\t\t\t<\/a><\/p>\n<p><strong> Tadej Poga\u010dar<\/strong> ha da poco finito di furoreggiare sulle strade di tutto il mondo e gi\u00e0 si pensa a quella che sar\u00e0 la stagione 2026 del fenomenale sloveno. Nell\u2019annata 2025, chiusa da poche ore, il campione della <strong>UAE Emirates XRG<\/strong> ha vinto, per sommi capi, lo UAE Tour, la Strade Bianche, il Giro delle Fiandre, la Freccia Vallone, la Liegi-Bastogne-Liegi, il Giro del Delfinato, il Tour de France, il Mondiale in linea di Kigali, l\u2019Europeo in linea di Dr\u00f4me-Ard\u00e8che, la Tre Valli Varesine e Il Lombardia. Una lista che farebbe felice ogni altro corridore se venisse compilata a fine carriera e che invece lo sloveno \u00e8 stato capace di mettere insieme in meno di 12 mesi.<\/p>\n<p>Archiviati tutti questi successi, e anche qualche momento di difficolt\u00e0, Poga\u010dar e la squadra stanno gi\u00e0 pensando a quello che ci sar\u00e0 da fare nella prossima stagione. \u201cTadej ha vinto molto, ma non ha ancora vinto una una Vuelta a Espa\u00f1a, una Milano-Sanremo, una Parigi-Roubaix \u2013 le parole del direttore sportivo della UAE, <strong>Joxean Fern\u00e1ndez<\/strong>, meglio noto come Matxin, in un\u2019intervista concessa a <a href=\"https:\/\/www.eurosport.es\/ciclismo\/entrevista-eurosport-joxean-fernandez-matxin-director-uae-team-emirates-record-victorias-tadej-pogacar-comparacion-merckx-mejor-temporada-calendario-isaac-del-toro-salida-juan-ayuso-declaraciones-hoy_sto23232737\/story.shtml\" target=\"_blank\" rel=\"noopener nofollow\">Eurosport Espa\u00f1a<\/a> \u2013 E non ha vinto finora neppure il Giro dei Paesi Baschi, il Giro di Romandia, il Giro di Svizzera\u2026 Ci sono ancora gare tante da vincere\u201d.<\/p>\n<p>Saranno quindi quelli gli obiettivi di Poga\u010dar nel 2026? \u201c<strong>L\u2019anno prossimo Tadej potrebbe vincere il quinto Tour de France della carriera<\/strong>, entrando nella storia sotto quell\u2019aspetto. Ci stiamo muovendo in quella direzione. Il resto del calendario lo stiamo analizzando. Attualmente io sto scegliendo quali gare faremo come squadra. Poi definiremo i capitani per le varie gare e garantiremo una distribuzione equa fra i corridori. Abbiamo un\u2019idea in mente, ma dobbiamo integrarla con il calendario e metterla in pratica. Ma \u00e8 chiaro che il Tour de France \u00e8 la corsa pi\u00f9 importante al mondo, non lo nascondo\u201d.<\/p>\n<p>C\u2019\u00e8 la Vuelta da andare a prendere, per completare la Tripla Corona\u2026 \u201c\u00c8 un obiettivo che vorremo raggiungere, prima o poi, senza dubbio. <strong>Ma con il calendario attuale, se vuoi correre il Tour, la Vuelta e poi i Mondiali, devi trascorrere quattro mesi lontano da casa ed essere al massimo della forma per un periodo molto lungo.<\/strong> Al momento, non \u00e8 l\u2019opzione pi\u00f9 fattibile, se guardi alla fisiologia dell\u2019atleta, rapportata agli obiettivi. Se c\u2019\u00e8 il Mondiale che ti interessa, significa fare un periodo di preparazione in altura prima del Tour e metterlo fra i mesi di maggio e giugno, ma significherebbe rinunciare alla Liegi e ad altre gare\u201d.<\/p>\n<p>Matxin ha le idee nette sulla questione: \u201cNon puoi pensare di iniziare una stagione, in termini di corse, al Tour de France. Quindi, Tadej dovrebbe gareggiare ad aprile, maggio, giugno, luglio, agosto, settembre e ottobre. \u00c8 un periodo troppo lungo per mantenere la giusta condizione. In questi giorni dovremo studiare un po\u2019 di cose. <strong>\u00c8 pi\u00f9 fattibile fare la doppietta Giro d\u2019Italia-Tour de France, perch\u00e9 c\u2019\u00e8 un periodo intermedio di quasi cinque settimane fra le due corse<\/strong>\u201c.<\/p>\n","protected":false},"excerpt":{"rendered":"Tadej Poga\u010dar ha da poco finito di furoreggiare sulle strade di tutto il mondo e gi\u00e0 si pensa&hellip;\n","protected":false},"author":3,"featured_media":162539,"comment_status":"","ping_status":"","sticky":false,"template":"","format":"standard","meta":{"footnotes":""},"categories":[1456],"tags":[1824,1825,1537,90,89,2647,245,244,1531,26869,1828],"class_list":{"0":"post-175731","1":"post","2":"type-post","3":"status-publish","4":"format-standard","5":"has-post-thumbnail","7":"category-ciclismo","8":"tag-ciclismo","9":"tag-cycling","10":"tag-it","11":"tag-italia","12":"tag-italy","13":"tag-joxean-matxin","14":"tag-sport","15":"tag-sports","16":"tag-tadej-pogacar","17":"tag-tour-de-france-2026","18":"tag-uae-team-emirates-xrg-2025"},"share_on_mastodon":{"url":"https:\/\/pubeurope.com\/@it\/115409726025488852","error":""},"_links":{"self":[{"href":"https:\/\/www.europesays.com\/it\/wp-json\/wp\/v2\/posts\/175731","targetHints":{"allow":["GET"]}}],"collection":[{"href":"https:\/\/www.europesays.com\/it\/wp-json\/wp\/v2\/posts"}],"about":[{"href":"https:\/\/www.europesays.com\/it\/wp-json\/wp\/v2\/types\/post"}],"author":[{"embeddable":true,"href":"https:\/\/www.europesays.com\/it\/wp-json\/wp\/v2\/users\/3"}],"replies":[{"embeddable":true,"href":"https:\/\/www.europesays.com\/it\/wp-json\/wp\/v2\/comments?post=175731"}],"version-history":[{"count":0,"href":"https:\/\/www.europesays.com\/it\/wp-json\/wp\/v2\/posts\/175731\/revisions"}],"wp:featuredmedia":[{"embeddable":true,"href":"https:\/\/www.europesays.com\/it\/wp-json\/wp\/v2\/media\/162539"}],"wp:attachment":[{"href":"https:\/\/www.europesays.com\/it\/wp-json\/wp\/v2\/media?parent=175731"}],"wp:term":[{"taxonomy":"category","embeddable":true,"href":"https:\/\/www.europesays.com\/it\/wp-json\/wp\/v2\/categories?post=175731"},{"taxonomy":"post_tag","embeddable":true,"href":"https:\/\/www.europesays.com\/it\/wp-json\/wp\/v2\/tags?post=175731"}],"curies":[{"name":"wp","href":"https:\/\/api.w.org\/{rel}","templated":true}]}}