{"id":177042,"date":"2025-10-21T19:25:10","date_gmt":"2025-10-21T19:25:10","guid":{"rendered":"https:\/\/www.europesays.com\/it\/177042\/"},"modified":"2025-10-21T19:25:10","modified_gmt":"2025-10-21T19:25:10","slug":"fiorello-si-e-ripreso-e-alla-pennicanza-ci-sono-pure-carla-bruni-e-stefano-de-martino","status":"publish","type":"post","link":"https:\/\/www.europesays.com\/it\/177042\/","title":{"rendered":"Fiorello si \u00e8 ripreso e alla Pennicanza ci sono pure Carla Bruni e Stefano De Martino"},"content":{"rendered":"<p>Se la prima puntata de <strong>La Pennicanza <\/strong>\u00e8 andata come \u00e8 andata, Fiorello si \u00e8 ripreso alla grande con il secondo appuntamento. Infatti, ripresosi dall\u2019indisposizione \u00e8 arrivato in studio con Fabrizio Biggio e non ha risparmiato nessuno, da Carla Bruni a Stefano De Martino.\n<\/p>\n<p>La Pennicanza, seconda puntata: Fiorello si \u00e8 ripreso<\/p>\n<p>Puntuale come un orologio svizzero <a href=\"https:\/\/dilei.it\/star-e-vip\/fiorello\/\" rel=\"nofollow noopener\" target=\"_blank\">Fiorello<\/a> si \u00e8 presentato in studio con Fabrizio Biggio per condurre la seconda puntata de <strong>La Pennicanza<\/strong>, in onda da luned\u00ec al venerd\u00ec su Rai Radio2 dalle 13.35 alle 14.30.<\/p>\n<p><a href=\"https:\/\/dilei.it\/spettacolo\/fiorello-malato-la-pennicanza-puntata-20-ottobre-2025\/1905595\/\" rel=\"nofollow noopener\" target=\"_blank\">Un riferimento al forfait della prima puntata<\/a> non poteva mancare. Infatti, il 20 ottobre Fiorello avrebbe dovuto dare il via alla nuova stagione della Pennicanza e invece ha dato forfait a causa di un\u2019indisposizione. La puntata \u00e8 durata appena 8 minuti, il tempo di un rapido collegamento telefonico con Biggio, che era in studio, per giustificare la sua assenza. \u201c<strong>Se provate a prendere il posto di Bruno Vespa\u2026 succede questo!<\/strong> Serva da monito a tutto il mondo dello spettacolo!!\u201d, aveva scherzato Fiorello, facendo riferimento al fatto che lui e il suo braccio destro domenica 19 ottobre erano nello studio di Cinque Minuti senza per\u00f2 il noto giornalista.<\/p>\n<p>Sta di fatto che <strong>il malessere di Fiorello<\/strong> \u00e8 passato in 24 ore ed eccolo vispo e scoppiettante per dare il l\u00e0 definitivo alla sua trasmissione radiofonica. Ovviamente non poteva mancare una battuta sull\u2019accaduto. \u201cLa prima \u00e8 andata benissimo, <strong>\u00e8 durata solo 10 minuti<\/strong> ma ci hanno ripreso tutti i giornali. Siamo un raggio di sole in questo temporale del palinsesto\u201d.<\/p>\n<p>Fiorello, la telefonata di Carla Bruni<\/p>\n<p>Se questo \u00e8 l\u2019inizio della puntata, il proseguo \u00e8 ancora pi\u00f9 esilarante. Infatti, in studio arriva <strong>la telefonata<\/strong> di <strong>Carla Bruni<\/strong> (ovviamente fake). Oggi suo marito, l\u2019ex presidente francese <a href=\"https:\/\/dilei.it\/notizie\/sarkozy-carcere-dediche-figlia-giulia-moglie-carla\/1906000\/\" rel=\"nofollow noopener\" target=\"_blank\">Nicolas Sarkozy \u00e8 entrato in carcere.<\/a><\/p>\n<p>\u201c<strong>Mio marito \u00e8 innocente<\/strong> \u2014 o come dite voi\u2026 l\u2019ha fatta franc!\u201d, si giustifica la \u2018Bruni\u2019 in un improbabile accento francese. \u201cArrestato? Volgari! Noi diciamo \u2018se lo sono inchiappet\u00e8\u2019! Non eravamo mano nella mano\u2026 eravamo \u2018ammanett\u00e8\u2019! Ha portato in carcere tre libri, io gli ho nascosto anche \u2018Fuga da Alcatraz\u2019! Come passo le giornate? Faccio torte giganti. Perch\u00e9? Non per nascondere la lima all\u2019interno\u2026 noi la chiamiamo \u2018escamotage pur l\u2019\u00e9vasion\u2019!\u201d.<\/p>\n<p>Fiorello, la frecciatina a Stefano De Martino<\/p>\n<p>Fiorello ha una parola per tutti i suoi colleghi della Rai, a cominciare da <a href=\"https:\/\/dilei.it\/star-e-vip\/stefano-de-martino\/\" rel=\"nofollow noopener\" target=\"_blank\">Stefano De Martino<\/a> che con Affari Tuoi sta diventando un caso televisivo perch\u00e9 non riesce a battere negli ascolti La Ruota della Fortuna con\u00a0 Gerry Scotti.<\/p>\n<p>Fiorello lo punzecchia: \u201c<strong>Stefano De Martino<\/strong> il nuovo Fiorello? <strong>Ma poverino, perch\u00e9 denigrarlo?<\/strong> Ma perch\u00e9? Casomai De Martino \u00e8 il nuovo San Gennaro! Anche di me dissero anche che ero il nuovo Walter Chiari, ma io mi sono sempre opposto. Meglio lasciar ognuno fare la propria carriera, i paragoni fanno male sia al nuovo che al vecchio, ma di pi\u00f9 al nuovo\u201d.<\/p>\n<p>E sui colleghi di <strong>Radio3<\/strong>: \u201cHanno organizzato una festa pazzesca, vi leggo il programma\u2026 happy hour con lettura di \u2018Delitto e Castigo\u2019, buoni pasto Rai per tutti, dj set con alla console Amalia Ercoli-Finzi, poi cineforum con film muto doppiato da Nanni Moretti. In chiusura, gran finale con Tchaikovsky come riempi-pista!\u201d.<\/p>\n<p>Fiorello \u00e8 tornato anche sull\u2019incursione di domenica sera a <strong>Cinque Minuti<\/strong> su Rai 1: \u201cAbbiamo fatto il 22,4% di share! Mi chiedono: \u2018<strong>Perch\u00e9 non fai la tv?<\/strong>\u2019. Perch\u00e9 ogni tanto i sex symbol devono stare indietro! \u2013 ironizza lo showman -. Hai voglia a cercare \u2018i nuovi Fiorello\u2019\u2026 sai quanti ne ho visti? Uno doveva essere Milo Infante\u2026 ora sta su Rai2, praticamente una condanna, come quando ti mandavano a fare il militare a Macomer! Quando arrivai io, invece, mi dicevano che ero il nuovo\u2026 Luca Sardella!\u201d.<\/p>\n<p>\u00a0<\/p>\n","protected":false},"excerpt":{"rendered":"Se la prima puntata de La Pennicanza \u00e8 andata come \u00e8 andata, Fiorello si \u00e8 ripreso alla grande&hellip;\n","protected":false},"author":3,"featured_media":108163,"comment_status":"","ping_status":"","sticky":false,"template":"","format":"standard","meta":{"footnotes":""},"categories":[1451],"tags":[30794,1621,1620,203,75700,27064,204,1537,90,89,214,1766],"class_list":{"0":"post-177042","1":"post","2":"type-post","3":"status-publish","4":"format-standard","5":"has-post-thumbnail","7":"category-celebrita","8":"tag-carla-bruni","9":"tag-celebrita","10":"tag-celebrities","11":"tag-entertainment","12":"tag-fabrizio-biggio","13":"tag-fiorello","14":"tag-intrattenimento","15":"tag-it","16":"tag-italia","17":"tag-italy","18":"tag-spettacolo","19":"tag-stefano-de-martino"},"share_on_mastodon":{"url":"https:\/\/pubeurope.com\/@it\/115413799874199484","error":""},"_links":{"self":[{"href":"https:\/\/www.europesays.com\/it\/wp-json\/wp\/v2\/posts\/177042","targetHints":{"allow":["GET"]}}],"collection":[{"href":"https:\/\/www.europesays.com\/it\/wp-json\/wp\/v2\/posts"}],"about":[{"href":"https:\/\/www.europesays.com\/it\/wp-json\/wp\/v2\/types\/post"}],"author":[{"embeddable":true,"href":"https:\/\/www.europesays.com\/it\/wp-json\/wp\/v2\/users\/3"}],"replies":[{"embeddable":true,"href":"https:\/\/www.europesays.com\/it\/wp-json\/wp\/v2\/comments?post=177042"}],"version-history":[{"count":0,"href":"https:\/\/www.europesays.com\/it\/wp-json\/wp\/v2\/posts\/177042\/revisions"}],"wp:featuredmedia":[{"embeddable":true,"href":"https:\/\/www.europesays.com\/it\/wp-json\/wp\/v2\/media\/108163"}],"wp:attachment":[{"href":"https:\/\/www.europesays.com\/it\/wp-json\/wp\/v2\/media?parent=177042"}],"wp:term":[{"taxonomy":"category","embeddable":true,"href":"https:\/\/www.europesays.com\/it\/wp-json\/wp\/v2\/categories?post=177042"},{"taxonomy":"post_tag","embeddable":true,"href":"https:\/\/www.europesays.com\/it\/wp-json\/wp\/v2\/tags?post=177042"}],"curies":[{"name":"wp","href":"https:\/\/api.w.org\/{rel}","templated":true}]}}