{"id":177051,"date":"2025-10-21T19:30:12","date_gmt":"2025-10-21T19:30:12","guid":{"rendered":"https:\/\/www.europesays.com\/it\/177051\/"},"modified":"2025-10-21T19:30:12","modified_gmt":"2025-10-21T19:30:12","slug":"il-coraggio-di-blanche-un-film-per-dire-alle-donne-denunciate-la-violenza","status":"publish","type":"post","link":"https:\/\/www.europesays.com\/it\/177051\/","title":{"rendered":"Il coraggio di Blanche, un film per dire alle donne: denunciate la violenza"},"content":{"rendered":"<p>A colpire sono sempre le prime pagine dei giornali. L\u2019ultimo caso \u00e8 stato quello della ventinovenne <strong>Pamela Genini, uccisa a Milano dall\u2019ex fidanzato Gianluca Soncin<\/strong>. L\u2019omicidio spesso, come racconta anche il cinema, \u00e8 la tragica conclusione di un percorso pieno di indizi che si tendono a ignorare. E soprattutto a perdonare.<\/p>\n<p><strong>Questa sera alle 21.20 su Rai 3<\/strong> in prima visione andr\u00e0 in onda Il coraggio di Blanche, presentato al Festival di Cannes nel 2023. La regista \u00e8 Val\u00e9rie Donzelli, una delle migliori transalpine dietro la macchina da presa (nel 2026 arriver\u00e0 in sala il bellissimo \u00c0 pied d&#8217;\u0153uvre visto quest\u2019anno alla Mostra del Cinema di Venezia). Il coraggio di Blanche si sofferma sulla violenza di genere, sulle relazioni tossiche.<\/p>\n<p>La protagonista affronta con serena rassegnazione la sua vita in solitaria. Ama la sua indipendenza, sospesa tra il lavoro e il rapporto con la famiglia. In particolare \u00e8 molto legata alla sua gemella. Un giorno \u00e8 proprio lei a trascinarla a una festa in spiaggia, dove scocca la scintilla. Lui \u00e8 affascinante, innamorato, ma nasconde qualcosa di oscuro. \u00c8 qui che Il coraggio di Blanche diventa un monito, sempre attuale. <strong>Donzelli mette in guardia: il controllo non \u00e8 amore.<\/strong><\/p>\n<p>Lui le monitora il cellulare, la porta via dal suo ambiente, la vuole solo per s\u00e9. \u00c8 geloso, le telefona senza requie, ha improvvisi scatti d\u2019ira. Vive ogni elemento esterno come una minaccia per la loro relazione. E naturalmente questo \u00e8 solo il punto di partenza, la situazione si inasprisce sempre pi\u00f9, sfociando nella paura, nel seguirsi, nell\u2019ossessione. Il pericolo, come suggerisce la regista, \u00e8 pensare che sia qualcosa che non ci riguarda, \u00e8 voler giustificare a tutti i costi comportamenti che andrebbero condannati fin da subito.<\/p>\n<p>Sono passati due anni dalla premiere a Cannes, e il film \u00e8 purtroppo sempre pi\u00f9 vero, radicato al nostro tempo. L\u2019errore \u00e8 chiudere gli occhi, il non volersi ascoltare. Qual \u00e8 quindi il \u201ccoraggio\u201d del titolo? Saper arginare i comportamenti sbagliati, saper rivendicare la propria libert\u00e0 e soprattutto farsi rispettare. E, nel caso, troncare la relazione. Il coraggio di Blanche \u00e8 tratto da L\u2019amore e le foreste, <strong>libro pungente scritto da \u00c9ric Reinhardt, e poggia sul talento cristallino di Virginie Efira,<\/strong> che qui si rivolge direttamente al pubblico, perch\u00e9 il sentimento non pu\u00f2 essere un veleno.<\/p>\n","protected":false},"excerpt":{"rendered":"A colpire sono sempre le prime pagine dei giornali. L\u2019ultimo caso \u00e8 stato quello della ventinovenne Pamela Genini,&hellip;\n","protected":false},"author":3,"featured_media":177052,"comment_status":"","ping_status":"","sticky":false,"template":"","format":"standard","meta":{"footnotes":""},"categories":[1442],"tags":[203,2423,454,107664,204,1537,90,89,1521,25423],"class_list":{"0":"post-177051","1":"post","2":"type-post","3":"status-publish","4":"format-standard","5":"has-post-thumbnail","7":"category-film","8":"tag-entertainment","9":"tag-femminicidio","10":"tag-film","11":"tag-il-coraggio-di-blanche","12":"tag-intrattenimento","13":"tag-it","14":"tag-italia","15":"tag-italy","16":"tag-movies","17":"tag-violenza-sulle-donne"},"share_on_mastodon":{"url":"https:\/\/pubeurope.com\/@it\/115413819417795693","error":""},"_links":{"self":[{"href":"https:\/\/www.europesays.com\/it\/wp-json\/wp\/v2\/posts\/177051","targetHints":{"allow":["GET"]}}],"collection":[{"href":"https:\/\/www.europesays.com\/it\/wp-json\/wp\/v2\/posts"}],"about":[{"href":"https:\/\/www.europesays.com\/it\/wp-json\/wp\/v2\/types\/post"}],"author":[{"embeddable":true,"href":"https:\/\/www.europesays.com\/it\/wp-json\/wp\/v2\/users\/3"}],"replies":[{"embeddable":true,"href":"https:\/\/www.europesays.com\/it\/wp-json\/wp\/v2\/comments?post=177051"}],"version-history":[{"count":0,"href":"https:\/\/www.europesays.com\/it\/wp-json\/wp\/v2\/posts\/177051\/revisions"}],"wp:featuredmedia":[{"embeddable":true,"href":"https:\/\/www.europesays.com\/it\/wp-json\/wp\/v2\/media\/177052"}],"wp:attachment":[{"href":"https:\/\/www.europesays.com\/it\/wp-json\/wp\/v2\/media?parent=177051"}],"wp:term":[{"taxonomy":"category","embeddable":true,"href":"https:\/\/www.europesays.com\/it\/wp-json\/wp\/v2\/categories?post=177051"},{"taxonomy":"post_tag","embeddable":true,"href":"https:\/\/www.europesays.com\/it\/wp-json\/wp\/v2\/tags?post=177051"}],"curies":[{"name":"wp","href":"https:\/\/api.w.org\/{rel}","templated":true}]}}