{"id":177054,"date":"2025-10-21T19:33:12","date_gmt":"2025-10-21T19:33:12","guid":{"rendered":"https:\/\/www.europesays.com\/it\/177054\/"},"modified":"2025-10-21T19:33:12","modified_gmt":"2025-10-21T19:33:12","slug":"zaniolo-sara-di-nuovo-papa-le-immagini-della-compagna-sara-incinta","status":"publish","type":"post","link":"https:\/\/www.europesays.com\/it\/177054\/","title":{"rendered":"Zaniolo sar\u00e0 di nuovo pap\u00e0: le immagini della compagna Sara incinta"},"content":{"rendered":"<p><strong>ROMA <\/strong>\u2013 Il ritorno <a href=\"https:\/\/www.repubblica.it\/sport\/calcio\/serie-a\/2025\/10\/20\/news\/vardy_avvicina_il_gol_zaniolo_lo_trova_cremonese-parma_finisce_1-1-424926408\/\" rel=\"nofollow noopener\" target=\"_blank\">al gol<\/a>. E, poche ore dopo, l\u2019annuncio di una nuova paternit\u00e0. Sembra che <a href=\"https:\/\/www.repubblica.it\/sport\/calcio\/serie-a\/2025\/10\/03\/news\/zaniolo_intervista_compagna_figlio-424887060\/\" rel=\"nofollow noopener\" target=\"_blank\"><strong>Nicol\u00f2 Zaniolo<\/strong><\/a> abbia davvero deciso di vivere una vita nuova: di nuovo pap\u00e0, dopo essere tornare a sentirsi finalmente calciatore.<\/p>\n<p>\t\t\t<a href=\"https:\/\/www.repubblica.it\/sport\/calcio\/serie-a\/2025\/10\/03\/news\/zaniolo_intervista_compagna_figlio-424887060\/\" rel=\"nofollow noopener\" target=\"_blank\">Zaniolo, l\u2019intervista: \u201cGli errori sono il passato, a Udine rinasco\u201d<\/a><\/p>\n<p>\t\tdi <a href=\"https:\/\/www.repubblica.it\/autori\/franco_vanni\/\" rel=\"author nofollow noopener\" target=\"_blank\">Franco Vanni<\/a><\/p>\n<p>\t\t\t03 Ottobre 2025<\/p>\n<p>                <a href=\"https:\/\/www.repubblica.it\/sport\/calcio\/serie-a\/2025\/10\/03\/news\/zaniolo_intervista_compagna_figlio-424887060\/\" rel=\"nofollow noopener\" target=\"_blank\"><\/p>\n<p>\t\t\t\t\t\t<img loading=\"lazy\" decoding=\"async\" src=\"https:\/\/www.europesays.com\/it\/wp-content\/uploads\/2025\/10\/213051237-bb29e7d9-fe5b-46e7-a5ea-60f5dc985190.jpg\" alt=\"\" class=\"lazyload\" width=\"125\" height=\"125\"\/> <\/p>\n<p>                <\/a><\/p>\n<p>Zaniolo di nuovo pap\u00e0: \u201cPresto saremo in quattro\u201d<\/p>\n<p>Una foto insieme al figlio Tommaso e alla compagna <strong>Sara Scaperrotta<\/strong>, con un pancione in bella evidenza. Cos\u00ec Nicol\u00f2 Zaniolo ha annunciato la sua seconda paternit\u00e0. Un post sui social che non ha bisogno di interpretazioni: \u201cPresto saremo in 4 e l\u2019amore sar\u00e0 ancora pi\u00f9 grande\u201d, accompagnato da un cuore azzurro, segno che il piccolo Tommaso avr\u00e0 un fratellino. Pensare che per anni Zaniolo e il figlio si erano visti poco, lui e la attuale compagna si erano separati prima del parto, poi la distanza, l\u2019addio a Roma \u2013 dove viveva la donna \u2013 e l\u2019inizio del pellegrinaggio.<\/p>\n<p>Dall\u2019addio alla Roma alla rinascita a Udine<\/p>\n<p>La coppia era tornata insieme nel 2024. Un anno fa il ritorno di Zaniolo in serie A, prima all\u2019Atalanta e poi alla Fiorentina, non aveva coinciso con la rinascita sportiva. Ci \u00e8 voluta Udine: un gol in Coppa Italia, luned\u00ec il primo in campionato, di testa, per regalare ai friulani il pareggio contro la Cremonese. Ma la vera gioia lo attendeva a casa.<\/p>\n","protected":false},"excerpt":{"rendered":"ROMA \u2013 Il ritorno al gol. E, poche ore dopo, l\u2019annuncio di una nuova paternit\u00e0. Sembra che Nicol\u00f2&hellip;\n","protected":false},"author":3,"featured_media":177055,"comment_status":"","ping_status":"","sticky":false,"template":"","format":"standard","meta":{"footnotes":""},"categories":[174],"tags":[203,204,1537,90,89],"class_list":{"0":"post-177054","1":"post","2":"type-post","3":"status-publish","4":"format-standard","5":"has-post-thumbnail","7":"category-intrattenimento","8":"tag-entertainment","9":"tag-intrattenimento","10":"tag-it","11":"tag-italia","12":"tag-italy"},"share_on_mastodon":{"url":"https:\/\/pubeurope.com\/@it\/115413831224725474","error":""},"_links":{"self":[{"href":"https:\/\/www.europesays.com\/it\/wp-json\/wp\/v2\/posts\/177054","targetHints":{"allow":["GET"]}}],"collection":[{"href":"https:\/\/www.europesays.com\/it\/wp-json\/wp\/v2\/posts"}],"about":[{"href":"https:\/\/www.europesays.com\/it\/wp-json\/wp\/v2\/types\/post"}],"author":[{"embeddable":true,"href":"https:\/\/www.europesays.com\/it\/wp-json\/wp\/v2\/users\/3"}],"replies":[{"embeddable":true,"href":"https:\/\/www.europesays.com\/it\/wp-json\/wp\/v2\/comments?post=177054"}],"version-history":[{"count":0,"href":"https:\/\/www.europesays.com\/it\/wp-json\/wp\/v2\/posts\/177054\/revisions"}],"wp:featuredmedia":[{"embeddable":true,"href":"https:\/\/www.europesays.com\/it\/wp-json\/wp\/v2\/media\/177055"}],"wp:attachment":[{"href":"https:\/\/www.europesays.com\/it\/wp-json\/wp\/v2\/media?parent=177054"}],"wp:term":[{"taxonomy":"category","embeddable":true,"href":"https:\/\/www.europesays.com\/it\/wp-json\/wp\/v2\/categories?post=177054"},{"taxonomy":"post_tag","embeddable":true,"href":"https:\/\/www.europesays.com\/it\/wp-json\/wp\/v2\/tags?post=177054"}],"curies":[{"name":"wp","href":"https:\/\/api.w.org\/{rel}","templated":true}]}}