{"id":177088,"date":"2025-10-21T20:00:10","date_gmt":"2025-10-21T20:00:10","guid":{"rendered":"https:\/\/www.europesays.com\/it\/177088\/"},"modified":"2025-10-21T20:00:10","modified_gmt":"2025-10-21T20:00:10","slug":"luisa-ranieri-la-mia-preside-la-chiamavano-la-pazza-uneroina-del-nostro-tempo-che-ha-salvato-tante-vite","status":"publish","type":"post","link":"https:\/\/www.europesays.com\/it\/177088\/","title":{"rendered":"Luisa Ranieri: \u00abLa mia preside la chiamavano la pazza, un&#8217;eroina del nostro tempo che ha salvato tante vite\u00bb"},"content":{"rendered":"<p>    di<br \/>\n    Valerio Cappelli<\/p>\n<p class=\"summary-art is-line-h-12\">L&#8217;attrice interpreta (tinta di biondo)  la vera (straordinaria) storia della dirigente scolastica di Caivano Eugenia Carfora : \u00abNon \u00e8 un crime, il tono \u00e8 leggero\u00bb<\/p>\n<p class=\"chapter-paragraph\">Va a chiamarli sotto casa, uno ad uno, col megafono: \u00abSo che siete l\u00ec, vi aspetto a scuola\u00bb. Sembra una minaccia: \u00e8 la chiave della loro salvezza. Luisa Ranieri \u00e8 Eugenia Carfora, la dirigente scolastica che come primo incarico ha scelto un istituto di fronte a un grande centro di spaccio, a Caivano, poco lontano da Napoli. Una storia vera, un romanzo di formazione. Coprodotta da Alice nella citt\u00e0, sezione parallela alla Festa del Cinema che lo porter\u00e0 nelle scuole, La preside \u00e8 la serie di Luca Miniero: quattro puntate a gennaio su Rai 1, prodotto da Angelo Barbagallo e Luca Zingaretti, marito di una straordinaria Luisa Ranieri.<\/p>\n<p class=\"chapter-paragraph\"><b>Lei, cos\u00ec mediterranea, sfoggia un inedito biondo.<\/b>    &#13;<br \/>\n&#13;<br \/>\n&#13;<br \/>\n&#13;<br \/>\n&#13;<br \/>\n&#13;<br \/>\n&#13;<br \/>\n&#13;<br \/>\n&#13;<br \/>\n&#13;<br \/>\n&#13;<br \/>\n&#13;<br \/>\n&#13;<br \/>\n&#13;<br \/>\n&#13;<br \/>\n&#13;<br \/>\n&#13;<br \/>\n&#13;<br \/>\n&#13;<br \/>\n&#13;<br \/>\n&#13;<br \/>\n&#13;<br \/>\n&#13;<br \/>\n&#13;<br \/>\n&#13;<br \/>\n&#13;<br \/>\n&#13;<br \/>\n&#13;<br \/>\n&#13;<br \/>\n&#13;<br \/>\n&#13;<br \/>\n&#13;<br \/>\n&#13;<br \/>\n&#13;<br \/>\n&#13;<br \/>\n&#13;<br \/>\n&#13;<br \/>\n&#13;<br \/>\n&#13;<br \/>\n&#13;<br \/>\n&#13;<br \/>\n&#13;<br \/>\n&#13;<br \/>\n&#13;<br \/>\n&#13;<br \/>\n&#13;<br \/>\n&#13;<br \/>\n&#13;<br \/>\n&#13;<br \/>\n&#13;<br \/>\n&#13;<br \/>\n&#13;<br \/>\n&#13;\n<\/p>\n<p class=\"chapter-paragraph\">\u00abL\u2019ho voluto per omaggiare Eugenia. Ma pi\u00f9 importante \u00e8 la sua gestualit\u00e0, come muove le mani, i polsi in movimento, un\u2019energia quasi infantile\u00bb.<\/p>\n<p class=\"chapter-paragraph\"><b>Chi \u00e8 Eugenia? Una missionaria laica, una forza della natura?<\/b><\/p>\n<p class=\"chapter-paragraph\">\u00abUn\u2019eroina del nostro tempo che fa il suo lavoro bene, con amore. All\u2019inizio la chiamavano a pazza. Al liceo Ortese di Caivano c\u2019erano degrado, violenza fisica e psicologica, dispersione scolastica per cui su 700 ragazzi in classe entravano in 20,  telecamere a nascondere tossici e drogati\u00bb.<\/p>\n<p class=\"chapter-paragraph\"><b>E poi c\u2019\u00e8 il contesto familiare, che sovrappone la scuola allo Stato assente.<\/b><\/p>\n<p class=\"chapter-paragraph\">\u00abDa napoletana conosco bene la situazione, anche se io sono stata privilegiata. Ma le periferie sono piene di gente perbene\u00bb. <\/p>\n<p class=\"chapter-paragraph\"><b>La scuola di Caivano era deserta e il Comune  il deserto dei tartari.<\/b><\/p>\n<p class=\"chapter-paragraph\">\u00abGli unici che aiutano la pazza sono un carabiniere, che le consiglia di essere meno severa e pi\u00f9 morbida, e un altro professore. Laddove non esistevano n\u00e9 rispetto n\u00e9 legalit\u00e0, arriva questa donna che dice: non ho tempo, c\u2019\u00e8 tanto da fare, io voglio aiutare\u00bb.<\/p>\n<p class=\"chapter-paragraph\"><b>Arrivano telefonate anonime, le rompono lo specchietto<br \/>\ndell\u2019auto. <\/b><\/p>\n<p class=\"chapter-paragraph\">\u00abNon \u00e8 un biopic, e  la cornice crime non \u00e8 per niente centrale, abbiamo cercato toni leggeri ma non superficiali, caldi, appassionati. Quei ragazzi pensano, o meglio pensavano che per strada si imparano pi\u00f9 cose che a scuola. Sono loro il bene primario di Eugenia, questa sua visione \u00e8 un bel punto di partenza e di arrivo, per chi combatte in un territorio difficile. Ho sentito la responsabilit\u00e0 di dare luce e merito a questa donna, al suo coraggio di non arrendersi all\u2019incivilt\u00e0\u00bb.<\/p>\n<p class=\"chapter-paragraph\"><b>Un coraggio che rasenta la follia.<\/b><\/p>\n<p class=\"chapter-paragraph\">\u00abCome dice Maria Pia Ammirati di Rai Fiction, la scuola \u00e8 il primo luogo di ritrovo per amicizie, amori, contrasti, un punto ineludibile della nostra crescita e per la trasformazione del paese, il baluardo di una societ\u00e0 evoluta. Quella scuola era un microcosmo negativo, un centro di piccola criminalit\u00e0. Diventa palestra di un nuovo modo di vivere e di rappresentare la vita di ragazzi che vanno verso la vita adulta. C\u2019\u00e8 la prospettiva di una vita diversa, ma  i problemi in periferia restano\u00bb.<\/p>\n<p class=\"chapter-paragraph\">\u00abHo due figlie adolescenti e noto che quello che vivevo io al liceo lo vivono loro alle medie: l\u2019approccio al sesso, le difficolt\u00e0 relazionali. Noi genitori dovremmo frequentare di pi\u00f9 la scuola per capire cosa serve alle nuove generazioni\u00bb.<\/p>\n<p class=\"chapter-paragraph\"><b>Avete girato nella vera scuola?<\/b><\/p>\n<p class=\"chapter-paragraph\">\u00abNo, in un\u2019altra di periferia, perch\u00e9 quella vera Eugenia Carfora l\u2019ha trasformata. Oggi sembra un college svizzero, c\u2019\u00e8 pure un tunnel con i limoni della Costiera amalfitana, perch\u00e9 dice che i suoi allievi devono solo vedere il bello\u00bb.<\/p>\n<p class=\"chapter-paragraph\"><b>Ha incontrato la preside?<\/b><\/p>\n<p class=\"chapter-paragraph\">\u00abHo vissuto due giorni con lei. Se ne fregava che sono un\u2019attrice famosa. Ci siamo parlate poco, mi sono messa in disparte,  la sua ombra, volevo cogliere lo spirito che la muove, sono stata in ascolto a vedere il rapporto con gli studenti, l\u2019unica cosa che le interessa \u00e8 il loro bene,  vuole che tutti partecipino al sogno di restituire speranza. Ho cercato di empatizzare con lei. Ha un\u2019energia che travolge, \u00e8 la forza del singolo che pu\u00f2 cambiare il destino di tanti. Dice che non fa nulla di straordinario. Sulle testine delle sedie nell\u2019aula dei professori ha scritto: Vieni a scuola, la tua vita cambier\u00e0\u00bb.<\/p>\n<p class=\"is-last-update\" datetime=\"2025-10-21T19:06:18+02:00\">21 ottobre 2025<\/p>\n<p class=\"is-copyright\">\n            \u00a9 RIPRODUZIONE RISERVATA\n        <\/p>\n","protected":false},"excerpt":{"rendered":"di Valerio Cappelli L&#8217;attrice interpreta (tinta di biondo) la vera (straordinaria) storia della dirigente scolastica di Caivano Eugenia&hellip;\n","protected":false},"author":3,"featured_media":177089,"comment_status":"","ping_status":"","sticky":false,"template":"","format":"standard","meta":{"footnotes":""},"categories":[174],"tags":[2101,107676,107677,28239,107678,107679,83980,107680,107681,4240,107682,7738,45922,40257,107673,104,1330,56497,107675,15252,24570,2283,106993,1731,3566,203,69346,99491,107674,204,1537,90,89,15416,6991,29752,37324,22754,1354,14618,36633,7329,494,1699,2848,30414,30229,2061,1567,11394,2959,2475],"class_list":{"0":"post-177088","1":"post","2":"type-post","3":"status-publish","4":"format-standard","5":"has-post-thumbnail","7":"category-intrattenimento","8":"tag-adolescenti","9":"tag-adolescenti-noto","10":"tag-adolescenti-noto-vivevo","11":"tag-adulta","12":"tag-adulta-prospettiva","13":"tag-adulta-prospettiva-diversa","14":"tag-aiutano","15":"tag-aiutano-pazza","16":"tag-aiutano-pazza-carabiniere","17":"tag-aiutare","18":"tag-aiutare-arrivano","19":"tag-attrice","20":"tag-biondo","21":"tag-caivano","22":"tag-carfora","23":"tag-centro","24":"tag-cercato","25":"tag-chiamavano","26":"tag-chiamavano-pazza","27":"tag-coraggio","28":"tag-crime","29":"tag-dirigente","30":"tag-dirigente-scolastica","31":"tag-donna","32":"tag-energia","33":"tag-entertainment","34":"tag-eroina","35":"tag-eugenia","36":"tag-eugenia-carfora","37":"tag-intrattenimento","38":"tag-it","39":"tag-italia","40":"tag-italy","41":"tag-liceo","42":"tag-luca","43":"tag-luisa","44":"tag-luisa-ranieri","45":"tag-muove","46":"tag-ne","47":"tag-pazza","48":"tag-periferia","49":"tag-preside","50":"tag-punto","51":"tag-ragazzi","52":"tag-rai","53":"tag-ranieri","54":"tag-scolastica","55":"tag-scuola","56":"tag-storia","57":"tag-straordinaria","58":"tag-vedere","59":"tag-vera"},"share_on_mastodon":{"url":"","error":"Validation failed: Text character limit of 500 exceeded"},"_links":{"self":[{"href":"https:\/\/www.europesays.com\/it\/wp-json\/wp\/v2\/posts\/177088","targetHints":{"allow":["GET"]}}],"collection":[{"href":"https:\/\/www.europesays.com\/it\/wp-json\/wp\/v2\/posts"}],"about":[{"href":"https:\/\/www.europesays.com\/it\/wp-json\/wp\/v2\/types\/post"}],"author":[{"embeddable":true,"href":"https:\/\/www.europesays.com\/it\/wp-json\/wp\/v2\/users\/3"}],"replies":[{"embeddable":true,"href":"https:\/\/www.europesays.com\/it\/wp-json\/wp\/v2\/comments?post=177088"}],"version-history":[{"count":0,"href":"https:\/\/www.europesays.com\/it\/wp-json\/wp\/v2\/posts\/177088\/revisions"}],"wp:featuredmedia":[{"embeddable":true,"href":"https:\/\/www.europesays.com\/it\/wp-json\/wp\/v2\/media\/177089"}],"wp:attachment":[{"href":"https:\/\/www.europesays.com\/it\/wp-json\/wp\/v2\/media?parent=177088"}],"wp:term":[{"taxonomy":"category","embeddable":true,"href":"https:\/\/www.europesays.com\/it\/wp-json\/wp\/v2\/categories?post=177088"},{"taxonomy":"post_tag","embeddable":true,"href":"https:\/\/www.europesays.com\/it\/wp-json\/wp\/v2\/tags?post=177088"}],"curies":[{"name":"wp","href":"https:\/\/api.w.org\/{rel}","templated":true}]}}