{"id":177821,"date":"2025-10-22T07:33:17","date_gmt":"2025-10-22T07:33:17","guid":{"rendered":"https:\/\/www.europesays.com\/it\/177821\/"},"modified":"2025-10-22T07:33:17","modified_gmt":"2025-10-22T07:33:17","slug":"volley-femminile-la-igor-frena-ma-blinda-il-primato-e-allorizzonte-spunta-conegliano","status":"publish","type":"post","link":"https:\/\/www.europesays.com\/it\/177821\/","title":{"rendered":"Volley femminile, la Igor frena ma blinda il primato. E all\u2019orizzonte spunta Conegliano"},"content":{"rendered":"<p>\u00abSapevamo che sarebbe stato un campo ostico, ma del resto non esistono pi\u00f9 i campi facili. Ci prendiamo questi due punti e guardiamo al prossimo appuntamento, contro Conegliano\u00bb. La pensa cos\u00ec Lorenzo Bernardi, coach della Igor volley, il giorno dopo la trasferta sofferta, ma vittoriosa, delle azzurre nella nuova \u00abChoruslife arena\u00bb di Bergamo. <\/p>\n<p>\t\t\t<a href=\"https:\/\/www.lastampa.it\/novara\/2025\/10\/19\/news\/volley_femminile_la_igor_novara_va_sotto_poi_rimonta_e_vince_al_tie_break_a_bergamo-15359250\/\" rel=\"nofollow noopener\" target=\"_blank\">Volley femminile, la Igor Novara va sotto poi rimonta e vince al tie break a Bergamo<\/a><\/p>\n<p>\t\t\t\t<a href=\"https:\/\/www.lastampa.it\/autori\/marco_piatti\/\" rel=\"author nofollow noopener\" target=\"_blank\">Marco Piatti<\/a><\/p>\n<p>\t\t\t19 Ottobre 2025<\/p>\n<p>                <a href=\"https:\/\/www.lastampa.it\/novara\/2025\/10\/19\/news\/volley_femminile_la_igor_novara_va_sotto_poi_rimonta_e_vince_al_tie_break_a_bergamo-15359250\/\" rel=\"nofollow noopener\" target=\"_blank\"><\/p>\n<p>\t\t\t\t\t\t<img loading=\"lazy\" decoding=\"async\" src=\"https:\/\/www.europesays.com\/it\/wp-content\/uploads\/2025\/10\/182432204-f29e8600-8a6d-450c-a98e-fea21836533e.jpg\" alt=\"\" class=\"lazyload\" width=\"125\" height=\"125\"\/> <\/p>\n<p>                <\/a><\/p>\n<p>E sottolinea: \u00abCredo che domenica si siano viste un po\u2019 due partite in una: nei set vinti abbiamo giocato al nostro livello, tenendo la giusta intensit\u00e0 in tutti i fondamentali, mentre nei due persi ci \u00e8 mancata quell\u2019intensit\u00e0 soprattutto in difesa. Bergamo \u00e8 stata molto brava ad alzare il ritmo del proprio muro-difesa, noi abbiamo avuto la capacit\u00e0 di venirne fuori e di portare a casa una vittoria che vale tanto\u00bb. <\/p>\n<p>\t\t\t<a href=\"https:\/\/www.lastampa.it\/novara\/2025\/10\/17\/news\/volley_femminile_igor_primato_serie_a1_novara-15356486\/\" rel=\"nofollow noopener\" target=\"_blank\">Volley femminile, dopo sette anni la Igor riassapora il primato solitario della A1: \u201cTroppo presto\u201d<\/a><\/p>\n<p>\t\t\t\t<a href=\"https:\/\/www.lastampa.it\/autori\/marco_piatti\/\" rel=\"author nofollow noopener\" target=\"_blank\">Marco Piatti<\/a><\/p>\n<p>\t\t\t17 Ottobre 2025<\/p>\n<p>                <a href=\"https:\/\/www.lastampa.it\/novara\/2025\/10\/17\/news\/volley_femminile_igor_primato_serie_a1_novara-15356486\/\" rel=\"nofollow noopener\" target=\"_blank\"><\/p>\n<p>\t\t\t\t\t\t<img loading=\"lazy\" decoding=\"async\" src=\"https:\/\/www.europesays.com\/it\/wp-content\/uploads\/2025\/10\/154617415-e5b953db-3438-4a70-a90e-009344416496.jpg\" alt=\"\" class=\"lazyload\" width=\"125\" height=\"125\"\/> <\/p>\n<p>                <\/a><\/p>\n<p>Insomma, un match in altalena delle azzurre, partite bene nel primo set, ma incapaci poi di mantenere lo stesso ritmo nel secondo e terzo, davanti alle ragazze di Carlo Parisi che sono salite in cattedra iniziando a difendere l\u2019impossibile, e a murare ogni attacco di Novara. <\/p>\n<p>\t\t\t<a href=\"https:\/\/www.lastampa.it\/novara\/2025\/10\/15\/news\/volley_femminile_la_igor_si_sbarazza_anche_di_chieri_e_si_conferma_in_vetta_alla_a1-15353519\/\" rel=\"nofollow noopener\" target=\"_blank\">Volley femminile, la Igor si sbarazza anche di Chieri e si prende la vetta della A1 solitaria<\/a><\/p>\n<p>\t\t\t\t<a href=\"https:\/\/www.lastampa.it\/autori\/marco_piatti\/\" rel=\"author nofollow noopener\" target=\"_blank\">Marco Piatti<\/a><\/p>\n<p>\t\t\t15 Ottobre 2025<\/p>\n<p>                <a href=\"https:\/\/www.lastampa.it\/novara\/2025\/10\/15\/news\/volley_femminile_la_igor_si_sbarazza_anche_di_chieri_e_si_conferma_in_vetta_alla_a1-15353519\/\" rel=\"nofollow noopener\" target=\"_blank\"><\/p>\n<p>\t\t\t\t\t\t<img loading=\"lazy\" decoding=\"async\" src=\"https:\/\/www.europesays.com\/it\/wp-content\/uploads\/2025\/10\/205758641-b09d343a-6d4e-4fbd-8335-2ce30ef23639.jpg\" alt=\"\" class=\"lazyload\" width=\"125\" height=\"125\"\/> <\/p>\n<p>                <\/a><\/p>\n<p>Ma quando Bonifacio e compagne sembravano ormai in balia di Bergamo, \u00e8 tornata la corrente e la Igor \u00e8 rientrata, andando a vincere, anzi dominare il tie break. <strong>Due punti pesanti, che consentono di mantenere la vetta. Anche se Conegliano, domani sera nel recupero di Pinerolo, potrebbe appaiare in vetta le azzurre prima dello scontro diretto di sabato sera al PalaIgor<\/strong>. Conegliano che, tra l\u2019altro, sar\u00e0 privo di Zhu Ting, in partenza per la Cina dove parteciper\u00e0 ai \u00abChina national games\u00bb.  <\/p>\n<p>Compito pi\u00f9 arduo per le altre due \u00absorelle\u00bb, Scandicci e Milano, attese allo scontro diretto nel recupero di campionato, sempre domani sera e che quindi dovrebbero togliersi punti a vicenda. T<strong>ornando a domenica pomeriggio, \u00abintanto bisogna fare i complimenti a Bergamo, ha disputato una grande partita &#8211; commenta Britt Herbots &#8211; A un certo punto toccavano tutto in difesa e ci siamo innervosite sbagliando qualche pallone di troppo<\/strong>. Brave loro ma brave anche noi perch\u00e9 dal quarto set abbiamo cambiato marcia. Al tie break ci siamo dette \u201cbasta, ora giochiamo la nostra pallavolo\u201d e avete visto come \u00e8 finita. Ma questo \u00e8 il campionato italiano, c\u2019\u00e8 sempre da soffrire in ogni partita\u00bb. <\/p>\n<p><strong>La centrale statunitense Amber Igiede l\u2019ha vista cos\u00ec: \u00abCredo che Bergamo abbia davvero giocato una grande partita e da parte nostra sapevamo perfettamente che sarebbe stata complicata, come poi si \u00e8 rivelato sul campo. <\/strong>Abbiamo giocato da squadra, alla fine \u00e8 emerso il lavoro che abbiamo fatto nel corso della partita: ognuna di noi ha continuato a spingere fino a vincere le resistenze avversarie e a ribaltare una partita che si era messa in salita. Credo che nella fase intermedia del match ci siamo trovate un po\u2019 a corto di energie, che abbiamo invece ritrovato nel finale e questo ha fatto la differenza\u00bb. <\/p>\n","protected":false},"excerpt":{"rendered":"\u00abSapevamo che sarebbe stato un campo ostico, ma del resto non esistono pi\u00f9 i campi facili. Ci prendiamo&hellip;\n","protected":false},"author":3,"featured_media":177822,"comment_status":"","ping_status":"","sticky":false,"template":"","format":"standard","meta":{"footnotes":""},"categories":[1474],"tags":[1537,90,89,108088,245,244,1869],"class_list":{"0":"post-177821","1":"post","2":"type-post","3":"status-publish","4":"format-standard","5":"has-post-thumbnail","7":"category-volley","8":"tag-it","9":"tag-italia","10":"tag-italy","11":"tag-marco-piatti","12":"tag-sport","13":"tag-sports","14":"tag-volley"},"share_on_mastodon":{"url":"https:\/\/pubeurope.com\/@it\/115416662442191129","error":""},"_links":{"self":[{"href":"https:\/\/www.europesays.com\/it\/wp-json\/wp\/v2\/posts\/177821","targetHints":{"allow":["GET"]}}],"collection":[{"href":"https:\/\/www.europesays.com\/it\/wp-json\/wp\/v2\/posts"}],"about":[{"href":"https:\/\/www.europesays.com\/it\/wp-json\/wp\/v2\/types\/post"}],"author":[{"embeddable":true,"href":"https:\/\/www.europesays.com\/it\/wp-json\/wp\/v2\/users\/3"}],"replies":[{"embeddable":true,"href":"https:\/\/www.europesays.com\/it\/wp-json\/wp\/v2\/comments?post=177821"}],"version-history":[{"count":0,"href":"https:\/\/www.europesays.com\/it\/wp-json\/wp\/v2\/posts\/177821\/revisions"}],"wp:featuredmedia":[{"embeddable":true,"href":"https:\/\/www.europesays.com\/it\/wp-json\/wp\/v2\/media\/177822"}],"wp:attachment":[{"href":"https:\/\/www.europesays.com\/it\/wp-json\/wp\/v2\/media?parent=177821"}],"wp:term":[{"taxonomy":"category","embeddable":true,"href":"https:\/\/www.europesays.com\/it\/wp-json\/wp\/v2\/categories?post=177821"},{"taxonomy":"post_tag","embeddable":true,"href":"https:\/\/www.europesays.com\/it\/wp-json\/wp\/v2\/tags?post=177821"}],"curies":[{"name":"wp","href":"https:\/\/api.w.org\/{rel}","templated":true}]}}