{"id":178025,"date":"2025-10-22T10:10:10","date_gmt":"2025-10-22T10:10:10","guid":{"rendered":"https:\/\/www.europesays.com\/it\/178025\/"},"modified":"2025-10-22T10:10:10","modified_gmt":"2025-10-22T10:10:10","slug":"milano-accoltellata-al-volto-donna-di-62-anni-e-gravissima-in-ospedale-si-cerca-lex-marito","status":"publish","type":"post","link":"https:\/\/www.europesays.com\/it\/178025\/","title":{"rendered":"Milano, accoltellata al volto donna di 62 anni: \u00e8 gravissima in ospedale, si cerca l&#8217;ex marito"},"content":{"rendered":"<p>    di<br \/>\n    Cesare Giuzzi<\/p>\n<p class=\"summary-art is-line-h-12\">\u00c8 accaduto a Bruzzano, nell&#8217;hinterland. La vittima \u00e8 stata colpita anche alla gola e a una spalla. \u00c8 stata trasportata dal 118 in codice rosso al Niguarda. L\u2019ex marito \u00e8 stato visto allontanarsi in scooter<\/p>\n<p class=\"chapter-paragraph\">Una donna di 62 anni \u00e8 stata soccorsa in condizioni gravissime in via <b>Giuseppina Grassini a Bruzzano, nella zona nord di Milano<\/b>. La vittima avrebbe diverse ferite, molte all\u2019altezza del viso, provocate probabilmente da un coltello. <b>\u00c8 stata trasportata dal 118 in codice rosso al Niguarda: \u00e8 in pericolo di vita<\/b>.\u00a0<\/p>\n<p class=\"chapter-paragraph\">Sono stati gli agenti della polizia locale a soccorrerla intorno alle 9.50 di mercoled\u00ec 22 ottobre in strada, insanguinata.\u00a0<b>La vittima per\u00f2 potrebbe essere stata ferita in casa<\/b>, visto che abita poco lontano e poi scesa in strada a chiedere aiuto.\u00a0    &#13;<br \/>\n&#13;<br \/>\n&#13;<br \/>\n&#13;<br \/>\n&#13;<br \/>\n&#13;<br \/>\n&#13;<br \/>\n&#13;<br \/>\n&#13;<br \/>\n&#13;<br \/>\n&#13;<br \/>\n&#13;<br \/>\n&#13;<br \/>\n&#13;<br \/>\n&#13;<br \/>\n&#13;<br \/>\n&#13;<br \/>\n&#13;<br \/>\n&#13;<br \/>\n&#13;<br \/>\n&#13;<br \/>\n&#13;<br \/>\n&#13;<br \/>\n&#13;<br \/>\n&#13;<br \/>\n&#13;<br \/>\n&#13;<br \/>\n&#13;<br \/>\n&#13;<br \/>\n&#13;<br \/>\n&#13;<br \/>\n&#13;<br \/>\n&#13;<br \/>\n&#13;<br \/>\n&#13;<br \/>\n&#13;<br \/>\n&#13;<br \/>\n&#13;<br \/>\n&#13;<br \/>\n&#13;<br \/>\n&#13;<br \/>\n&#13;<br \/>\n&#13;<br \/>\n&#13;<br \/>\n&#13;<br \/>\n&#13;<br \/>\n&#13;<br \/>\n&#13;<br \/>\n&#13;<br \/>\n&#13;<br \/>\n&#13;<br \/>\n&#13;<br \/>\n&#13;\n<\/p>\n<p class=\"chapter-paragraph\">Le indagini sono affidate ai carabinieri che stanno cercando di ricostruire la dinamica dell\u2019aggressione. Gli inquirenti sono al lavoro anche per rintracciare l<b>\u2019ex marito della donna che sarebbe stato visto allontanarsi in scooter dopo l\u2019aggressione.<\/b><\/p>\n<p>APPROFONDISCI CON IL PODCAST<\/p>\n<p class=\"chapter-paragraph\">Articolo in aggiornamento&#8230;<\/p>\n<p class=\"is-mr-t-20 is-mr-b-20\"><b><br \/>\n                    <a href=\"https:\/\/milano.corriere.it\/?intcmp=Notizielocali_nd_010623_corriere_ss_milano\" target=\"_blank\" rel=\"nofollow noopener\">Vai a tutte le notizie di Milano<\/a><br \/>\n            <\/b><\/p>\n<p class=\"chapter-paragraph\"><b><a href=\"https:\/\/www.corriere.it\/newsletter\/?theme=41&amp;intcmp=IIIcolonna_NL_CorMilano\" target=\"_blank\" rel=\"nofollow noopener\">Iscriviti alla newsletter di Corriere Milano<\/a><\/b><\/p>\n<p class=\"is-last-update\" datetime=\"2025-10-22T12:00:38+02:00\">22 ottobre 2025 ( modifica il 22 ottobre 2025 | 12:00)<\/p>\n<p class=\"is-copyright\">\n            \u00a9 RIPRODUZIONE RISERVATA\n        <\/p>\n","protected":false},"excerpt":{"rendered":"di Cesare Giuzzi \u00c8 accaduto a Bruzzano, nell&#8217;hinterland. La vittima \u00e8 stata colpita anche alla gola e a&hellip;\n","protected":false},"author":3,"featured_media":178026,"comment_status":"","ping_status":"","sticky":false,"template":"","format":"standard","meta":{"footnotes":"","_share_on_mastodon":"0"},"categories":[79],"tags":[4593,13719,108183,54222,2565,15814,108184,14,93,94,1731,1537,90,89,7242,7,15,11,84,91,12,85,92,548],"class_list":["post-178025","post","type-post","status-publish","format-standard","has-post-thumbnail","category-italia","tag-aggressione","tag-allontanarsi","tag-allontanarsi-scooter","tag-bruzzano","tag-codice","tag-codice-rosso","tag-codice-rosso-niguarda","tag-cronaca","tag-cronaca-italiana","tag-cronacaitaliana","tag-donna","tag-it","tag-italia","tag-italy","tag-marito","tag-news","tag-notizie","tag-ultime-notizie","tag-ultime-notizie-e-news-di-oggi","tag-ultime-notizie-italia","tag-ultimenotizie","tag-ultimenotizieenewsdioggi","tag-ultimenotizieitalia","tag-vittima"],"share_on_mastodon":{"url":"https:\/\/pubeurope.com\/@it\/115417279721724154","error":""},"_links":{"self":[{"href":"https:\/\/www.europesays.com\/it\/wp-json\/wp\/v2\/posts\/178025","targetHints":{"allow":["GET"]}}],"collection":[{"href":"https:\/\/www.europesays.com\/it\/wp-json\/wp\/v2\/posts"}],"about":[{"href":"https:\/\/www.europesays.com\/it\/wp-json\/wp\/v2\/types\/post"}],"author":[{"embeddable":true,"href":"https:\/\/www.europesays.com\/it\/wp-json\/wp\/v2\/users\/3"}],"replies":[{"embeddable":true,"href":"https:\/\/www.europesays.com\/it\/wp-json\/wp\/v2\/comments?post=178025"}],"version-history":[{"count":0,"href":"https:\/\/www.europesays.com\/it\/wp-json\/wp\/v2\/posts\/178025\/revisions"}],"wp:featuredmedia":[{"embeddable":true,"href":"https:\/\/www.europesays.com\/it\/wp-json\/wp\/v2\/media\/178026"}],"wp:attachment":[{"href":"https:\/\/www.europesays.com\/it\/wp-json\/wp\/v2\/media?parent=178025"}],"wp:term":[{"taxonomy":"category","embeddable":true,"href":"https:\/\/www.europesays.com\/it\/wp-json\/wp\/v2\/categories?post=178025"},{"taxonomy":"post_tag","embeddable":true,"href":"https:\/\/www.europesays.com\/it\/wp-json\/wp\/v2\/tags?post=178025"}],"curies":[{"name":"wp","href":"https:\/\/api.w.org\/{rel}","templated":true}]}}