{"id":178110,"date":"2025-10-22T11:18:10","date_gmt":"2025-10-22T11:18:10","guid":{"rendered":"https:\/\/www.europesays.com\/it\/178110\/"},"modified":"2025-10-22T11:18:10","modified_gmt":"2025-10-22T11:18:10","slug":"sabatini-vergogna-napoli-e-con-linter-ora-e-drammatica-perche","status":"publish","type":"post","link":"https:\/\/www.europesays.com\/it\/178110\/","title":{"rendered":"Sabatini: &#8220;Vergogna Napoli. E con l&#8217;Inter ora \u00e8 drammatica perch\u00e9&#8230;&#8221;"},"content":{"rendered":"<p>Sandro Sabatini, giornalista, ha analizzato cos\u00ec la pesantissima sconfitta per 6-2 di ieri del Napoli di Antonio Conte<\/p>\n<p>Nel corso di un video sul suo canale YouTube, <strong>Sandro Sabatini<\/strong>, giornalista, ha analizzato cos\u00ec la pesantissima sconfitta per 6-2 di ieri <a href=\"https:\/\/www.fcinter1908.it\/news\/interviste\/napoli-sfogo-lang-conte\/\" rel=\"nofollow noopener\" target=\"_blank\">del Napoli<\/a> di Antonio Conte:\u00a0&#8220;Il problema per il Napoli o forse il riscatto possibile si chiama scontro diretto con l&#8217;Inter: solo che \u00e8 uno scontro diretto assolutamente impari.<\/p>\n<p>Non c&#8217;\u00e8 partita in questo momento, non c&#8217;\u00e8 assolutamente partita: da una parte c&#8217;\u00e8 un&#8217;Inter che \u00e8 una squadra agile, consapevole e attenta, dall&#8217;altra il Napoli che non \u00e8 stata una squadra. E&#8217; stata una disfatta. C&#8217;\u00e8 una parola che io uso molto raramente nel calcio perch\u00e9 non \u00e8 aderente al mio modo di pensare, ed \u00e8 &#8220;vergogna&#8221;: ma stavolta si fa fatica a non dire che il Napoli si deve anche un po&#8217; vergognare di quello che si \u00e8 visto.<\/p>\n","protected":false},"excerpt":{"rendered":"Sandro Sabatini, giornalista, ha analizzato cos\u00ec la pesantissima sconfitta per 6-2 di ieri del Napoli di Antonio Conte&hellip;\n","protected":false},"author":3,"featured_media":178111,"comment_status":"","ping_status":"","sticky":false,"template":"","format":"standard","meta":{"footnotes":""},"categories":[1452],"tags":[1960,14570,108221,108222,119,721,2790,7085,1740,350,1537,90,89,248,1290,29431,14857,108220,1739,245,244],"class_list":{"0":"post-178110","1":"post","2":"type-post","3":"status-publish","4":"format-standard","5":"has-post-thumbnail","7":"category-calcio","8":"tag-allenatore","9":"tag-analizzato","10":"tag-analizzato-pesantissima","11":"tag-analizzato-pesantissima-sconfitta","12":"tag-antonio","13":"tag-calcio","14":"tag-conte","15":"tag-diretto","16":"tag-football","17":"tag-inter","18":"tag-it","19":"tag-italia","20":"tag-italy","21":"tag-napoli","22":"tag-partita","23":"tag-sabatini","24":"tag-scontro","25":"tag-scontro-diretto","26":"tag-soccer","27":"tag-sport","28":"tag-sports"},"share_on_mastodon":{"url":"https:\/\/pubeurope.com\/@it\/115417547126329417","error":""},"_links":{"self":[{"href":"https:\/\/www.europesays.com\/it\/wp-json\/wp\/v2\/posts\/178110","targetHints":{"allow":["GET"]}}],"collection":[{"href":"https:\/\/www.europesays.com\/it\/wp-json\/wp\/v2\/posts"}],"about":[{"href":"https:\/\/www.europesays.com\/it\/wp-json\/wp\/v2\/types\/post"}],"author":[{"embeddable":true,"href":"https:\/\/www.europesays.com\/it\/wp-json\/wp\/v2\/users\/3"}],"replies":[{"embeddable":true,"href":"https:\/\/www.europesays.com\/it\/wp-json\/wp\/v2\/comments?post=178110"}],"version-history":[{"count":0,"href":"https:\/\/www.europesays.com\/it\/wp-json\/wp\/v2\/posts\/178110\/revisions"}],"wp:featuredmedia":[{"embeddable":true,"href":"https:\/\/www.europesays.com\/it\/wp-json\/wp\/v2\/media\/178111"}],"wp:attachment":[{"href":"https:\/\/www.europesays.com\/it\/wp-json\/wp\/v2\/media?parent=178110"}],"wp:term":[{"taxonomy":"category","embeddable":true,"href":"https:\/\/www.europesays.com\/it\/wp-json\/wp\/v2\/categories?post=178110"},{"taxonomy":"post_tag","embeddable":true,"href":"https:\/\/www.europesays.com\/it\/wp-json\/wp\/v2\/tags?post=178110"}],"curies":[{"name":"wp","href":"https:\/\/api.w.org\/{rel}","templated":true}]}}