{"id":178862,"date":"2025-10-22T20:53:10","date_gmt":"2025-10-22T20:53:10","guid":{"rendered":"https:\/\/www.europesays.com\/it\/178862\/"},"modified":"2025-10-22T20:53:10","modified_gmt":"2025-10-22T20:53:10","slug":"nina-perrini-10-anni-protagonista-della-finalissima","status":"publish","type":"post","link":"https:\/\/www.europesays.com\/it\/178862\/","title":{"rendered":"Nina Perrini, 10 anni, protagonista della finalissima"},"content":{"rendered":"<p>Tutto pronto per la finalissima di \u201cIo canto family\u201d il programma di Canale 5 condotto da Michelle Hunziker. L\u2019appuntamento \u00e8 nella prima serata di gioved\u00ec 23 ottobre e a giocarsi la vittoria ci sar\u00e0 anche la piccola pescarese Nina Perrini, 10 anni, che rappresenter\u00e0 tutto l\u2019Abruzzo sul palco cantando con la mamma Jessica Albini.\u00a0<\/p>\n<p>La giovane concorrente pescarese fa parte del team di Serena Brancale ed ha superato alla grande le varie selezioni, e la settimana scorsa la semifinale di un concorso che ha messo in evidenza delle promettenti individualit\u00e0.\u00a0<\/p>\n<p><a href=\"https:\/\/www.ilpescara.it\/social\/canale-whatsapp-ilpescara-ecco-come-iscriversi.html\" rel=\"nofollow noopener\" target=\"_blank\"><strong>Ricevi le notizie de IlPescara su Whatsapp<\/strong><\/a><\/p>\n<p>Tutti pronti a fare il tifo per Nina che gi\u00e0 si era fatta notare al Palamoda del centro Ibisco di Citt\u00e0 Sant\u2019Angelo in eventi come &#8220;Oltre la scena&#8221; e il Festival della Melodia. &#8220;Non possiamo dire nulla \u2013 dicono i familiari -: mamma e figlia sono molto emozionate, ma pronte a regalarci emozioni per un&#8217;esperienza che sicuramente lascer\u00e0 il segno\u201d.<\/p>\n","protected":false},"excerpt":{"rendered":"Tutto pronto per la finalissima di \u201cIo canto family\u201d il programma di Canale 5 condotto da Michelle Hunziker.&hellip;\n","protected":false},"author":3,"featured_media":178863,"comment_status":"","ping_status":"","sticky":false,"template":"","format":"standard","meta":{"footnotes":""},"categories":[1444],"tags":[16371,203,27587,204,1537,90,89,5704,253],"class_list":{"0":"post-178862","1":"post","2":"type-post","3":"status-publish","4":"format-standard","5":"has-post-thumbnail","7":"category-tv","8":"tag-cantanti","9":"tag-entertainment","10":"tag-finali","11":"tag-intrattenimento","12":"tag-it","13":"tag-italia","14":"tag-italy","15":"tag-programmi-tv","16":"tag-tv"},"share_on_mastodon":{"url":"https:\/\/pubeurope.com\/@it\/115419808124098803","error":""},"_links":{"self":[{"href":"https:\/\/www.europesays.com\/it\/wp-json\/wp\/v2\/posts\/178862","targetHints":{"allow":["GET"]}}],"collection":[{"href":"https:\/\/www.europesays.com\/it\/wp-json\/wp\/v2\/posts"}],"about":[{"href":"https:\/\/www.europesays.com\/it\/wp-json\/wp\/v2\/types\/post"}],"author":[{"embeddable":true,"href":"https:\/\/www.europesays.com\/it\/wp-json\/wp\/v2\/users\/3"}],"replies":[{"embeddable":true,"href":"https:\/\/www.europesays.com\/it\/wp-json\/wp\/v2\/comments?post=178862"}],"version-history":[{"count":0,"href":"https:\/\/www.europesays.com\/it\/wp-json\/wp\/v2\/posts\/178862\/revisions"}],"wp:featuredmedia":[{"embeddable":true,"href":"https:\/\/www.europesays.com\/it\/wp-json\/wp\/v2\/media\/178863"}],"wp:attachment":[{"href":"https:\/\/www.europesays.com\/it\/wp-json\/wp\/v2\/media?parent=178862"}],"wp:term":[{"taxonomy":"category","embeddable":true,"href":"https:\/\/www.europesays.com\/it\/wp-json\/wp\/v2\/categories?post=178862"},{"taxonomy":"post_tag","embeddable":true,"href":"https:\/\/www.europesays.com\/it\/wp-json\/wp\/v2\/tags?post=178862"}],"curies":[{"name":"wp","href":"https:\/\/api.w.org\/{rel}","templated":true}]}}