{"id":179054,"date":"2025-10-22T23:32:13","date_gmt":"2025-10-22T23:32:13","guid":{"rendered":"https:\/\/www.europesays.com\/it\/179054\/"},"modified":"2025-10-22T23:32:13","modified_gmt":"2025-10-22T23:32:13","slug":"gabellini-io-capitano-19enne-a-superga-e-la-lezione-del-grande-torino","status":"publish","type":"post","link":"https:\/\/www.europesays.com\/it\/179054\/","title":{"rendered":"Gabellini: \u201cIo, capitano 19enne a Superga e la lezione del Grande Torino\u201d"},"content":{"rendered":"<p>\u00c8 una festa, ma \u00e8 soprattutto una lezione di vita granata. Ogni anno l\u2019intero settore giovanile del Toro si ritrova a Superga per onorare il Grande Torino e farsi ispirare dai valori degli Invincibili: \u00e8 un piccolo rito di iniziazione che si conclude con la lettura dei nomi delle 31 vittime. Un onore che tocca al capitano della Primavera e nella voce di Tommaso Gabellini, fresco 19enne, si sente ancora l\u2019emozione provata di fronte alla lapide.  <\/p>\n<p><strong>Gabellini, quale sentimento si prova in un momento cos\u00ec?<\/strong> <br \/>\u00abOrgoglio. Senti la responsabilit\u00e0, ma ho pensato anche alla mia famiglia e a tutti i sacrifici fatti per me. Mi rester\u00e0 dentro: non capita tutti i giorni\u00bb. <\/p>\n<p><strong>Tremano le gambe?<\/strong> <br \/>\u00abUn pochino s\u00ec, poi quando inizi e leggi \u201cI campioni d\u2019Italia\u201d, allora ti sciogli e vai\u00bb. <\/p>\n<p><strong>Tremavano di pi\u00f9 al debutto in A lo scorso 25 maggio?<\/strong> <br \/>\u00ab\u00c8 diverso: l\u00ec stavo giocando a calcio, che \u00e8 la mia passione e il mio divertimento. Per\u00f2 io non ho ancora fatto nulla: cerco di dare il massimo per costruire il mio futuro\u00bb. <\/p>\n<p><strong>Nel futuro c\u2019\u00e8 anche quello di tornare a leggerla da capitano in un prossimo 4 maggio?<\/strong> <br \/>\u00ab\u00c8 un sogno e ne parlavo proprio a Superga con Don Robella, il cappellano granata\u00bb. <\/p>\n<p><strong>Come si \u00e8 preparato?<\/strong> <br \/>\u00abHo osservato, poi il dirigente Denis Morino mi ha aiutato per le pronunce dei nomi stranieri: ci tenevo a rispettare una storia unica. A Superga ero gi\u00e0 salito, la prima volta \u00e8 stata da aggregato alla prima squadra il 4 maggio 2024, e l\u00ec ho capito che cosa \u00e8 il Grande Torino. \u00c8 un brivido che ti rimane dentro per sempre\u00bb. <\/p>\n<p><strong>Qual \u00e8 il giocatore che l\u2019ha colpita di pi\u00f9?<\/strong> <br \/>\u00abValentino Mazzola, il capitano. Poi a Orbassano giochiamo sul campo a lui dedicato\u00bb. <\/p>\n<p><strong>Lei ha segnato il primo gol stagionale del Toro, nell\u2019amichevole contro l\u2019Ingolstadt, e spesso si allena nel Filadelfia dove il Grande Torino \u00e8 diventato leggenda&#8230;<\/strong> <br \/>\u00ab\u00c8 straordinario e bellissimo, un\u2019emozione davvero unica\u00bb. <\/p>\n<p>\t\t\tL\u2019INTERVISTA<\/p>\n<p>\t\t\t<a href=\"https:\/\/www.lastampa.it\/sport\/2025\/10\/20\/news\/francesco_graziani_simeone_ha_dentro_lo_spirito_del_toro_sembra_cresciuto_al_filadelfia-15359509\/\" rel=\"nofollow noopener\" target=\"_blank\">Francesco Graziani: \u201cSimeone ha dentro lo spirito del Toro. Sembra cresciuto al Filadelfia\u201d<\/a><\/p>\n<p>\t\t\t\t<a href=\"https:\/\/www.lastampa.it\/autori\/gianluca_oddenino\/\" rel=\"author nofollow noopener\" target=\"_blank\">Gianluca Oddenino<\/a><\/p>\n<p>\t\t\t19 Ottobre 2025<\/p>\n<p>                <a href=\"https:\/\/www.lastampa.it\/sport\/2025\/10\/20\/news\/francesco_graziani_simeone_ha_dentro_lo_spirito_del_toro_sembra_cresciuto_al_filadelfia-15359509\/\" rel=\"nofollow noopener\" target=\"_blank\"><\/p>\n<p>\t\t\t\t\t\t<img loading=\"lazy\" decoding=\"async\" src=\"https:\/\/www.europesays.com\/it\/wp-content\/uploads\/2025\/10\/215601130-b244bd22-b707-4f54-9dab-d27e8c4ee93f.jpg\" alt=\"\" class=\"lazyload\" width=\"125\" height=\"125\"\/> <\/p>\n<p>                <\/a><\/p>\n<p><strong>Che cosa vuol dire il Grande Torino, scomparso 76 anni fa, per chi \u00e8 nato nel 2006?<\/strong> <br \/>\u00ab\u00c8 stata una squadra fenomenale, ma \u00e8 stato anche un esempio. Chi gioca nel Toro deve capire che cosa sono stati gli Invincibili per dare qualcosa in pi\u00f9 sul campo: per noi, ma anche per loro. Ecco perch\u00e9 ritrovarsi a Superga con tutto il vivaio \u00e8 fondamentale per comprendere dove sei\u00bb. <\/p>\n<p><strong>Lei \u00e8 di Misano&#8230;<\/strong> <br \/>\u00abCredo di essere uno dei pochi a non andare in moto dalle mie parti (sorride, ndr)&#8230;\u00bb. <\/p>\n<p><strong>Che cosa ha capito del Toro?<\/strong> <br \/>\u00abChe \u00e8 una famiglia: quando sono arrivato mi hanno trattato come un figlio, mentre i compagni sono diventati i miei fratelli. Giocavo nel Cesena e nel gennaio 2023 pap\u00e0 mi ha detto che sarei andato a Torino: mi \u00e8 cambiato il mondo e non \u00e8 stato facile all\u2019inizio andare via di casa a 16 anni\u00bb. <\/p>\n<p><strong>C\u2019\u00e8 stata una raccomandazione di mamma e pap\u00e0?<\/strong> <br \/>\u00abDi studiare e di finire la scuola. Sono riuscito a prendere la maturit\u00e0 all\u2019istituto tecnico: era importante per me, la mia famiglia e la societ\u00e0. Vale pi\u00f9 di un gol in Serie A\u00bb. <\/p>\n<p>\t\t\t<a href=\"https:\/\/www.lastampa.it\/sport\/2025\/10\/21\/news\/toro_terza_maglia_river_plate_simeon-15361563\/\" rel=\"nofollow noopener\" target=\"_blank\">Il Toro omaggia il River Plate: terza maglia per celebrare l\u2019Eterna Amistad<\/a><\/p>\n<p>\t\t\t\t<a href=\"https:\/\/www.lastampa.it\/autori\/gianluca_oddenino\/\" rel=\"author nofollow noopener\" target=\"_blank\">Gianluca Oddenino<\/a><\/p>\n<p>\t\t\t21 Ottobre 2025<\/p>\n<p>                <a href=\"https:\/\/www.lastampa.it\/sport\/2025\/10\/21\/news\/toro_terza_maglia_river_plate_simeon-15361563\/\" rel=\"nofollow noopener\" target=\"_blank\"><\/p>\n<p>\t\t\t\t\t\t<img loading=\"lazy\" decoding=\"async\" src=\"https:\/\/www.europesays.com\/it\/wp-content\/uploads\/2025\/10\/121311490-66094f45-d9c9-4c16-a859-7fd9f6e627fd.jpg\" alt=\"\" class=\"lazyload\" width=\"125\" height=\"125\"\/> <\/p>\n<p>                <\/a><\/p>\n<p><strong>Il Toro era nel destino? Il suo agente \u00e8 il figlio di Pecci&#8230;<\/strong> <br \/>\u00abEraldo mi racconta sempre cose divertenti, ma lo ascolto bene quando parla di Toro\u00bb. <\/p>\n<p><strong>Nel suo ruolo di attaccante pu\u00f2 prendere ispirazione da Zapata, Simeone e Adams&#8230;<\/strong> <br \/>\u00abSono grandissimi giocatori e hanno lo spirito Toro, ma anche altri me l\u2019hanno trasmesso nel ritiro di quest\u2019estate. Sono un ragazzo tranquillo, ma in campo mi trasformo e cerco di tirare fuori il Toro che ho dentro di me\u00bb. <\/p>\n<p><strong>Simeone va spesso a Superga da solo e dice di trovare pace.<\/strong> <br \/>\u00abHa ragione. Io ci sono andato anche con la mia ragazza: nonostante la tragedia, quel luogo d\u00e0 serenit\u00e0 perch\u00e9 c\u2019\u00e8 silenzio e accoglienza\u00bb. <\/p>\n<p><strong>E com\u2019\u00e8 viverlo il 4 maggio?<\/strong> <br \/>\u00ab\u00c8 incredibile. Anche grazie ai tifosi ho capito che cosa \u00e8 il Toro e quanto \u00e8 importante. Nessuna squadra ha una storia cos\u00ec\u00bb. <\/p>\n","protected":false},"excerpt":{"rendered":"\u00c8 una festa, ma \u00e8 soprattutto una lezione di vita granata. Ogni anno l\u2019intero settore giovanile del Toro&hellip;\n","protected":false},"author":3,"featured_media":179055,"comment_status":"","ping_status":"","sticky":false,"template":"","format":"standard","meta":{"footnotes":""},"categories":[1452],"tags":[721,1740,88304,1537,90,89,24873,1739,245,244,24874],"class_list":{"0":"post-179054","1":"post","2":"type-post","3":"status-publish","4":"format-standard","5":"has-post-thumbnail","7":"category-calcio","8":"tag-calcio","9":"tag-football","10":"tag-gianluca-oddenino","11":"tag-it","12":"tag-italia","13":"tag-italy","14":"tag-qui-toro","15":"tag-soccer","16":"tag-sport","17":"tag-sports","18":"tag-torino-calcio"},"share_on_mastodon":{"url":"https:\/\/pubeurope.com\/@it\/115420433514207205","error":""},"_links":{"self":[{"href":"https:\/\/www.europesays.com\/it\/wp-json\/wp\/v2\/posts\/179054","targetHints":{"allow":["GET"]}}],"collection":[{"href":"https:\/\/www.europesays.com\/it\/wp-json\/wp\/v2\/posts"}],"about":[{"href":"https:\/\/www.europesays.com\/it\/wp-json\/wp\/v2\/types\/post"}],"author":[{"embeddable":true,"href":"https:\/\/www.europesays.com\/it\/wp-json\/wp\/v2\/users\/3"}],"replies":[{"embeddable":true,"href":"https:\/\/www.europesays.com\/it\/wp-json\/wp\/v2\/comments?post=179054"}],"version-history":[{"count":0,"href":"https:\/\/www.europesays.com\/it\/wp-json\/wp\/v2\/posts\/179054\/revisions"}],"wp:featuredmedia":[{"embeddable":true,"href":"https:\/\/www.europesays.com\/it\/wp-json\/wp\/v2\/media\/179055"}],"wp:attachment":[{"href":"https:\/\/www.europesays.com\/it\/wp-json\/wp\/v2\/media?parent=179054"}],"wp:term":[{"taxonomy":"category","embeddable":true,"href":"https:\/\/www.europesays.com\/it\/wp-json\/wp\/v2\/categories?post=179054"},{"taxonomy":"post_tag","embeddable":true,"href":"https:\/\/www.europesays.com\/it\/wp-json\/wp\/v2\/tags?post=179054"}],"curies":[{"name":"wp","href":"https:\/\/api.w.org\/{rel}","templated":true}]}}