{"id":179108,"date":"2025-10-23T00:11:15","date_gmt":"2025-10-23T00:11:15","guid":{"rendered":"https:\/\/www.europesays.com\/it\/179108\/"},"modified":"2025-10-23T00:11:15","modified_gmt":"2025-10-23T00:11:15","slug":"kharkiv-drone-russo-sullasilo-in-pieno-giorno-nella-regione-di-kiev-uccisi-un-12enne-e-una-neonata-zelensky-uno-sputo-in-faccia-alla-pace","status":"publish","type":"post","link":"https:\/\/www.europesays.com\/it\/179108\/","title":{"rendered":"Kharkiv, drone russo sull&#8217;asilo in pieno giorno. Nella regione di Kiev uccisi un 12enne e una neonata. Zelensky: \u00abUno sputo in faccia alla pace\u00bb"},"content":{"rendered":"<p>    di<br \/>\n    Marta Serafini<\/p>\n<p class=\"summary-art is-line-h-12\">Attacco russo nella mattinata di mercoled\u00ec: evacuati i bambini che si trovavano nella scuola materna. Il leader ucraino: \u00abMostrano acuti segni di stress\u00bb. Sei le vittime in tutto il Paese, colpita anche la capitale<\/p>\n<p class=\"chapter-paragraph\">Un <b>asilo <\/b>colpito in pieno giorno durante le ore di lezione. Succede a <b>Kharkiv<\/b>, dove il sindaco\u00a0Igor Terekhov ha fatto sapere che il drone russo ha causato la morte di una persona e il ferimento di altre cinque.\u00a0<\/p>\n<p class=\"chapter-paragraph\"><a href=\"https:\/\/www.corriere.it\/esteri\/diretta-live\/25_ottobre_22\/ucraina-russia-le-notizie-sul-conflitto-in-diretta-la-casa-bianca-escluso-un-incontro-trump-putin-a-breve-europa-e-kiev.shtml\" title=\"Ucraina - Russia, le notizie sul conflitto in diretta | Zelensky: \u00abCongelare la guerra sull&#039;attuale linea del fronte \u00e8 un buon compromesso\u00bb. Drone russo su un asilo a Kharkiv: bimbi feriti\" rel=\"nofollow noopener\" target=\"_blank\">Ucraina-Russia, le ultime notizie<\/a>    &#13;<br \/>\n&#13;<br \/>\n&#13;<br \/>\n&#13;<br \/>\n&#13;<br \/>\n&#13;<br \/>\n&#13;<br \/>\n&#13;<br \/>\n&#13;<br \/>\n&#13;<br \/>\n&#13;<br \/>\n&#13;<br \/>\n&#13;<br \/>\n&#13;<br \/>\n&#13;<br \/>\n&#13;<br \/>\n&#13;<br \/>\n&#13;<br \/>\n&#13;<br \/>\n&#13;<br \/>\n&#13;<br \/>\n&#13;<br \/>\n&#13;<br \/>\n&#13;<br \/>\n&#13;<br \/>\n&#13;<br \/>\n&#13;<br \/>\n&#13;<br \/>\n&#13;<br \/>\n&#13;<br \/>\n&#13;<br \/>\n&#13;<br \/>\n&#13;<br \/>\n&#13;<br \/>\n&#13;<br \/>\n&#13;<br \/>\n&#13;<br \/>\n&#13;<br \/>\n&#13;<br \/>\n&#13;<br \/>\n&#13;<br \/>\n&#13;<br \/>\n&#13;<br \/>\n&#13;<br \/>\n&#13;<br \/>\n&#13;<br \/>\n&#13;<br \/>\n&#13;<br \/>\n&#13;<br \/>\n&#13;<br \/>\n&#13;<br \/>\n&#13;<br \/>\n&#13;\n<\/p>\n<p class=\"chapter-paragraph\"><b>Mentre sono ancora in corso le operazioni di evacuazione e le immagini mostrano i pompieri ucraini portare fuori i bambini in braccio per metterli in salvo<\/b>, il presidente Zelensky definisce l&#8217;attacco uno <b>\u00absputo in faccia\u00bb da parte della Russia<\/b> a chi vuole una soluzione pacifica alla guerra in Ucraina.\u00a0\u00abAl momento, sette persone sono rimaste ferite e stanno ricevendo cure mediche\u00bb, ha riferito il leader ucraino. \u00abTutti i bambini sono stati evacuati e si trovano ora in rifugi. <b>I primi rapporti indicano che molti stanno manifestando reazioni acute da stress. <\/b>Non c&#8217;\u00e8 alcuna giustificazione per un attacco con un drone su un asilo, n\u00e9 potr\u00e0 mai essercene\u00bb, ha continuato Zelensky. \u00ab\u00c8 chiaro che la Russia sta diventando sempre pi\u00f9 sfacciata. I criminali e <b>i terroristi possono essere rimessi al loro posto solo con la forza\u00bb<\/b>, ha concluso il presidente ucraino.<\/p>\n<p class=\"chapter-paragraph\">E sono almeno sei le vittime della <a href=\"https:\/\/www.corriere.it\/esteri\/diretta-live\/25_ottobre_22\/ucraina-russia-le-notizie-sul-conflitto-in-diretta-la-casa-bianca-escluso-un-incontro-trump-putin-a-breve-europa-e-kiev.shtml\" rel=\"nofollow noopener\" target=\"_blank\">nuova ondata di attacchi russi<\/a> che hanno causato interruzioni di corrente in tutta l&#8217;Ucraina e hanno colpito Kiev mercoled\u00ec, mentre Zelensky \u00e8 in Svezia per un accordo sull&#8217;esportazione di armi.\u00a0<b>Due di loro sono minori,\u00a0 un bambino di 12 anni e una neonata, uccisi nella regione di Kiev.\u00a0<\/b><\/p>\n<p class=\"chapter-paragraph\">Questi attacchi giungono mentre il presidente degli Stati Uniti Donald Trump ha rinviato a tempo indeterminato il suo incontro con il suo omologo russo Vladimir Putin, affermando di non voler <b>colloqui \u00abinutili\u00bb<\/b>. I due leader avevano programmato di incontrarsi a <b>Budapest<\/b> per cercare di trovare una soluzione alla guerra in Ucraina.\u00a0<\/p>\n<p>APPROFONDISCI CON IL PODCAST<\/p>\n<p class=\"chapter-paragraph\">La Russia ha intensificato i suoi attacchi alla rete elettrica e alle infrastrutture del gas in Ucraina per settimane, causando regolarmente interruzioni di corrente con l&#8217;avvicinarsi dell&#8217;inverno. In seguito ai bombardamenti notturni, il Ministero dell&#8217;Energia ucraino ha annunciato<b> interruzioni di corrente di emergenza nella \u00abmaggior parte delle regioni\u00bb<\/b>. \u00abSono iniziati i lavori di riparazione d&#8217;urgenza dove la situazione di sicurezza lo consente\u00bb, ha aggiunto.\u00a0<\/p>\n<p class=\"chapter-paragraph\">Durante la notte, i giornalisti dell&#8217;Afp a Kiev hanno sentito<b> circa dieci esplosioni<\/b> e hanno visto una colonna di fumo alzarsi sopra la capitale, dove due persone sono state uccise, secondo il sindaco Vitali Klitschko. \u00abC&#8217;\u00e8 stato un rumore (di un drone) che ha accelerato improvvisamente, seguito da un boato. Sono saltata in piedi (&#8230;) le finestre si sono frantumate\u00bb, ha riferito all&#8217;Afp Mariana Gorchenko, un&#8217;odontotecnica di 41 anni.\u00a0<\/p>\n<p class=\"chapter-paragraph\">Denunciando i \u00abbrutali attacchi\u00bb, il ministro degli Esteri ucraino Andrii Sybiga ha invitato gli alleati di Kiev a fornire finanziamenti, sistemi di difesa aerea e attrezzature per riparare i danni. \u00ab\u00c8 ora di abbandonare le illusioni e mostrare fermezza\u00bb, ha dichiarato su X, insistendo anche su \u00absanzioni severe\u00bb e sul sequestro dei beni russi congelati in Europa.\u00a0<\/p>\n<p class=\"chapter-paragraph\"><b>A settembre<\/b>,\u00a0<b>almeno 214 civili sono stati uccisi e 916 feriti, con cifre simili ad agosto 2025, tra cui 4 bambini uccisi e 33 feriti<\/b>. Il 69% di queste vittime si \u00e8 verificato vicino alla linea del fronte, in particolare nelle regioni di Donetsk e Kherson. Gli attacchi alle strutture energetiche sono aumentati dal 37% al 102% su base annua.<\/p>\n<p class=\"is-last-update\" datetime=\"2025-10-22T16:56:39+02:00\">22 ottobre 2025 ( modifica il 22 ottobre 2025 | 16:56)<\/p>\n<p class=\"is-copyright\">\n            \u00a9 RIPRODUZIONE RISERVATA\n        <\/p>\n","protected":false},"excerpt":{"rendered":"di Marta Serafini Attacco russo nella mattinata di mercoled\u00ec: evacuati i bambini che si trovavano nella scuola materna.&hellip;\n","protected":false},"author":3,"featured_media":179109,"comment_status":"","ping_status":"","sticky":false,"template":"","format":"standard","meta":{"footnotes":""},"categories":[160],"tags":[910,839,23735,787,765,788,392,7500,433,6691,14,164,165,4125,18253,108757,826,77,3576,65788,108756,4553,400,381,21952,4559,166,11798,15771,7,15,135,111,56633,137,795,4477,171,388,6451,170,4472,11,167,12,168,838,161,162,163,4473],"class_list":{"0":"post-179108","1":"post","2":"type-post","3":"status-publish","4":"format-standard","5":"has-post-thumbnail","7":"category-mondo","8":"tag-afp","9":"tag-almeno","10":"tag-asilo","11":"tag-attacchi","12":"tag-attacco","13":"tag-bambini","14":"tag-capitale","15":"tag-causato","16":"tag-colpito","17":"tag-corrente","18":"tag-cronaca","19":"tag-dal-mondo","20":"tag-dalmondo","21":"tag-drone","22":"tag-drone-russo","23":"tag-evacuati","24":"tag-feriti","25":"tag-guerra","26":"tag-guerra-ucraina","27":"tag-interruzioni","28":"tag-interruzioni-corrente","29":"tag-kharkiv","30":"tag-kiev","31":"tag-leader","32":"tag-leader-ucraino","33":"tag-mercoledi","34":"tag-mondo","35":"tag-mostrano","36":"tag-neonata","37":"tag-news","38":"tag-notizie","39":"tag-presidente","40":"tag-regione","41":"tag-regione-kiev","42":"tag-regioni","43":"tag-riferito","44":"tag-russi","45":"tag-russia","46":"tag-russo","47":"tag-uccisi","48":"tag-ucraina","49":"tag-ucraino","50":"tag-ultime-notizie","51":"tag-ultime-notizie-di-mondo","52":"tag-ultimenotizie","53":"tag-ultimenotiziedimondo","54":"tag-vittime","55":"tag-world","56":"tag-world-news","57":"tag-worldnews","58":"tag-zelensky"},"share_on_mastodon":{"url":"","error":"Validation failed: Text character limit of 500 exceeded"},"_links":{"self":[{"href":"https:\/\/www.europesays.com\/it\/wp-json\/wp\/v2\/posts\/179108","targetHints":{"allow":["GET"]}}],"collection":[{"href":"https:\/\/www.europesays.com\/it\/wp-json\/wp\/v2\/posts"}],"about":[{"href":"https:\/\/www.europesays.com\/it\/wp-json\/wp\/v2\/types\/post"}],"author":[{"embeddable":true,"href":"https:\/\/www.europesays.com\/it\/wp-json\/wp\/v2\/users\/3"}],"replies":[{"embeddable":true,"href":"https:\/\/www.europesays.com\/it\/wp-json\/wp\/v2\/comments?post=179108"}],"version-history":[{"count":0,"href":"https:\/\/www.europesays.com\/it\/wp-json\/wp\/v2\/posts\/179108\/revisions"}],"wp:featuredmedia":[{"embeddable":true,"href":"https:\/\/www.europesays.com\/it\/wp-json\/wp\/v2\/media\/179109"}],"wp:attachment":[{"href":"https:\/\/www.europesays.com\/it\/wp-json\/wp\/v2\/media?parent=179108"}],"wp:term":[{"taxonomy":"category","embeddable":true,"href":"https:\/\/www.europesays.com\/it\/wp-json\/wp\/v2\/categories?post=179108"},{"taxonomy":"post_tag","embeddable":true,"href":"https:\/\/www.europesays.com\/it\/wp-json\/wp\/v2\/tags?post=179108"}],"curies":[{"name":"wp","href":"https:\/\/api.w.org\/{rel}","templated":true}]}}