{"id":179134,"date":"2025-10-23T00:35:14","date_gmt":"2025-10-23T00:35:14","guid":{"rendered":"https:\/\/www.europesays.com\/it\/179134\/"},"modified":"2025-10-23T00:35:14","modified_gmt":"2025-10-23T00:35:14","slug":"benedetta-mazza-si-confessa-8-scontro-tra-mary-e-nello-75","status":"publish","type":"post","link":"https:\/\/www.europesays.com\/it\/179134\/","title":{"rendered":"Benedetta Mazza si confessa (8), scontro tra Mary e Nello (7,5)"},"content":{"rendered":"<p data-start=\"120\" data-end=\"813\">Nel pomeriggio del 22 ottobre, La Volta Buona con <strong data-start=\"194\" data-end=\"213\">Caterina Balivo<\/strong> ha portato sul piccolo schermo una puntata densa di emozioni e riflessioni. Al centro del dibattito: il <strong>corpo<\/strong>, la percezione di s\u00e9, le <strong>trasformazioni<\/strong> <strong>fisiche<\/strong> e l\u2019eterna battaglia tra accettazione e giudizio. Dalla storia di <strong>chi ha perso decine di chili<\/strong> fino a chi, invece, si \u00e8 ritrovato sotto attacco proprio per essere cambiato, la Balivo ha costruito un mosaico di testimonianze vere, intense e a tratti scomode. In studio si sono alternati<strong> volti amatissimi<\/strong> e nuove voci, ma tutte accomunate da un filo conduttore: la ricerca dell\u2019equilibrio tra ci\u00f2 che si \u00e8 e ci\u00f2 che gli altri si aspettano.<\/p>\n<p><strong data-start=\"820\" data-end=\"843\">Benedetta Mazza, vulnerabilit\u00e0 e pressione sociale. Voto: 8<\/strong><\/p>\n<p data-start=\"820\" data-end=\"2118\">\u00c8 una delle donne pi\u00f9 solari della televisione italiana, ma dietro al suo sorriso si nasconde una storia che molte spettatrici possono comprendere. <a href=\"https:\/\/dilei.it\/star-e-vip\/benedetta-mazza\/\" rel=\"nofollow noopener\" target=\"_blank\">Benedetta Mazza<\/a>, ex Miss Italia e conduttrice, ha raccontato con grande sincerit\u00e0 la propria trasformazione fisica: \u201cHo perso 15 chili\u201d, ha confessato durante la puntata de La Volta Buona, \u201cma paradossalmente \u00e8 stato peggio dopo\u201d.<\/p>\n<p data-start=\"820\" data-end=\"2118\">Benedetta ha voluto chiarire che la sua <strong>perdita di peso<\/strong> non \u00e8 stata frutto di un piano estetico, ma di un periodo complesso, segnato dallo stress e da problemi di salute. Nonostante ci\u00f2, la reazione del pubblico non \u00e8 stata quella che ci si aspetterebbe: \u201cQuando ero pi\u00f9 in carne arrivavano critiche, ma dopo aver perso peso<strong> \u00e8 stato anche peggio<\/strong>. Non ti viene perdonata la trasformazione\u201d.<\/p>\n<p data-start=\"820\" data-end=\"2118\">Le sue parole hanno colpito nel segno. In un\u2019epoca in cui l\u2019immagine pubblica sembra definire il valore di una persona, Benedetta ha riportato il discorso su un piano pi\u00f9 autentico: quello della <strong>vulnerabilit\u00e0 e della pressione sociale<\/strong>. La sua voce \u00e8 diventata simbolo di una doppia condanna che troppe donne conoscono bene: \u201ctroppo\u201d o \u201ctroppo poco\u201d, ma mai \u201cgiusto\u201d. Il pubblico ha sentito la verit\u00e0 nel suo tono, e la Balivo le ha dato spazio e rispetto, senza spettacolarizzare il dolore.<\/p>\n<p><strong data-start=\"2125\" data-end=\"2147\">Mary Segneri, meno 60 chili e pi\u00f9 felice. Voto: 8,5<\/strong><\/p>\n<p data-start=\"2125\" data-end=\"3527\">Da ex concorrente del Grande Fratello a esempio di forza e determinazione, <strong data-start=\"2227\" data-end=\"2243\">Mary Segneri<\/strong> \u00e8 tornata davanti alle telecamere per raccontare un percorso straordinario: <strong>sessanta chili<\/strong> in meno e una vita completamente diversa. Ma dietro al numero, c\u2019\u00e8 molto di pi\u00f9.<\/p>\n<p data-start=\"2125\" data-end=\"3527\">Durante la puntata<strong data-start=\"2429\" data-end=\"2458\">,<\/strong>\u00a0Mary ha parlato con serenit\u00e0 della decisione di <strong>cambiare radicalmente abitudini<\/strong> e ritrovare una salute che stava compromettendo la sua quotidianit\u00e0. Non ha negato la difficolt\u00e0 del percorso, anzi, ha raccontato con onest\u00e0 la fatica, la costanza, i momenti di scoraggiamento e la gioia di riconoscersi allo specchio.<\/p>\n<p data-start=\"2125\" data-end=\"3527\">Tuttavia, non sono mancati i contrasti. In studio, <strong data-start=\"2829\" data-end=\"2844\">Nello Iorio<\/strong> ha messo in discussione il racconto della felicit\u00e0 legata al dimagrimento, definendo \u201c<strong>tossica<\/strong>\u201d la narrazione secondo cui <strong>la magrezza equivarrebbe alla felicit\u00e0<\/strong>. Una provocazione che Mary ha accolto con equilibrio, rispondendo: \u201cIo non ho mai detto che essere magra rende felici, ma che ritrovare la salute mi ha fatto stare meglio con me stessa\u201d.<\/p>\n<p><strong data-start=\"3534\" data-end=\"3555\">Nello Iorio, la polemica con Mary. Voto: 7,5<\/strong><\/p>\n<p data-start=\"3534\" data-end=\"4572\">Abituato a far ridere nei panni del \u201cNonno moderno\u201d di Made in Sud, <strong data-start=\"3628\" data-end=\"3643\">Nello Iorio<\/strong> ha scelto di presentarsi in una veste diversa: quella di uomo che <strong>convive con l\u2019obesit\u00e0<\/strong> ma rifiuta l\u2019idea che la felicit\u00e0 debba passare per la bilancia.<\/p>\n<p data-start=\"3534\" data-end=\"4572\">Il suo intervento a La Volta Buona ha spiazzato per la lucidit\u00e0 e il tono sincero. \u201cNon bisogna associare automaticamente il dimagrimento alla gioia\u201d, ha detto, con la franchezza che lo contraddistingue. \u201cCi sono persone obese che stanno bene, che <strong>sono felici e piene di vita<\/strong>. Raccontare il contrario \u00e8 pericoloso, perch\u00e9 fa sentire <strong>chi non riesce a cambiare<\/strong> come se fosse sbagliato\u201d.<\/p>\n<p><strong data-start=\"4579\" data-end=\"4611\">Chef Vitantonio Lombardo, cambia vita per amore dei figli. Voto: 9<\/strong><\/p>\n<p data-start=\"4579\" data-end=\"5874\">Tra le storie pi\u00f9 commoventi della puntata, quella di <strong data-start=\"4668\" data-end=\"4691\">Vitantonio Lombardo<\/strong> ha conquistato tutti. Lo chef lucano, stellato Michelin, ha raccontato di <strong>aver perso ben 64 chili in 8 mesi<\/strong>, passando da 176 a 112 chili grazie a un intervento di sleeve gastrica. Un percorso difficile ma illuminato dalla determinazione e dal sostegno della famiglia.<\/p>\n<p data-start=\"4579\" data-end=\"5874\">Nel suo intervento, ha spiegato di aver deciso di cambiare non per estetica ma <strong>per amore della vita<\/strong>: \u201cVolevo poter correre con i miei figli, sentirmi leggero non solo nel corpo ma anche nel cuore\u201d.<\/p>\n<p data-start=\"4579\" data-end=\"5874\">Il programma ha mostrato anche un servizio registrato a <strong data-start=\"5218\" data-end=\"5228\">Matera<\/strong>, nella sua citt\u00e0, con l\u2019inviata di Rai 1 che ha raccolto le parole di sua moglie, dei figli e della mamma. L\u2019emozione della Balivo era evidente quando ha commentato: \u201c<strong>Non sono mai stata a Matera<\/strong>, ma dopo questo servizio ci voglio andare con i miei bambini\u201d.<\/p>\n<p data-start=\"4579\" data-end=\"5874\">Lo chef, oggi nel gotha della cucina italiana, \u00e8 <strong>l\u2019unico lucano a vantare una stella Michelin nella sua regione<\/strong>. La sua storia ha portato nel programma una luce diversa: quella della rinascita consapevole, del cambiamento che nasce dal coraggio. Una testimonianza autentica e piena di orgoglio, che ha saputo unire il mondo del benessere e quello della cultura gastronomica italiana.<\/p>\n<p><strong data-start=\"5881\" data-end=\"5903\">Ludovica Nasti, la nuova Sophia Loren. Voto: 9<\/strong><\/p>\n<p data-start=\"5881\" data-end=\"7227\">A soli diciotto anni, <a href=\"https:\/\/dilei.it\/vip\/ludovica-nasti-lila-cerullo-amica-geniale\/574775\/\" rel=\"nofollow noopener\" target=\"_blank\">Ludovica Nasti<\/a> ha gi\u00e0 una vita che sembra un film. La piccola \u201c<strong>Lila<\/strong>\u201d de L\u2019Amica Geniale \u00e8 oggi una giovane attrice matura, capace di parlare con profondit\u00e0 e dolcezza della propria esperienza.<\/p>\n<p data-start=\"5881\" data-end=\"7227\">A La Volta Buona, ha raccontato la sua nuova sfida in televisione con la serie Rai Noi del Rione Sanit\u00e0. La sua intervista si \u00e8 poi spostata su un piano pi\u00f9 intimo: <strong>la malattia che ha affrontato da bambina<\/strong>. \u201cA cinque anni ho avuto la leucemia\u201d, ha ricordato, \u201cma non ho mai avuto paura di morire.<strong> La mia famiglia mi ha insegnato a sorridere<\/strong>, anche in ospedale. \u00c8 l\u00ec che ho capito quanto \u00e8 preziosa la vita\u201d.<\/p>\n<p data-start=\"5881\" data-end=\"7227\">Oggi, tra un set e lezioni all\u2019universit\u00e0, Ludovica sogna di continuare a studiare e di diventare una donna libera e curiosa. La Balivo l\u2019ha ascoltata con commozione, <strong>lasciando che la sua voce arrivasse diretta al cuore<\/strong>. \u00c8 stata una delle presenze pi\u00f9 luminose della puntata, un esempio per tutte le giovani donne che lottano per trovare il proprio posto nel mondo.<\/p>\n<p><strong data-start=\"7234\" data-end=\"7264\">Lo scoop su Manuela Arcuri. Voto: 8<\/strong><\/p>\n<p data-start=\"7234\" data-end=\"8260\">Non poteva mancare il momento gossip, affidato come sempre ad <strong data-start=\"7329\" data-end=\"7348\">Andrea Biavardi<\/strong>, direttore del settimanale Oggi. Stavolta, per\u00f2, lo scoop ha lasciato tutti senza parole: <a href=\"https:\/\/dilei.it\/star-e-vip\/manuela-arcuri\/\" rel=\"nofollow noopener\" target=\"_blank\">Manuela Arcuri<\/a> e il marito <a href=\"https:\/\/dilei.it\/vip\/video\/giovanni-di-gianfrancesco-compagno-manuela-arcuri\/714624\/\" rel=\"nofollow noopener\" target=\"_blank\">Giovanni Di Gianfrancesco<\/a> si sarebbero lasciati.<\/p>\n<p data-start=\"7234\" data-end=\"8260\">L\u2019attrice, amatissima dal pubblico, non era presente in studio, ma Biavardi ha raccontato di aver raccolto conferme vicine alla coppia: \u201c<strong>Lo ha quasi comunicato<\/strong>\u201d, ha detto, citando un post pubblicato da Manuela sui social in cui scriveva \u201cCerte persone non meritano proprio niente\u201d. Un messaggio che, letto alla luce dei rumors, sembra il preludio a un addio ormai inevitabile.<\/p>\n<p data-start=\"7234\" data-end=\"8260\">Una notizia che ha lasciato sorpresi anche gli ospiti e la stessa Balivo, che ha commentato con discrezione e rispetto. Dopo anni di amore e un matrimonio celebrato nel 2019, <strong>la coppia sarebbe dunque giunta al capolinea<\/strong>. Nessuna dichiarazione ufficiale, ma lo scoop ha gi\u00e0 acceso la curiosit\u00e0 del pubblico e riempito le pagine dei siti di cronaca rosa.<\/p>\n","protected":false},"excerpt":{"rendered":"Nel pomeriggio del 22 ottobre, La Volta Buona con Caterina Balivo ha portato sul piccolo schermo una puntata&hellip;\n","protected":false},"author":3,"featured_media":179135,"comment_status":"","ping_status":"","sticky":false,"template":"","format":"standard","meta":{"footnotes":""},"categories":[174],"tags":[108783,39049,203,204,1537,90,89,214],"class_list":{"0":"post-179134","1":"post","2":"type-post","3":"status-publish","4":"format-standard","5":"has-post-thumbnail","7":"category-intrattenimento","8":"tag-benedetta-mazza","9":"tag-caterina-balivo","10":"tag-entertainment","11":"tag-intrattenimento","12":"tag-it","13":"tag-italia","14":"tag-italy","15":"tag-spettacolo"},"share_on_mastodon":{"url":"https:\/\/pubeurope.com\/@it\/115420681018340958","error":""},"_links":{"self":[{"href":"https:\/\/www.europesays.com\/it\/wp-json\/wp\/v2\/posts\/179134","targetHints":{"allow":["GET"]}}],"collection":[{"href":"https:\/\/www.europesays.com\/it\/wp-json\/wp\/v2\/posts"}],"about":[{"href":"https:\/\/www.europesays.com\/it\/wp-json\/wp\/v2\/types\/post"}],"author":[{"embeddable":true,"href":"https:\/\/www.europesays.com\/it\/wp-json\/wp\/v2\/users\/3"}],"replies":[{"embeddable":true,"href":"https:\/\/www.europesays.com\/it\/wp-json\/wp\/v2\/comments?post=179134"}],"version-history":[{"count":0,"href":"https:\/\/www.europesays.com\/it\/wp-json\/wp\/v2\/posts\/179134\/revisions"}],"wp:featuredmedia":[{"embeddable":true,"href":"https:\/\/www.europesays.com\/it\/wp-json\/wp\/v2\/media\/179135"}],"wp:attachment":[{"href":"https:\/\/www.europesays.com\/it\/wp-json\/wp\/v2\/media?parent=179134"}],"wp:term":[{"taxonomy":"category","embeddable":true,"href":"https:\/\/www.europesays.com\/it\/wp-json\/wp\/v2\/categories?post=179134"},{"taxonomy":"post_tag","embeddable":true,"href":"https:\/\/www.europesays.com\/it\/wp-json\/wp\/v2\/tags?post=179134"}],"curies":[{"name":"wp","href":"https:\/\/api.w.org\/{rel}","templated":true}]}}