{"id":179159,"date":"2025-10-23T01:02:18","date_gmt":"2025-10-23T01:02:18","guid":{"rendered":"https:\/\/www.europesays.com\/it\/179159\/"},"modified":"2025-10-23T01:02:18","modified_gmt":"2025-10-23T01:02:18","slug":"da-grande-hai-realizzato-i-tuoi-desideri-di-bambino-a","status":"publish","type":"post","link":"https:\/\/www.europesays.com\/it\/179159\/","title":{"rendered":"Da Grande hai realizzato i tuoi desideri di bambino\/a?"},"content":{"rendered":"<p><img decoding=\"async\" alt=\"Da Grande hai realizzato i tuoi desideri di bambinoa\" loading=\"lazy\" class=\"ResponsiveImageContainer-eNxvmU cfBbTk responsive-image__image\"   src=\"https:\/\/www.europesays.com\/it\/wp-content\/uploads\/2025\/10\/FMR58335_EXP.jpg\"\/><\/p>\n<p><strong>Chi ha incontrato?<\/strong><br \/>\u00abPersone che fanno cose straordinarie dalle loro sedie super tecnologiche. Forse pi\u00f9 di noi che non abbiamo disabilit\u00e0. Mariano ha co-progettato la sua casa, ha due gemelli e un pallino per il calcio. Elisa \u00e8 molto impegnata nel sociale, non ha tab\u00f9 e, viaggiando moltissimo, mi ha fatto notare come molte citt\u00e0\u00a0 non siano completamente accessibili. Sabina invece ama cucinare, \u00e8 un\u2019inguaribile romantica e la sua caregiver \u00e8 la sua migliore amica. Dopo un mio iniziale imbarazzo &#8211; temevo di fare gaffe, essendo io esperta in figuracce &#8211; ho poi capito che eravamo come amici riuniti a raccontarsi. Mi sentivo al posto giusto. Abbiamo parlato di passioni, anche erotiche, di vita quotidiana e pregiudizi.\u00bb<\/p>\n<p><strong>Vogliamo dire a tutti che chi convive con una malattia pu\u00f2 tranquillamente preservare molta ironia e diffondere il buon umore?<\/strong><br \/>\u00abLa malattia non definisce il tono della tua voce, i tuoi pensieri, quello che sei. Sono situazioni momentanee o definitive, ma non ti definiscono. Altrimenti le persone con la stessa malattia sarebbero tutte uguali, e invece non lo sono. Me lo hanno detto con chiarezza Sabina, Mariano ed Elisa, non vogliono essere definiti per la loro malattia, la SMA \u00e8 una condizione, non \u00e8 quello che loro sono.\u00bb<\/p>\n<p>\u00abLa malattia non definisce il tono della tua voce, i tuoi pensieri, quello che sei. Me lo hanno detto con chiarezza Sabina, Mariano ed Elisa: non vogliono essere definiti per la loro malattia, la SMA \u00e8 una condizione, non \u00e8 quello che loro sono.\u00bb<\/p>\n<p>Angelica Massera<\/p>\n<p><strong>Sui suoi account social si relaziona con sua figlia, detta Adolescema. Cosa ha detto di questo progetto?<\/strong><br \/>\u00abMia figlia ha visto i video e ha avuto una reazione molto solidale. Le \u00e8 piaciuto vedermi nelle vesti di intervistatrice. Mi ha detto che si capiva quanto ci siamo divertiti e emozionati. In effetti, Mariano, Elisa e Sabina li porter\u00f2 sempre nel cuore.\u00bb<\/p>\n<p><strong>Progetti come questo possono cambiare il volto di una malattia, la percezione che se ne ha, e magari accorciare le distanze tra persone con SMA e persone senza SMA. E i social sono un potente strumento di divulgazione. \u00c8 stata scelta come intervistatrice non solo perch\u00e9 ha numeri da capogiro (3milioni e mezzo di follower), ma per la sua magistrale ironia.<\/strong><br \/>\u00abL\u2019ironia \u00e8 un superpotere a volte sottovalutato, capace di smontare i pregiudizi. I social sono un palcoscenico perfetto per l\u2019ironia. I social senza comici sarebbero un disastro, te l\u2019immagini? Solo foto di tramonti e commenti da hater. Divertirsi \u00e8 il modo migliore per imparare e informarsi.\u00bb<\/p>\n<p><strong>Le faccio una domanda che anche lei ha fatto nelle videointerviste di Da Grande: ha realizzato tutti i sogni che aveva?<\/strong><br \/>\u00abUn buon 80% s\u00ec. Mai arrivare al 100%, per carit\u00e0! Se si esaudiscono (ed esauriscono) poi sai che noia? Nella vita te ne devi trovare sempre di nuovi. I miei sogni principali erano due. Diventare mamma da giovane, pazzia che ho fatto. Essere attrice, per questo devo dire che \u00e8 merito della community social che ha creduto in me.\u00bb<\/p>\n","protected":false},"excerpt":{"rendered":"Chi ha incontrato?\u00abPersone che fanno cose straordinarie dalle loro sedie super tecnologiche. Forse pi\u00f9 di noi che non&hellip;\n","protected":false},"author":3,"featured_media":179160,"comment_status":"","ping_status":"","sticky":false,"template":"","format":"standard","meta":{"footnotes":""},"categories":[175],"tags":[18806,239,1537,90,89,240,6135,6124],"class_list":{"0":"post-179159","1":"post","2":"type-post","3":"status-publish","4":"format-standard","5":"has-post-thumbnail","7":"category-salute","8":"tag-beauty-e-benessere","9":"tag-health","10":"tag-it","11":"tag-italia","12":"tag-italy","13":"tag-salute","14":"tag-textbelowcenterfullbleed","15":"tag-web"},"share_on_mastodon":{"url":"https:\/\/pubeurope.com\/@it\/115420787223507719","error":""},"_links":{"self":[{"href":"https:\/\/www.europesays.com\/it\/wp-json\/wp\/v2\/posts\/179159","targetHints":{"allow":["GET"]}}],"collection":[{"href":"https:\/\/www.europesays.com\/it\/wp-json\/wp\/v2\/posts"}],"about":[{"href":"https:\/\/www.europesays.com\/it\/wp-json\/wp\/v2\/types\/post"}],"author":[{"embeddable":true,"href":"https:\/\/www.europesays.com\/it\/wp-json\/wp\/v2\/users\/3"}],"replies":[{"embeddable":true,"href":"https:\/\/www.europesays.com\/it\/wp-json\/wp\/v2\/comments?post=179159"}],"version-history":[{"count":0,"href":"https:\/\/www.europesays.com\/it\/wp-json\/wp\/v2\/posts\/179159\/revisions"}],"wp:featuredmedia":[{"embeddable":true,"href":"https:\/\/www.europesays.com\/it\/wp-json\/wp\/v2\/media\/179160"}],"wp:attachment":[{"href":"https:\/\/www.europesays.com\/it\/wp-json\/wp\/v2\/media?parent=179159"}],"wp:term":[{"taxonomy":"category","embeddable":true,"href":"https:\/\/www.europesays.com\/it\/wp-json\/wp\/v2\/categories?post=179159"},{"taxonomy":"post_tag","embeddable":true,"href":"https:\/\/www.europesays.com\/it\/wp-json\/wp\/v2\/tags?post=179159"}],"curies":[{"name":"wp","href":"https:\/\/api.w.org\/{rel}","templated":true}]}}