{"id":179590,"date":"2025-10-23T08:09:10","date_gmt":"2025-10-23T08:09:10","guid":{"rendered":"https:\/\/www.europesays.com\/it\/179590\/"},"modified":"2025-10-23T08:09:10","modified_gmt":"2025-10-23T08:09:10","slug":"asia-argento-festeggia-i-50-anni-con-i-figli-anna-lou-e-nicola-alle-terme","status":"publish","type":"post","link":"https:\/\/www.europesays.com\/it\/179590\/","title":{"rendered":"Asia Argento festeggia i 50 anni con i figli Anna Lou e Nicola alle terme"},"content":{"rendered":"<p>La figlia di Dario festeggia i 50 anni con i figli Anna Lou e Nicola in un centro benessere tra risate e relax<\/p>\n<p>Niente party mondani, niente red carpet: per i suoi 50 anni <strong>Asia Argento<\/strong> ha scelto le terme. A Siena ha brindato alla sua \u00abnuova me\u00bb in un centro benessere tra massaggi, tisane e bagni caldi insieme ai figli <strong>Anna Lou<\/strong> (avuta da <strong>Morgan<\/strong>) e <strong>Nicola Giovanni<\/strong> (avuto dal regista <strong>Michele Civetta)<\/strong>. \u2013 <a href=\"https:\/\/www.oggi.it\/gossip\/gallery\/asia-argento-compleanno-alle-terme-con-i-figli-foto-esclusive\/\" target=\"_blank\" rel=\"nofollow noopener\"><strong>foto<\/strong><\/a> | <a href=\"https:\/\/www.oggi.it\/video\/gossip\/2024\/10\/23\/asia-argento-prima-uscita-col-giovane-fidanzato-simone-bozzelli\/\" target=\"_blank\" rel=\"nofollow noopener\"><strong>video<\/strong><\/a><\/p>\n<p>Foto e stories la mostrano mentre fa yoga, si rilassa al sole, chiacchiera e ride con i ragazzi, che sembrano andare molto d\u2019accordo tra loro: un compleanno intimo, senza clamore ma con gli affetti pi\u00f9 cari. L\u2019attrice ha di recente dichiarato a Repubblica di aver \u00absofferto e lottato troppo nella vita, oggi voglio solo pace, amore e risate\u00bb.<\/p>\n<p><a href=\"https:\/\/www.oggi.it\/gossip\/amori\/2024\/10\/23\/asia-argento-la-prima-uscita-col-giovane-fidanzato-simone-bozzelli-e-sul-red-carpet-di-roma\/\" target=\"_blank\" rel=\"nofollow noopener\">Asia Argento, la prima uscita col giovane fidanzato Simone Bozzelli \u00e8 sul red carpet di Roma \u2013 <strong>Leggi<\/strong><\/a><\/p>\n<p>Eppure il vero anniversario, quello pi\u00f9 sentito, Asia lo ha festeggiato il 9 giugno scorso, come ha riportato sui social: quattro anni di sobriet\u00e0, \u00abdi verit\u00e0 cercata a mani nude\u00bb, lontana da alcol e sostanze.<\/p>\n<p><a href=\"https:\/\/www.oggi.it\/gossip\/amori\/2025\/01\/13\/anna-lou-castoldi-e-il-rapporto-con-i-genitori-papa-morgan-e-complicato-ma-dolce-mamma-asia-e-fantastica\/\" target=\"_blank\" rel=\"nofollow noopener\">Anna Lou Castoldi e il rapporto con i genitori: \u00abPap\u00e0 Morgan \u00e8 complicato ma dolce, mamma Asia \u00e8 fantastica\u00bb \u2013 <strong>Leggi<\/strong><\/a><\/p>\n<p>Una rinascita interiore che ha trasformato poi questo cinquantesimo compleanno in un simbolo di forza e di orgoglio. Certo, il fisico scolpito da yoga e palestra non passa inosservato, ma la vera festa \u00e8 stata la serenit\u00e0 riconquistata. Altro che crisi di mezza et\u00e0.<\/p>\n<p class=\"all-rights-reserved\">Oggi \u00a9RIPRODUZIONE RISERVATA<\/p>\n","protected":false},"excerpt":{"rendered":"La figlia di Dario festeggia i 50 anni con i figli Anna Lou e Nicola in un centro&hellip;\n","protected":false},"author":3,"featured_media":179591,"comment_status":"","ping_status":"","sticky":false,"template":"","format":"standard","meta":{"footnotes":""},"categories":[1451],"tags":[1621,1620,203,204,1537,90,89,81228,3193,109048],"class_list":{"0":"post-179590","1":"post","2":"type-post","3":"status-publish","4":"format-standard","5":"has-post-thumbnail","7":"category-celebrita","8":"tag-celebrita","9":"tag-celebrities","10":"tag-entertainment","11":"tag-intrattenimento","12":"tag-it","13":"tag-italia","14":"tag-italy","15":"tag-michele-civetta","16":"tag-morgan","17":"tag-nicola-giovanni-civetta"},"share_on_mastodon":{"url":"https:\/\/pubeurope.com\/@it\/115422467813362240","error":""},"_links":{"self":[{"href":"https:\/\/www.europesays.com\/it\/wp-json\/wp\/v2\/posts\/179590","targetHints":{"allow":["GET"]}}],"collection":[{"href":"https:\/\/www.europesays.com\/it\/wp-json\/wp\/v2\/posts"}],"about":[{"href":"https:\/\/www.europesays.com\/it\/wp-json\/wp\/v2\/types\/post"}],"author":[{"embeddable":true,"href":"https:\/\/www.europesays.com\/it\/wp-json\/wp\/v2\/users\/3"}],"replies":[{"embeddable":true,"href":"https:\/\/www.europesays.com\/it\/wp-json\/wp\/v2\/comments?post=179590"}],"version-history":[{"count":0,"href":"https:\/\/www.europesays.com\/it\/wp-json\/wp\/v2\/posts\/179590\/revisions"}],"wp:featuredmedia":[{"embeddable":true,"href":"https:\/\/www.europesays.com\/it\/wp-json\/wp\/v2\/media\/179591"}],"wp:attachment":[{"href":"https:\/\/www.europesays.com\/it\/wp-json\/wp\/v2\/media?parent=179590"}],"wp:term":[{"taxonomy":"category","embeddable":true,"href":"https:\/\/www.europesays.com\/it\/wp-json\/wp\/v2\/categories?post=179590"},{"taxonomy":"post_tag","embeddable":true,"href":"https:\/\/www.europesays.com\/it\/wp-json\/wp\/v2\/tags?post=179590"}],"curies":[{"name":"wp","href":"https:\/\/api.w.org\/{rel}","templated":true}]}}