{"id":179676,"date":"2025-10-23T09:26:13","date_gmt":"2025-10-23T09:26:13","guid":{"rendered":"https:\/\/www.europesays.com\/it\/179676\/"},"modified":"2025-10-23T09:26:13","modified_gmt":"2025-10-23T09:26:13","slug":"pogacar-dovrebbe-essere-famoso-come-federer-il-ciclismo-non-sfrutta-il-momento-doro","status":"publish","type":"post","link":"https:\/\/www.europesays.com\/it\/179676\/","title":{"rendered":"\u00abPOGACAR DOVREBBE ESSERE FAMOSO COME FEDERER, IL CICLISMO NON SFRUTTA IL MOMENTO D&#8217;ORO\u00bb"},"content":{"rendered":"<p>            <a class=\"category\" href=\"https:\/\/www.tuttobiciweb.it\/articles\/category\/TUTTOBICI\" itemprop=\"about\" rel=\"nofollow noopener\" target=\"_blank\">TUTTOBICI<\/a> | 23\/10\/2025 | 08:30<br \/>\n            <a class=\"author\" href=\"https:\/\/www.tuttobiciweb.it\/articles\/author\/Nicol%C3%B2%20Vallone\" rel=\"nofollow noopener\" target=\"_blank\">di Nicol\u00f2 Vallone<\/a><\/p>\n<p>Ciclismo noioso perch\u00e9 vincono sempre gli stessi? Pogacar fenomeno perch\u00e9 non ha rivali? Con la consueta franchezza e precisione, Moreno Moser respinge tali osservazioni e le contro-argomenta al microfono del nostro direttore Pier Augusto Stagi alla vigilia della &#8220;Pedalata con il campione&#8221; a Jesolo. Partendo da un&#8217;osservazione tecnica riguardante se stesso e&#8230; Saronni, il nipote d&#8217;arte e acuto commentatore di Eurosport spiega perch\u00e9 quello che stiamo vivendo \u00e8 un ciclismo eccezionale ma purtroppo non riesce a capitalizzare appieno questo momento d&#8217;oro in termini di popolarit\u00e0, rispetto a sport come il tennis.\n            <\/p>\n<p><strong>Oltre a Moser, il protagonista in apertura della puntata numero 293 di BlaBlaBike \u00e8 Carlo Beretta (Presidente Swatt)<\/strong>\n            <\/p>\n<p style=\"box-sizing: border-box; margin: 0px 0px 1.25rem; padding: 0px; font-family: 'Helvetica Neue', 'Libre Franklin', Arial, sans-serif; font-size: 16px; line-height: 1.6; text-rendering: optimizelegibility; color: #222222; caret-color: #222222;\">Per ascoltare il podcast\u00a0<a href=\"https:\/\/www.tuttobicitech.it\/podcast_list\" style=\"box-sizing: border-box; color: #008cba; line-height: inherit; text-decoration-line: none; background-color: transparent; cursor: pointer; outline: 0px; font-style: italic;\" rel=\"nofollow noopener\" target=\"_blank\">CLICCA QUI<\/a>\u00a0o corri sul nostro canale\u00a0<a href=\"https:\/\/open.spotify.com\/show\/6XPKxFmNqBP0BAw4w9LiUs\" target=\"_blank\" rel=\"noopener noreferrer nofollow\" data-auth=\"NotApplicable\" style=\"box-sizing: border-box; color: #008cba; line-height: inherit; text-decoration-line: none; background-color: transparent; cursor: pointer; outline: 0px; font-style: italic;\">Spotify<\/a>.<br style=\"box-sizing: border-box;\"\/>Se non hai mai provato e non sai come fare, allora schiaccia il tasto qui sotto:\u00a0\u00e8 facile!\u00a0<\/p>\n<p style=\"box-sizing: border-box; margin: 0px 0px 1.25rem; padding: 0px; font-family: 'Helvetica Neue', 'Libre Franklin', Arial, sans-serif; font-size: 16px; line-height: 1.6; text-rendering: optimizelegibility; color: #222222; caret-color: #222222;\"><a href=\"https:\/\/www.tuttobicitech.it\/podcast_list\" style=\"box-sizing: border-box; color: #008cba; line-height: inherit; text-decoration-line: none; background-color: transparent;\" rel=\"nofollow noopener\" target=\"_blank\"><img loading=\"lazy\" decoding=\"async\" src=\"https:\/\/www.europesays.com\/it\/wp-content\/uploads\/2025\/07\/6030f31cb769014526340eb2.png\" alt=\"\" width=\"316\" height=\"286\" style=\"box-sizing: border-box; max-width: 100%; height: auto; display: inline-block; vertical-align: middle; border: none;\"\/><\/a><\/p>\n<p>Copyright &amp;copy TBW<\/p>\n","protected":false},"excerpt":{"rendered":"TUTTOBICI | 23\/10\/2025 | 08:30 di Nicol\u00f2 Vallone Ciclismo noioso perch\u00e9 vincono sempre gli stessi? Pogacar fenomeno perch\u00e9&hellip;\n","protected":false},"author":3,"featured_media":179677,"comment_status":"","ping_status":"","sticky":false,"template":"","format":"standard","meta":{"footnotes":""},"categories":[1456],"tags":[5505,1824,1825,1537,90,89,22512,2300,1931,107816,245,244,46981],"class_list":{"0":"post-179676","1":"post","2":"type-post","3":"status-publish","4":"format-standard","5":"has-post-thumbnail","7":"category-ciclismo","8":"tag-blablabike","9":"tag-ciclismo","10":"tag-cycling","11":"tag-it","12":"tag-italia","13":"tag-italy","14":"tag-moreno-moser","15":"tag-podcast","16":"tag-pogacar","17":"tag-saronni","18":"tag-sport","19":"tag-sports","20":"tag-stagi"},"share_on_mastodon":{"url":"https:\/\/pubeurope.com\/@it\/115422769124000500","error":""},"_links":{"self":[{"href":"https:\/\/www.europesays.com\/it\/wp-json\/wp\/v2\/posts\/179676","targetHints":{"allow":["GET"]}}],"collection":[{"href":"https:\/\/www.europesays.com\/it\/wp-json\/wp\/v2\/posts"}],"about":[{"href":"https:\/\/www.europesays.com\/it\/wp-json\/wp\/v2\/types\/post"}],"author":[{"embeddable":true,"href":"https:\/\/www.europesays.com\/it\/wp-json\/wp\/v2\/users\/3"}],"replies":[{"embeddable":true,"href":"https:\/\/www.europesays.com\/it\/wp-json\/wp\/v2\/comments?post=179676"}],"version-history":[{"count":0,"href":"https:\/\/www.europesays.com\/it\/wp-json\/wp\/v2\/posts\/179676\/revisions"}],"wp:featuredmedia":[{"embeddable":true,"href":"https:\/\/www.europesays.com\/it\/wp-json\/wp\/v2\/media\/179677"}],"wp:attachment":[{"href":"https:\/\/www.europesays.com\/it\/wp-json\/wp\/v2\/media?parent=179676"}],"wp:term":[{"taxonomy":"category","embeddable":true,"href":"https:\/\/www.europesays.com\/it\/wp-json\/wp\/v2\/categories?post=179676"},{"taxonomy":"post_tag","embeddable":true,"href":"https:\/\/www.europesays.com\/it\/wp-json\/wp\/v2\/tags?post=179676"}],"curies":[{"name":"wp","href":"https:\/\/api.w.org\/{rel}","templated":true}]}}