{"id":179771,"date":"2025-10-23T10:33:10","date_gmt":"2025-10-23T10:33:10","guid":{"rendered":"https:\/\/www.europesays.com\/it\/179771\/"},"modified":"2025-10-23T10:33:10","modified_gmt":"2025-10-23T10:33:10","slug":"angelina-mango-non-sara-ospite-a-this-is-me-cosa-e-successo","status":"publish","type":"post","link":"https:\/\/www.europesays.com\/it\/179771\/","title":{"rendered":"Angelina Mango non sar\u00e0 ospite a This Is Me: cosa \u00e8 successo"},"content":{"rendered":"<p>\n                            Moda e Tendenze, ogni marted\u00ec<br \/>\n                            <b>Iscriviti<\/b> e ricevi le notizie via email\n                        <\/p>\n<p>Negli scorsi giorni era stata annunciato il ritorno in tv di <a href=\"https:\/\/www.ilmessaggero.it\/t\/angelina-mango\" rel=\"nofollow noopener\" target=\"_blank\">Angelina Mango<\/a> dopo oltre un anno di assenza dalle scene. L\u2019ex vincitrice del Festival di Sanremo, che lo scorso gioved\u00ec ha pubblicato a sorpresa il nuovo album \u201cCaram\u00e9\u201d, avrebbe dovuto partecipare questa sera alla seconda puntata di This Is Me, lo show condotto su Canale 5 da Silvia Toffanin, tutta dedicata a Lorella Cuccarini. La voce de \u201cLa noia\u201d avrebbe dovuto omaggiare la sua ex insegnante ad Amici, ricomparendo in tv a distanza di un anno esatto dall\u2019annullamento del suo tour.<\/p>\n<p>L&#8217;assenza all&#8217;ultimo<\/p>\n<p>Ma il nome di Angelina Mango, che era comparso insieme a quelli di &#8211; tra gli altri &#8211; Amadeus, Peppe Vessicchio, Marco Columbro, Ricchi e Poveri, Sarah Toscano, Alessandro Siani, Nina Zilli, Pooh, Ezio Greggio ed Enzo Iacchetti, Elena D\u2019Amario, nello spot di lancio del secondo appuntamento di This Is Me, stasera in prima serata su Canale 5, non compare nel comunicato stampa diffuso per presentare la puntata. Secondo quanto si apprende, infatti, Angelina Mango non sar\u00e0 presente in studio: alle registrazioni, che si sono svolte ieri a Roma, non era presente. <\/p>\n<p>Non \u00e8 da escludersi che la cantautrice lucana abbia omaggiato Lorella Cuccarini attraverso un contributo video.<\/p>\n<p>Angelina a Sanremo?<\/p>\n<p>La prima puntata di This Is Me, lo scorso mercoled\u00ec, ha raccolto davanti allo schermo 2,558 milioni di spettatori pari al 18,65% di share. Il primo appuntamento ha visto come protagonisti Laura Pausini, Zlatan Ibrahimovi\u0107, Gigi D&#8217;Alessio e l&#8217;\u00e9toile Eleonora Abbagnato.\u00a0<\/p>\n<p>Intanto si moltiplicano le voci che vorrebbero Angelina Mango in gara al prossimo Festival di Sanremo, a distanza di due anni dalla vittoria con \u201cLa noia\u201d. La cantautrice ha annunciato che l\u2019edizione fisica del suo album \u201cCaram\u00e9\u201d, nelle cui canzoni si \u00e8 messa a nudo, raccontando le sue crisi (\u201cAhi, ahi ahi, come sto \/ ahi ahi ahi, ma che ne so \/ \u00e8 che pi\u00f9 mi date affetto pi\u00f9 mi sento di sbagliare\u201d, canta in una delle canzoni), uscir\u00e0 il 5 dicembre.<\/p>\n<p>&#13;<br \/>\n                            \u00a9 RIPRODUZIONE RISERVATA&#13;<\/p>\n<p>&#13;<\/p>\n","protected":false},"excerpt":{"rendered":"Moda e Tendenze, ogni marted\u00ec Iscriviti e ricevi le notizie via email Negli scorsi giorni era stata annunciato&hellip;\n","protected":false},"author":3,"featured_media":179772,"comment_status":"","ping_status":"","sticky":false,"template":"","format":"standard","meta":{"footnotes":""},"categories":[174],"tags":[9047,685,203,204,1537,90,89,10358,22838,2656,99781],"class_list":{"0":"post-179771","1":"post","2":"type-post","3":"status-publish","4":"format-standard","5":"has-post-thumbnail","7":"category-intrattenimento","8":"tag-angelina-mango","9":"tag-canale-5","10":"tag-entertainment","11":"tag-intrattenimento","12":"tag-it","13":"tag-italia","14":"tag-italy","15":"tag-lorella-cuccarini","16":"tag-silvia-toffanin","17":"tag-stasera-in-tv","18":"tag-this-is-me"},"share_on_mastodon":{"url":"https:\/\/pubeurope.com\/@it\/115423032711174225","error":""},"_links":{"self":[{"href":"https:\/\/www.europesays.com\/it\/wp-json\/wp\/v2\/posts\/179771","targetHints":{"allow":["GET"]}}],"collection":[{"href":"https:\/\/www.europesays.com\/it\/wp-json\/wp\/v2\/posts"}],"about":[{"href":"https:\/\/www.europesays.com\/it\/wp-json\/wp\/v2\/types\/post"}],"author":[{"embeddable":true,"href":"https:\/\/www.europesays.com\/it\/wp-json\/wp\/v2\/users\/3"}],"replies":[{"embeddable":true,"href":"https:\/\/www.europesays.com\/it\/wp-json\/wp\/v2\/comments?post=179771"}],"version-history":[{"count":0,"href":"https:\/\/www.europesays.com\/it\/wp-json\/wp\/v2\/posts\/179771\/revisions"}],"wp:featuredmedia":[{"embeddable":true,"href":"https:\/\/www.europesays.com\/it\/wp-json\/wp\/v2\/media\/179772"}],"wp:attachment":[{"href":"https:\/\/www.europesays.com\/it\/wp-json\/wp\/v2\/media?parent=179771"}],"wp:term":[{"taxonomy":"category","embeddable":true,"href":"https:\/\/www.europesays.com\/it\/wp-json\/wp\/v2\/categories?post=179771"},{"taxonomy":"post_tag","embeddable":true,"href":"https:\/\/www.europesays.com\/it\/wp-json\/wp\/v2\/tags?post=179771"}],"curies":[{"name":"wp","href":"https:\/\/api.w.org\/{rel}","templated":true}]}}