{"id":179774,"date":"2025-10-23T10:35:12","date_gmt":"2025-10-23T10:35:12","guid":{"rendered":"https:\/\/www.europesays.com\/it\/179774\/"},"modified":"2025-10-23T10:35:12","modified_gmt":"2025-10-23T10:35:12","slug":"stm-perde-quasi-l8-dopo-la-trimestrale","status":"publish","type":"post","link":"https:\/\/www.europesays.com\/it\/179774\/","title":{"rendered":"STM perde quasi l&#8217;8% dopo la trimestrale"},"content":{"rendered":"<p><img loading=\"lazy\" decoding=\"async\" style=\"float: left;\" src=\"https:\/\/www.europesays.com\/it\/wp-content\/uploads\/2025\/07\/stmicroelectronics-logo_1.jpeg\" alt=\"stmicroelectronics-logo_1\" width=\"200\" height=\"200\" \/>Giornata decisamente negativa per <a href=\"https:\/\/www.soldionline.it\/quotazioni\/dettaglio\/NL0000226223.html\" rel=\"nofollow noopener\" target=\"_blank\"><strong>STM<\/strong><\/a>, che registra la peggiore performance al FTSEMib. Alle ore 12.04 il titolo <strong>perdeva il 7,88%<\/strong> a 23,49 euro, dopo aver oscillato tra un minimo di 23,33 euro e un massimo di 24,98 euro. Elevati i volumi: alla stessa ora erano passate di mano circa 9,2 milioni di azioni.<\/p>\n<p>La societ\u00e0 ha comunicato i <a href=\"https:\/\/www.soldionline.it\/notizie\/azioni-italia\/conti-stm-terzo-trimestre-2025\" target=\"_blank\" rel=\"nofollow noopener\">risultati finanziari del 3\u00b0 trimestre del 2025<\/a>, periodo chiuso con una contrazione dei ricavi e della marginalit\u00e0. I vertici del gruppo italofrancese hanno fornito anche alcune stime finanziarie per il trimestre in corso e per l\u2019intero 2025.<\/p>\n<p>\u00a0<\/p>\n<p>Questo  scritto \u00e8 redatto a solo scopo informativo, pu\u00f2 essere modificato  in  qualsiasi momento e NON pu\u00f2 essere considerato sollecitazione  al  pubblico risparmio. &#13;<br \/>\n Il sito web non garantisce la correttezza e non si assume la responsabilit\u00e0 in merito all\u2019uso delle informazioni ivi riportate.<\/p>\n","protected":false},"excerpt":{"rendered":"Giornata decisamente negativa per STM, che registra la peggiore performance al FTSEMib. Alle ore 12.04 il titolo perdeva&hellip;\n","protected":false},"author":3,"featured_media":4960,"comment_status":"","ping_status":"","sticky":false,"template":"","format":"standard","meta":{"footnotes":""},"categories":[172],"tags":[178,177,1537,90,89,7,8107],"class_list":{"0":"post-179774","1":"post","2":"type-post","3":"status-publish","4":"format-standard","5":"has-post-thumbnail","7":"category-affari","8":"tag-affari","9":"tag-business","10":"tag-it","11":"tag-italia","12":"tag-italy","13":"tag-news","14":"tag-stm"},"share_on_mastodon":{"url":"https:\/\/pubeurope.com\/@it\/115423040378548689","error":""},"_links":{"self":[{"href":"https:\/\/www.europesays.com\/it\/wp-json\/wp\/v2\/posts\/179774","targetHints":{"allow":["GET"]}}],"collection":[{"href":"https:\/\/www.europesays.com\/it\/wp-json\/wp\/v2\/posts"}],"about":[{"href":"https:\/\/www.europesays.com\/it\/wp-json\/wp\/v2\/types\/post"}],"author":[{"embeddable":true,"href":"https:\/\/www.europesays.com\/it\/wp-json\/wp\/v2\/users\/3"}],"replies":[{"embeddable":true,"href":"https:\/\/www.europesays.com\/it\/wp-json\/wp\/v2\/comments?post=179774"}],"version-history":[{"count":0,"href":"https:\/\/www.europesays.com\/it\/wp-json\/wp\/v2\/posts\/179774\/revisions"}],"wp:featuredmedia":[{"embeddable":true,"href":"https:\/\/www.europesays.com\/it\/wp-json\/wp\/v2\/media\/4960"}],"wp:attachment":[{"href":"https:\/\/www.europesays.com\/it\/wp-json\/wp\/v2\/media?parent=179774"}],"wp:term":[{"taxonomy":"category","embeddable":true,"href":"https:\/\/www.europesays.com\/it\/wp-json\/wp\/v2\/categories?post=179774"},{"taxonomy":"post_tag","embeddable":true,"href":"https:\/\/www.europesays.com\/it\/wp-json\/wp\/v2\/tags?post=179774"}],"curies":[{"name":"wp","href":"https:\/\/api.w.org\/{rel}","templated":true}]}}