{"id":180018,"date":"2025-10-23T13:31:22","date_gmt":"2025-10-23T13:31:22","guid":{"rendered":"https:\/\/www.europesays.com\/it\/180018\/"},"modified":"2025-10-23T13:31:22","modified_gmt":"2025-10-23T13:31:22","slug":"worldsbk-13","status":"publish","type":"post","link":"https:\/\/www.europesays.com\/it\/180018\/","title":{"rendered":"WorldSBK"},"content":{"rendered":"<p>&#13;<br \/>\n\tLiberty Media Corporation ha ricevuto l\u2019approvazione incondizionata da parte della Commissione Europea al fine di completare la propria acquisizione di Dorna Sports S.L., detentrice dei diritti della MotoGP\u2122. La chiusura dell\u2019accordo \u00e8 prevista prima del 3 luglio 2025, aprendo la porta a una nuova era per questo sport.<\/p>\n<p>&#13;<br \/>\n\tLiberty Media porter\u00e0 la propria esperienza per incrementare ulteriormente la propria fanbase e per far crescere questo sport sia a livello globale che commerciale. <strong>Carmelo Ezpeleta<\/strong>, CEO di Dorna dal 1998, continuer\u00e0 a guidare l\u2019azienda che detiene i diritti di MotoGP, WorldSBK, WorldWCR e non solo.<\/p>\n<p>&#13;<br \/>\n\t&#8220;L\u2019approvazione arrivata in data odierna da parte della Commissione Europea rappresenta la condizione finale in relazione all\u2019acquisizione della MotoGP da parte di Liberty. Siamo entusiasti di dare il via alla partnership di Liberty con Carmelo e con il suo eccellente team di management\u201d, le parole di <strong>Derek Chang,<\/strong> Presidente e CEO di Liberty Media. \u201cLa MotoGP rappresenta un asset sportivo di primo livello, molto attrattivo e con delle gare incredibili, una fanbase appassionata e un importante flusso di cassa. Crediamo che questo sport e il brand presentino dei significativi potenziali di crescita che puntiamo a rendere realt\u00e0 grazie alla profonda connessione con la fan base e l\u2019espansione verso un\u2019audience totalmente globale\u201d.<\/p>\n<p>&#13;<br \/>\n\t\u201cSiamo molto felici dell\u2019approvazione della transazione da parte della Commissione Europea. Si tratta di un importante traguardo che conferma che ci attende un futuro ancora pi\u00f9 luminoso\u201d, ha dichiarato<strong> Carmelo Ezpeleta,<\/strong> CEO Dorna Sports, detentrice dei diritti della MotoGP. \u201cLa MotoGP \u00e8 uno degli sport pi\u00f9 avvincenti sulla Terra e non vediamo l\u2019ora di accelerare la crescita di questo sport e di raggiungere ancora pi\u00f9 appassionati in tutto il mondo. Liberty \u00e8 il miglior partner possibile per il nostro sport e per tutta la comunit\u00e0 e siamo entusiasti di creare ancora maggior valore per i nostri appassionati, partner commerciali e per tutti coloro che scendono in pista\u201d.<\/p>\n<p>&#13;<br \/>\n\tLiberty Media acquisir\u00e0 l\u201984% di Dorna Sports mentre il management della MotoGP conserver\u00e0 il restante 16% del business.<\/p>\n","protected":false},"excerpt":{"rendered":"&#13; Liberty Media Corporation ha ricevuto l\u2019approvazione incondizionata da parte della Commissione Europea al fine di completare la&hellip;\n","protected":false},"author":3,"featured_media":180019,"comment_status":"","ping_status":"","sticky":false,"template":"","format":"standard","meta":{"footnotes":""},"categories":[1455],"tags":[1537,90,89,1783,1784,245,244],"class_list":{"0":"post-180018","1":"post","2":"type-post","3":"status-publish","4":"format-standard","5":"has-post-thumbnail","7":"category-moto","8":"tag-it","9":"tag-italia","10":"tag-italy","11":"tag-moto","12":"tag-motorcycle","13":"tag-sport","14":"tag-sports"},"share_on_mastodon":{"url":"https:\/\/pubeurope.com\/@it\/115423732372556685","error":""},"_links":{"self":[{"href":"https:\/\/www.europesays.com\/it\/wp-json\/wp\/v2\/posts\/180018","targetHints":{"allow":["GET"]}}],"collection":[{"href":"https:\/\/www.europesays.com\/it\/wp-json\/wp\/v2\/posts"}],"about":[{"href":"https:\/\/www.europesays.com\/it\/wp-json\/wp\/v2\/types\/post"}],"author":[{"embeddable":true,"href":"https:\/\/www.europesays.com\/it\/wp-json\/wp\/v2\/users\/3"}],"replies":[{"embeddable":true,"href":"https:\/\/www.europesays.com\/it\/wp-json\/wp\/v2\/comments?post=180018"}],"version-history":[{"count":0,"href":"https:\/\/www.europesays.com\/it\/wp-json\/wp\/v2\/posts\/180018\/revisions"}],"wp:featuredmedia":[{"embeddable":true,"href":"https:\/\/www.europesays.com\/it\/wp-json\/wp\/v2\/media\/180019"}],"wp:attachment":[{"href":"https:\/\/www.europesays.com\/it\/wp-json\/wp\/v2\/media?parent=180018"}],"wp:term":[{"taxonomy":"category","embeddable":true,"href":"https:\/\/www.europesays.com\/it\/wp-json\/wp\/v2\/categories?post=180018"},{"taxonomy":"post_tag","embeddable":true,"href":"https:\/\/www.europesays.com\/it\/wp-json\/wp\/v2\/tags?post=180018"}],"curies":[{"name":"wp","href":"https:\/\/api.w.org\/{rel}","templated":true}]}}