{"id":180020,"date":"2025-10-23T13:32:10","date_gmt":"2025-10-23T13:32:10","guid":{"rendered":"https:\/\/www.europesays.com\/it\/180020\/"},"modified":"2025-10-23T13:32:10","modified_gmt":"2025-10-23T13:32:10","slug":"formula-1-gp-del-messico-sfida-ad-alta-quota","status":"publish","type":"post","link":"https:\/\/www.europesays.com\/it\/180020\/","title":{"rendered":"Formula 1 &#8211; GP del Messico, sfida ad alta quota"},"content":{"rendered":"<p class=\"article-text\">La Formula 1 non si ferma e, dopo l\u2019appuntamento texano di Austin, prosegue il suo tour americano scendendo di qualche migliaio di chilometri. All\u2019ombra dei vulcani Popocat\u00e9petl e Iztacc\u00edhuatl, l\u2019<b>Aut\u00f3dromo Hermanos Rodr\u00edguez<\/b> \u00e8 pronto ad accogliere l\u2019ennesimo capitolo di un mondiale che, a sorpresa, resta apertissimo.<\/p>\n<p class=\"article-text\"><b>Scenario. <\/b>Oscar Piastri guida ancora la classifica, ma la McLaren non \u00e8 pi\u00f9 la corazzata inattaccabile di met\u00e0 stagione. La doppia battuta d\u2019arresto nella Sprint di Austin ha contribuito a ravvivare le speranze di un Max Verstappen tornato in piena corsa per il titolo: il campione del mondo in carica ha dominato sia la Sprint che il Gran Premio, riducendo a 40 i punti di distacco dal leader quando mancano ancora cinque tappe e due Sprint. Max ora ci crede: \u201cAbbiamo una chance, ma dobbiamo essere perfetti\u201d. \u00a0Dietro, la sfida tra la Mercedes e la Ferrari per il secondo posto Costruttori si fa sempre pi\u00f9 serrata. Pi\u00f9 staccata, ma ancora in crescita, la Williams, che guida il gruppo di centro classifica davanti a Racing Bulls, Aston Martin e Alpine, dove non sono mancate tensioni interne dopo l\u2019episodio Colapinto-Gasly.<\/p>\n<p class=\"article-text\"><b>Sfida ad alta quota. <\/b>A rendere speciale il Gran Premio del Messico non \u00e8 solo l\u2019atmosfera elettrizzante del Foro Sol, lo stadio che abbraccia l\u2019ultimo settore del tracciato, ma anche la posizione geografica estrema del circuito: oltre 2.200 metri di altitudine, la pi\u00f9 elevata dell\u2019intero calendario. L\u2019aria rarefatta riduce la densit\u00e0 e quindi il carico aerodinamico, costringendo i team a configurazioni da massimo downforce, paragonabili a Monte Carlo, pur con velocit\u00e0 di punta che superano i 360 km\/h grazie alla minore resistenza all\u2019avanzamento.<b> <\/b>Questa condizione altera ogni equilibrio: i motori faticano a raffreddarsi, i freni lavorano al limite e la gestione delle temperature diventa cruciale. Le simulazioni parlano chiaro: l\u2019usura resta contenuta, ma l\u2019attenzione va agli pneumatici di sinistra, maggiormente sollecitati nella sequenza di curve centrali, quelle dalla 4 alla 11.<b\/><\/p>\n<p class=\"article-text\"><b>Strategie aperte e graining in agguato. <\/b>La Pirelli ha deciso di confermare il \u201csalto di mescola\u201d, nominando le C2-C4-C5: una scelta che apre diverse interpretazioni strategiche. La Hard (C2) sar\u00e0 una <a href=\"https:\/\/amzn.to\/4ai9IWD\" rel=\"nofollow noopener\" target=\"_blank\">gomma<\/a> di pura resistenza, utile per chi punter\u00e0 su una sola sosta, mentre Medium (C4) e Soft (C5) garantiranno prestazione pura ma con il rischio di doverle gestire su due stint. Il graining, favorito dalla bassa aderenza e dal poco carico aerodinamico, potrebbe essere la variabile chiave.<b> <\/b>L\u2019Aut\u00f3dromo Hermanos Rodr\u00edguez, 4.304 km e 17 curve, non perdona errori: il lungo rettilineo di oltre un chilometro mette a dura prova la gestione dell\u2019energia ibrida, mentre la sezione lenta dentro lo stadio rappresenta un banco di prova per trazione, freni e bilanciamento meccanico.<b> <\/b>E se l\u2019aria rarefatta di Citt\u00e0 del Messico toglier\u00e0 ossigeno ai motori, di certo ne aggiunger\u00e0 alla battaglia mondiale.<b\/><\/p>\n<p class=\"article-text\"><b>Come seguire il GP del Messico in TV.<\/b> Sar\u00e0 la pay-tv a trasmettere ogni momento di questo weekend ad alta quota, ma qualifiche e gara troveranno sempre spazio nella programmazione di TV8, in chiaro per tutti, seppur in differita di qualche ora. Ecco il programma del weekend, gi\u00e0 convertito al fuso orario italiano.<\/p>\n<p class=\"article-text\"><b>Venerd\u00ec 24 ottobre<\/b><\/p>\n<p class=\"article-text\">Prove Libere 1 dalle 20.30 in diretta esclusiva su Sky Sport F1<\/p>\n<p class=\"article-text\">Prove Libere 2 dalle 00.00 in diretta esclusiva su Sky Sport F1<\/p>\n<p class=\"article-text\"><b>Sabato 25 ottobre<\/b><\/p>\n<p class=\"article-text\">Prove Libere 3 dalle 19.30 in diretta esclusiva su Sky Sport F1<\/p>\n<p class=\"article-text\">Qualifiche alle 23.00 in diretta su Sky Sport F1.<\/p>\n<p class=\"article-text\"><b>Domenica 26 Ottobre<\/b><\/p>\n<p class=\"article-text\">Gara, partenza alle 21 in diretta su Sky Sport F1.<\/p>\n<p class=\"article-text\">Differita TV8 delle qualifiche alle 19:45. Differita della gara alle 22:30.<\/p>\n","protected":false},"excerpt":{"rendered":"La Formula 1 non si ferma e, dopo l\u2019appuntamento texano di Austin, prosegue il suo tour americano scendendo&hellip;\n","protected":false},"author":3,"featured_media":180021,"comment_status":"","ping_status":"","sticky":false,"template":"","format":"standard","meta":{"footnotes":""},"categories":[1454],"tags":[1770,683,1771,1537,90,89,245,244],"class_list":{"0":"post-180020","1":"post","2":"type-post","3":"status-publish","4":"format-standard","5":"has-post-thumbnail","7":"category-f1","8":"tag-f1","9":"tag-formula-1","10":"tag-formula1","11":"tag-it","12":"tag-italia","13":"tag-italy","14":"tag-sport","15":"tag-sports"},"share_on_mastodon":{"url":"https:\/\/pubeurope.com\/@it\/115423736175529021","error":""},"_links":{"self":[{"href":"https:\/\/www.europesays.com\/it\/wp-json\/wp\/v2\/posts\/180020","targetHints":{"allow":["GET"]}}],"collection":[{"href":"https:\/\/www.europesays.com\/it\/wp-json\/wp\/v2\/posts"}],"about":[{"href":"https:\/\/www.europesays.com\/it\/wp-json\/wp\/v2\/types\/post"}],"author":[{"embeddable":true,"href":"https:\/\/www.europesays.com\/it\/wp-json\/wp\/v2\/users\/3"}],"replies":[{"embeddable":true,"href":"https:\/\/www.europesays.com\/it\/wp-json\/wp\/v2\/comments?post=180020"}],"version-history":[{"count":0,"href":"https:\/\/www.europesays.com\/it\/wp-json\/wp\/v2\/posts\/180020\/revisions"}],"wp:featuredmedia":[{"embeddable":true,"href":"https:\/\/www.europesays.com\/it\/wp-json\/wp\/v2\/media\/180021"}],"wp:attachment":[{"href":"https:\/\/www.europesays.com\/it\/wp-json\/wp\/v2\/media?parent=180020"}],"wp:term":[{"taxonomy":"category","embeddable":true,"href":"https:\/\/www.europesays.com\/it\/wp-json\/wp\/v2\/categories?post=180020"},{"taxonomy":"post_tag","embeddable":true,"href":"https:\/\/www.europesays.com\/it\/wp-json\/wp\/v2\/tags?post=180020"}],"curies":[{"name":"wp","href":"https:\/\/api.w.org\/{rel}","templated":true}]}}