{"id":180052,"date":"2025-10-23T13:55:10","date_gmt":"2025-10-23T13:55:10","guid":{"rendered":"https:\/\/www.europesays.com\/it\/180052\/"},"modified":"2025-10-23T13:55:10","modified_gmt":"2025-10-23T13:55:10","slug":"benetton-rugby-2025-26-una-nuova-maglia-allinsegna-della-sostenibilita-ambientale-e-sociale","status":"publish","type":"post","link":"https:\/\/www.europesays.com\/it\/180052\/","title":{"rendered":"Benetton Rugby 2025\/26: una nuova maglia all&#8217;insegna della sostenibilit\u00e0 ambientale e sociale"},"content":{"rendered":"<p>Il club biancoverde presenta la divisa away per la nuova stagione, un completo ricco di dettagli inediti<\/p>\n<p>\t\t\t\t\t\t<img fetchpriority=\"high\" decoding=\"async\" aria-describedby=\"caption-attachment-292041\" class=\"wp-image-292041 size-full\" src=\"https:\/\/www.europesays.com\/it\/wp-content\/uploads\/2025\/10\/benetton_maglia_away_202526.jpg\" alt=\"\" width=\"940\" height=\"788\"  \/><\/p>\n<p id=\"caption-attachment-292041\" class=\"wp-caption-text\">Benetton Rugby 2025\/26: una nuova maglia all\u2019insegna della sostenibilit\u00e0 ambientale e sociale<\/p>\n<p>Il Benetton Rugby ha presentato la nuova maglia da trasferta per la stagione 2025\/26, un progetto che va oltre l\u2019aspetto tecnico e diventa un manifesto dei valori del club. Dominata dalle tonalit\u00e0 del blu con dettagli in verde fluo, la divisa rappresenta l\u2019impegno concreto della societ\u00e0 trevigiana verso la sostenibilit\u00e0 ambientale e sociale, frutto di un percorso di responsabilit\u00e0 intrapreso ormai da anni.<\/p>\n<p>Al centro del design spicca un\u2019impronta digitale che racchiude gli elementi della natura\u00a0 intrecciati a figure umane che si tengono per mano: un richiamo visivo al legame tra uomo e ambiente, sport e comunit\u00e0. Anche i nomi dei giocatori sono personalizzati con piccoli dettagli grafici ispirati alla sostenibilit\u00e0.<\/p>\n<p><strong>Leggi anche:\u00a0<a href=\"https:\/\/www.onrugby.it\/2025\/10\/22\/benetton-rugby-matt-gallagher-delusi-dalla-partita-di-edimburgo-ritrovare-compattezza-per-riscattarci\/\" rel=\"nofollow noopener\" target=\"_blank\">Benetton Rugby, Matt Gallagher: \u201cDelusi dalla partita di Edimburgo. Ritrovare compattezza per riscattarci\u201d<\/a><\/strong><\/p>\n<p>La maglia \u00e8 stata realizzata in un tessuto tecnico resistente ed elastico, pensato per garantire comfort e libert\u00e0 di movimento. Il colletto bianco alla coreana e le scritte in verde fluo completano un\u2019estetica moderna e dinamica.<\/p>\n<p>Con il claim \u201cOne Team, One Planet\u201d, riportato sul retro della maglia, il club veneto riafferma la propria volont\u00e0 di essere non solo una squadra sportiva di alto livello, ma anche un esempio di sport sostenibile e consapevole.<\/p>\n<p>Il video della nuova maglia away 2025\/26<\/p>\n<p>onrugby.it \u00a9 riproduzione riservata<\/p>\n<p>Cari Lettori,<\/p>\n<p>OnRugby, da oltre 10 anni, Vi offre gratuitamente un\u2019informazione puntuale e quotidiana sul<br \/>\n\t\t\t\t\t\t\t\tmondo della palla ovale. <b>Il nostro lavoro ha un costo che viene ripagato dalla pubblicit\u00e0, in particolare quella personalizzata.<\/b><\/p>\n<p>Quando Vi viene proposta l\u2019informativa sul rilascio di cookie o tecnologie simili, Vi chiediamo di sostenerci dando il Vostro consenso.<\/p>\n","protected":false},"excerpt":{"rendered":"Il club biancoverde presenta la divisa away per la nuova stagione, un completo ricco di dettagli inediti Benetton&hellip;\n","protected":false},"author":3,"featured_media":180053,"comment_status":"","ping_status":"","sticky":false,"template":"","format":"standard","meta":{"footnotes":""},"categories":[1458],"tags":[1537,90,89,1840,245,244],"class_list":{"0":"post-180052","1":"post","2":"type-post","3":"status-publish","4":"format-standard","5":"has-post-thumbnail","7":"category-rugby","8":"tag-it","9":"tag-italia","10":"tag-italy","11":"tag-rugby","12":"tag-sport","13":"tag-sports"},"share_on_mastodon":{"url":"https:\/\/pubeurope.com\/@it\/115423826862216234","error":""},"_links":{"self":[{"href":"https:\/\/www.europesays.com\/it\/wp-json\/wp\/v2\/posts\/180052","targetHints":{"allow":["GET"]}}],"collection":[{"href":"https:\/\/www.europesays.com\/it\/wp-json\/wp\/v2\/posts"}],"about":[{"href":"https:\/\/www.europesays.com\/it\/wp-json\/wp\/v2\/types\/post"}],"author":[{"embeddable":true,"href":"https:\/\/www.europesays.com\/it\/wp-json\/wp\/v2\/users\/3"}],"replies":[{"embeddable":true,"href":"https:\/\/www.europesays.com\/it\/wp-json\/wp\/v2\/comments?post=180052"}],"version-history":[{"count":0,"href":"https:\/\/www.europesays.com\/it\/wp-json\/wp\/v2\/posts\/180052\/revisions"}],"wp:featuredmedia":[{"embeddable":true,"href":"https:\/\/www.europesays.com\/it\/wp-json\/wp\/v2\/media\/180053"}],"wp:attachment":[{"href":"https:\/\/www.europesays.com\/it\/wp-json\/wp\/v2\/media?parent=180052"}],"wp:term":[{"taxonomy":"category","embeddable":true,"href":"https:\/\/www.europesays.com\/it\/wp-json\/wp\/v2\/categories?post=180052"},{"taxonomy":"post_tag","embeddable":true,"href":"https:\/\/www.europesays.com\/it\/wp-json\/wp\/v2\/tags?post=180052"}],"curies":[{"name":"wp","href":"https:\/\/api.w.org\/{rel}","templated":true}]}}