{"id":180056,"date":"2025-10-23T13:57:13","date_gmt":"2025-10-23T13:57:13","guid":{"rendered":"https:\/\/www.europesays.com\/it\/180056\/"},"modified":"2025-10-23T13:57:13","modified_gmt":"2025-10-23T13:57:13","slug":"uae-team-emirates-xrg-svelata-la-rosa-del-vivaio-per-il-2026-confermati-i-tre-italiani","status":"publish","type":"post","link":"https:\/\/www.europesays.com\/it\/180056\/","title":{"rendered":"UAE Team Emirates XRG, svelata la rosa del vivaio per il 2026: confermati i tre italiani"},"content":{"rendered":"<p>\t\t<img width=\"1200\" height=\"800\" src=\"https:\/\/www.europesays.com\/it\/wp-content\/uploads\/2025\/08\/UAE-Team-Emirates-Podio-Vuelta-a-Espana-2025.webp.webp\" class=\"attachment-full size-full wp-post-image\" alt=\"\" data-main-img=\"1\" decoding=\"async\" fetchpriority=\"high\"  \/><\/p>\n<p>\t\t\t\t\t<a href=\"https:\/\/cyclingpro.net\/spaziociclismo\/altro\/scopri-lapp-ufficiale-di-spaziociclismo\/\" title=\"\" rel=\"nofollow noopener\" target=\"_blank\"><br \/>\n\t\t\t\t\t\t<img loading=\"lazy\" decoding=\"async\" src=\"https:\/\/www.europesays.com\/it\/wp-content\/uploads\/2025\/09\/1758060682_662_Banner-App-SpazioCiclismo.png\" alt=\"\" width=\"728\" height=\"91\"\/><br \/>\n\t\t\t\t\t<\/a><\/p>\n<p dir=\"ltr\">La\u00a0<strong>UAE Team Emirates XRG<\/strong>\u00a0ha svelato la lista dei corridori che faranno parte del\u00a0vivaio <strong>Gen Z<\/strong>\u00a0per la stagione 2026. Il team di sviluppo sar\u00e0 composto da tredici atleti, cinque dei quali faranno il proprio esordio con la squadra emiratina, mentre i restanti vengono confermati nel roster. Tra questi troviamo anche tre corridori italiani, che proseguiranno il loro percorso di sviluppo, ovvero\u00a0<strong>Luca Giami<\/strong>, <strong>Enea Sambinello<\/strong> e <strong>Davide Stella<\/strong>. I nuovi volti per la prossima stagione saranno invece l\u2019austriaco <strong>Heimo Fugger<\/strong>, l\u2019olandese <strong>Daan Dijkman<\/strong>, il belga <strong>Matteo Vanden Wijngaert<\/strong>, il tedesco <strong>Moritz Mauss<\/strong> e lo spagnolo <strong>Jaime Torres<\/strong>.<\/p>\n<p dir=\"ltr\">Rispetto alla formazione dell\u2019ultima stagione sette corridori hanno ottenuto il rinnovo di contratto, mentre sei lasceranno la UAE Team Emirates XRG Gen Z. I rinnovi per il prossimo anno sono stati concessi anche ai corridori di casa <strong>Mohammed Almutaiwei<\/strong> e <strong>Abdulla Jasim Al-Ali<\/strong>, al francese <strong>Ugo Fabries<\/strong>, allo spagnolo <strong>Marcos Freire<\/strong>, all\u2019ecuadoriano <strong>Mateo Ram\u00edrez<\/strong>, oltre ai tre italiani citati in precedenza. Da sottolineare come tutte e tre i nostri portacolori si siano guadagnati il rinnovo grazie ai risultati positivi ottenuti nel corso della stagione. Luca Giami \u00e8 stato protagonista in Portogallo, vincendo il Trof\u00e9u Internacional da Arr\u00e1bida e la quinta tappa della Volta ao Alentejo, dove si \u00e8 imposto nella seconda frazione anche Davide Stella, che in precedenza aveva ottenuto il successo nella prima tappa del Tour of Sharjah. Non \u00e8 invece riuscito ad alzare le braccia Enea Sambinello, che ha comunque ottenuto dei piazzamenti importanti come il sesto posto nella quarta tappa del Tour du Rwanda, oltre al quarto ai Campionati Italiani di categoria, nonch\u00e9 essere stato presenza costante con la maglia della prima squadra, con cui ha partecipato a 16 corse per un totale di 25 giorni di gara.<\/p>\n<p dir=\"ltr\">Tra coloro che lasciano il vivaio c\u2019\u00e8 invece il diciannovenne spagnolo\u00a0<strong>Adri\u00e0 Pericas<\/strong>, <a href=\"https:\/\/cyclingpro.net\/spaziociclismo\/ciclomercato\/uae-team-emirates-xrg-adria-pericas-promosso-in-prima-squadra-sino-al-2030-un-sogno-che-si-avvera\/\" rel=\"nofollow noopener\" target=\"_blank\">che ha ottenuto il passaggio con la squadra WorldTour per la prossima stagione<\/a>. Spicca invece il mancato rinnovo dello slovacco\u00a0<strong>Matthias Schwarzbacher<\/strong>, che era stata la prima maglia rosa al Giro d\u2019Italia Next Gen, vincendo la cronometro inaugurale di Rho. Gli altri atleti che dovranno cercare un\u2019altra squadra sono lo sloveno <strong>An\u017ee Ravbar<\/strong> e i belgi <strong>Gibbe Staes<\/strong> e <strong>Duarte Marivoet<\/strong>.<\/p>\n<p>Seguici<\/p>\n<p>\t\t\t\t\t\t\t\t\t\t<a href=\"https:\/\/news.google.com\/publications\/CAAqBwgKMNaVhQswhaiCAw?hl=it&amp;gl=IT&amp;ceid=IT%3Ait\" title=\"Google News\" target=\"_blank\" rel=\"nofollow noopener\" class=\"post-followus-btn google-new-btn\"><br \/>\n\t\t\t\t\t\t<img decoding=\"async\" src=\"https:\/\/cyclingpro.net\/spaziociclismo\/wp-content\/themes\/jannah\/assets\/images\/google-news.svg\" alt=\"Google News\" loading=\"lazy\" width=\"120\" height=\"22\"\/><br \/>\n\t\t\t\t\t<\/a><br \/>\n\t\t\t\t\t\t\t\t\t\t<a href=\"https:\/\/flipboard.com\/@SpazioCiclismo\" title=\"Flipboard\" target=\"_blank\" rel=\"nofollow noopener\" class=\"post-followus-btn flipboard-btn\"><br \/>\n\t\t\t\t\t\t<img decoding=\"async\" src=\"https:\/\/cyclingpro.net\/spaziociclismo\/wp-content\/themes\/jannah\/assets\/images\/flipboard.svg\" alt=\"Flipboard\" loading=\"lazy\" width=\"152\" height=\"30\"\/><br \/>\n\t\t\t\t\t<\/a><\/p>\n","protected":false},"excerpt":{"rendered":"La\u00a0UAE Team Emirates XRG\u00a0ha svelato la lista dei corridori che faranno parte del\u00a0vivaio Gen Z\u00a0per la stagione 2026.&hellip;\n","protected":false},"author":3,"featured_media":77185,"comment_status":"","ping_status":"","sticky":false,"template":"","format":"standard","meta":{"footnotes":""},"categories":[1456],"tags":[1824,1825,1537,90,89,245,244,1828],"class_list":{"0":"post-180056","1":"post","2":"type-post","3":"status-publish","4":"format-standard","5":"has-post-thumbnail","7":"category-ciclismo","8":"tag-ciclismo","9":"tag-cycling","10":"tag-it","11":"tag-italia","12":"tag-italy","13":"tag-sport","14":"tag-sports","15":"tag-uae-team-emirates-xrg-2025"},"share_on_mastodon":{"url":"https:\/\/pubeurope.com\/@it\/115423834861984117","error":""},"_links":{"self":[{"href":"https:\/\/www.europesays.com\/it\/wp-json\/wp\/v2\/posts\/180056","targetHints":{"allow":["GET"]}}],"collection":[{"href":"https:\/\/www.europesays.com\/it\/wp-json\/wp\/v2\/posts"}],"about":[{"href":"https:\/\/www.europesays.com\/it\/wp-json\/wp\/v2\/types\/post"}],"author":[{"embeddable":true,"href":"https:\/\/www.europesays.com\/it\/wp-json\/wp\/v2\/users\/3"}],"replies":[{"embeddable":true,"href":"https:\/\/www.europesays.com\/it\/wp-json\/wp\/v2\/comments?post=180056"}],"version-history":[{"count":0,"href":"https:\/\/www.europesays.com\/it\/wp-json\/wp\/v2\/posts\/180056\/revisions"}],"wp:featuredmedia":[{"embeddable":true,"href":"https:\/\/www.europesays.com\/it\/wp-json\/wp\/v2\/media\/77185"}],"wp:attachment":[{"href":"https:\/\/www.europesays.com\/it\/wp-json\/wp\/v2\/media?parent=180056"}],"wp:term":[{"taxonomy":"category","embeddable":true,"href":"https:\/\/www.europesays.com\/it\/wp-json\/wp\/v2\/categories?post=180056"},{"taxonomy":"post_tag","embeddable":true,"href":"https:\/\/www.europesays.com\/it\/wp-json\/wp\/v2\/tags?post=180056"}],"curies":[{"name":"wp","href":"https:\/\/api.w.org\/{rel}","templated":true}]}}