{"id":180065,"date":"2025-10-23T14:02:09","date_gmt":"2025-10-23T14:02:09","guid":{"rendered":"https:\/\/www.europesays.com\/it\/180065\/"},"modified":"2025-10-23T14:02:09","modified_gmt":"2025-10-23T14:02:09","slug":"enrica-bonaccorti-il-mio-tumore-e-inoperabile-non-credo-nei-miracoli-ma-nel-futuro","status":"publish","type":"post","link":"https:\/\/www.europesays.com\/it\/180065\/","title":{"rendered":"Enrica Bonaccorti: \u00abIl mio tumore \u00e8 inoperabile. Non credo nei miracoli, ma nel futuro\u00bb"},"content":{"rendered":"<p>    di<br \/>\n    Federica Bandirali<\/p>\n<p class=\"summary-art is-line-h-12\">In un&#8217;intervista a Gente, la conduttrice ha rivelato dettagli del male che sta combattendo: \u00abMi hanno sospeso la chemioterapia, non ho avuto pi\u00f9 dolori n\u00e9 nausea, ma mi \u00e8 rimasta la debolezza. Ora inizier\u00f2 le sedute di radioterapia\u00bb ha detto<\/p>\n<p class=\"chapter-paragraph\">Enrica Bonaccorti, dopo la diagnosi di un tumore al pancreas, ha parlato delle sue condizioni oggi, momento in cui sta combattendo la sua battaglia:\u00a0 \u00abIl tumore si \u00e8 insinuato in un punto del corpo molto delicato, \u00e8 impossibile operarlo, rimuoverlo. Purtroppo\u00bb, ha raccontato in un&#8217;intervista al giornale &#8220;Gente&#8221;: \u00abMi hanno sospeso la chemioterapia, non ho avuto pi\u00f9 dolori n\u00e9 nausea, ma mi \u00e8 rimasta la debolezza. Ora inizier\u00f2 le sedute di radioterapia\u00bb. Non le manca per\u00f2 la fiducia nei medici e nella medicina: \u00abGrazie ai racconti di chi c&#8217;era passato, di chi l&#8217;aveva superato o lo sta affrontando come me sono tornata ad avere uno sguardo verso il futuro e a credere che sia possibile andare avanti. Pare che l&#8217;atteggiamento positivo aiuti molto&#8230; dunque, guarir\u00f2!\u00bb.\u00a0<\/p>\n<p class=\"chapter-paragraph\">Bonaccorti ha parlato per la prima volta a Gente dopo la scoperta del tumore: \u00abEro andata a ritirare i risultati delle analisi a seguito dell&#8217;intervento. Volevo chiedere se sarei potuta andare in vacanza, invece dopo tre giorni facevo gi\u00e0 la prima seduta di chemioterapia: mi avevano trovato un tumore al pancreas\u00bb ha detto.\u00a0Dalla scoperta del tumore Enrica ha perso quattro chili\u00a0 ma ha trovato nel sonno e nella scrittura un modo per stare meglio: \u00abSto raccogliendo i miei racconti e a gennaio uscir\u00e0 il libro &#8220;Nove novelle senza lieto fine&#8221;\u00bb    &#13;<br \/>\n&#13;<br \/>\n&#13;<br \/>\n&#13;<br \/>\n&#13;<br \/>\n&#13;<br \/>\n&#13;<br \/>\n&#13;<br \/>\n&#13;<br \/>\n&#13;<br \/>\n&#13;<br \/>\n&#13;<br \/>\n&#13;<br \/>\n&#13;<br \/>\n&#13;<br \/>\n&#13;<br \/>\n&#13;<br \/>\n&#13;<br \/>\n&#13;<br \/>\n&#13;<br \/>\n&#13;<br \/>\n&#13;<br \/>\n&#13;<br \/>\n&#13;<br \/>\n&#13;<br \/>\n&#13;<br \/>\n&#13;<br \/>\n&#13;<br \/>\n&#13;<br \/>\n&#13;<br \/>\n&#13;<br \/>\n&#13;<br \/>\n&#13;<br \/>\n&#13;<br \/>\n&#13;<br \/>\n&#13;<br \/>\n&#13;<br \/>\n&#13;<br \/>\n&#13;<br \/>\n&#13;<br \/>\n&#13;<br \/>\n&#13;<br \/>\n&#13;<br \/>\n&#13;<br \/>\n&#13;<br \/>\n&#13;<br \/>\n&#13;<br \/>\n&#13;<br \/>\n&#13;<br \/>\n&#13;<br \/>\n&#13;<br \/>\n&#13;<br \/>\n&#13;\n<\/p>\n<p class=\"is-last-update\" datetime=\"2025-10-23T15:25:09+02:00\">23 ottobre 2025 ( modifica il 23 ottobre 2025 | 15:25)<\/p>\n<p class=\"is-copyright\">\n            \u00a9 RIPRODUZIONE RISERVATA\n        <\/p>\n","protected":false},"excerpt":{"rendered":"di Federica Bandirali In un&#8217;intervista a Gente, la conduttrice ha rivelato dettagli del male che sta combattendo: \u00abMi&hellip;\n","protected":false},"author":3,"featured_media":180066,"comment_status":"","ping_status":"","sticky":false,"template":"","format":"standard","meta":{"footnotes":""},"categories":[1451],"tags":[32,83304,1621,1620,59051,109320,109321,109322,10175,109323,109324,21844,109325,109326,19328,83306,203,4965,204,1537,90,89,1900],"class_list":{"0":"post-180065","1":"post","2":"type-post","3":"status-publish","4":"format-standard","5":"has-post-thumbnail","7":"category-celebrita","8":"tag-andare","9":"tag-bonaccorti","10":"tag-celebrita","11":"tag-celebrities","12":"tag-chemioterapia","13":"tag-chemioterapia-dolori","14":"tag-chemioterapia-dolori-ne","15":"tag-combattendo","16":"tag-debolezza","17":"tag-debolezza-iniziero","18":"tag-debolezza-iniziero-sedute","19":"tag-dolori","20":"tag-dolori-ne","21":"tag-dolori-ne-nausea","22":"tag-enrica","23":"tag-enrica-bonaccorti","24":"tag-entertainment","25":"tag-gente","26":"tag-intrattenimento","27":"tag-it","28":"tag-italia","29":"tag-italy","30":"tag-tumore"},"share_on_mastodon":{"url":"https:\/\/pubeurope.com\/@it\/115423854373457563","error":""},"_links":{"self":[{"href":"https:\/\/www.europesays.com\/it\/wp-json\/wp\/v2\/posts\/180065","targetHints":{"allow":["GET"]}}],"collection":[{"href":"https:\/\/www.europesays.com\/it\/wp-json\/wp\/v2\/posts"}],"about":[{"href":"https:\/\/www.europesays.com\/it\/wp-json\/wp\/v2\/types\/post"}],"author":[{"embeddable":true,"href":"https:\/\/www.europesays.com\/it\/wp-json\/wp\/v2\/users\/3"}],"replies":[{"embeddable":true,"href":"https:\/\/www.europesays.com\/it\/wp-json\/wp\/v2\/comments?post=180065"}],"version-history":[{"count":0,"href":"https:\/\/www.europesays.com\/it\/wp-json\/wp\/v2\/posts\/180065\/revisions"}],"wp:featuredmedia":[{"embeddable":true,"href":"https:\/\/www.europesays.com\/it\/wp-json\/wp\/v2\/media\/180066"}],"wp:attachment":[{"href":"https:\/\/www.europesays.com\/it\/wp-json\/wp\/v2\/media?parent=180065"}],"wp:term":[{"taxonomy":"category","embeddable":true,"href":"https:\/\/www.europesays.com\/it\/wp-json\/wp\/v2\/categories?post=180065"},{"taxonomy":"post_tag","embeddable":true,"href":"https:\/\/www.europesays.com\/it\/wp-json\/wp\/v2\/tags?post=180065"}],"curies":[{"name":"wp","href":"https:\/\/api.w.org\/{rel}","templated":true}]}}