{"id":180079,"date":"2025-10-23T14:09:10","date_gmt":"2025-10-23T14:09:10","guid":{"rendered":"https:\/\/www.europesays.com\/it\/180079\/"},"modified":"2025-10-23T14:09:10","modified_gmt":"2025-10-23T14:09:10","slug":"altro-caso-di-dengue-in-trentino-pronte-le-operazioni-di-disinfestazione-i-consigli-alla-cittadinanza","status":"publish","type":"post","link":"https:\/\/www.europesays.com\/it\/180079\/","title":{"rendered":"Altro caso di Dengue in Trentino: pronte le operazioni di disinfestazione. I consigli alla cittadinanza"},"content":{"rendered":"<p><strong>GRIGNO<\/strong>. Ancora<strong> un caso di Dengue in Trentino<\/strong> e <a href=\"https:\/\/www.ildolomiti.it\/cronaca\/2025\/allerta-dengue-in-trentino-nuovo-caso-di-contagio-sintomi-dopo-un-viaggio-allestero-sara-effettuata-una-disinfestazione-ecco-le-zone-interessate\" rel=\"nofollow noopener\" target=\"_blank\">a pochi giorni di distanza da quello di <\/a><strong><a href=\"https:\/\/www.ildolomiti.it\/cronaca\/2025\/allerta-dengue-in-trentino-nuovo-caso-di-contagio-sintomi-dopo-un-viaggio-allestero-sara-effettuata-una-disinfestazione-ecco-le-zone-interessate\" rel=\"nofollow noopener\" target=\"_blank\">Pergine<\/a> <\/strong>siamo ancora in <strong>Valsugana, a Grigno<\/strong>. E anche in questo caso si tratterebbe di<strong> un caso importato<\/strong>. Un residente, infatti,\u00a0ha manifestato i sintomi al rientro da un viaggio all\u2019estero.<\/p>\n<p>\u00a0<\/p>\n<p>Compatibilmente con<strong> le condizioni meteorologiche<\/strong> \u00e8 stato programmato per <strong>domani mattina alle 10<\/strong> circa un trattamento di d<strong>isinfestazione contro le zanzare.<\/strong> La zona d\u2019intervento <strong>riguarder\u00e0 la parte nord dell\u2019abitato di Tezze, le aree verdi circostanti e la zona produttiva<\/strong>. I cittadini residenti nelle aree interessate dall\u2019intervento verranno prontamente informati.<\/p>\n<p>\u00a0<\/p>\n<p>Le operazioni di disinfestazione avverranno solamente nelle aree dove \u00e8 strettamente necessario (giardini e parchi pubblici e privati). L\u2019intervento prevede l\u2019utilizzo di<strong> prodotti contro le zanzare, ad azione insetticida; i prodotti utilizzati non rappresentano un rischio per le persone e per gli animali da affezione<\/strong>. \u00c8 comunque raccomandabile, a titolo precauzionale, chiudere le finestre durante l\u2019intervento effettuato nelle vicinanze della propria abitazione ed evitare l\u2019ingresso di <strong>persone ed animali subito dopo il trattamento e per un periodo di circa 5-6 ore dallo stesso<\/strong>. La collaborazione della cittadinanza \u00e8 fondamentale anche nella prevenzione: <strong>si invita a ridurre i ristagni d\u2019acqua nelle aree private (sottovasi, vasche, fontane, bidoni, grondaie), ricorrendo all\u2019uso di prodotti larvicidi da applicare una volta a settimana per circa tre settimane.<\/strong><\/p>\n<p>\u00a0<\/p>\n<p>La <strong>Dengue \u00e8 una malattia infettiva simile all\u2019influenza, trasmessa solo dalla puntura di zanzara.<\/strong> Non si trasmette mai da persona a persona e, nella maggior parte dei casi, ha un decorso benigno con febbre e dolori muscolari che si risolvono nell\u2019arco di circa una settimana tramite terapie sintomatiche. La <strong>malattia \u00e8 pressoch\u00e9 assente in Italia e nel Trentino, tuttavia \u00e8 molto frequente in alcune aree del pianeta<\/strong>, per cui non \u00e8 raro il riscontro di persone che contraggono la malattia nei paesi delle aree a rischio e che sviluppano i sintomi al rientro dal loro viaggio.<\/p>\n<p>\u00a0<\/p>\n<p>In questi casi, <strong>il rischio di diffusione della malattia tramite le zanzare presenti sul nostro territorio (soprattutto la zanzara tigre) \u00e8 remoto, ma non pu\u00f2 essere escluso<\/strong>. Pertanto, il Ministero della salute, in presenza di un caso di importazione, ha previsto alcune azioni cautelative, tra cui gli interventi per limitare la diffusione di vettori (zanzare) dall\u2019area dove risiede la persona colpita, da mettere in atto per prevenire l\u2019insorgenza dei cosiddetti casi \u00absecondari\u00bb. In questi casi <strong>gli interventi sono previsti anche nel mese di ottobre perch\u00e9 la zanzara<\/strong>, sia pure in diminuzione per il calo delle temperature, pu\u00f2 essere comunque ancora presente.<\/p>\n","protected":false},"excerpt":{"rendered":"GRIGNO. Ancora un caso di Dengue in Trentino e a pochi giorni di distanza da quello di Pergine&hellip;\n","protected":false},"author":3,"featured_media":180080,"comment_status":"","ping_status":"","sticky":false,"template":"","format":"standard","meta":{"footnotes":""},"categories":[175],"tags":[239,1537,90,89,240],"class_list":{"0":"post-180079","1":"post","2":"type-post","3":"status-publish","4":"format-standard","5":"has-post-thumbnail","7":"category-salute","8":"tag-health","9":"tag-it","10":"tag-italia","11":"tag-italy","12":"tag-salute"},"share_on_mastodon":{"url":"https:\/\/pubeurope.com\/@it\/115423881806940516","error":""},"_links":{"self":[{"href":"https:\/\/www.europesays.com\/it\/wp-json\/wp\/v2\/posts\/180079","targetHints":{"allow":["GET"]}}],"collection":[{"href":"https:\/\/www.europesays.com\/it\/wp-json\/wp\/v2\/posts"}],"about":[{"href":"https:\/\/www.europesays.com\/it\/wp-json\/wp\/v2\/types\/post"}],"author":[{"embeddable":true,"href":"https:\/\/www.europesays.com\/it\/wp-json\/wp\/v2\/users\/3"}],"replies":[{"embeddable":true,"href":"https:\/\/www.europesays.com\/it\/wp-json\/wp\/v2\/comments?post=180079"}],"version-history":[{"count":0,"href":"https:\/\/www.europesays.com\/it\/wp-json\/wp\/v2\/posts\/180079\/revisions"}],"wp:featuredmedia":[{"embeddable":true,"href":"https:\/\/www.europesays.com\/it\/wp-json\/wp\/v2\/media\/180080"}],"wp:attachment":[{"href":"https:\/\/www.europesays.com\/it\/wp-json\/wp\/v2\/media?parent=180079"}],"wp:term":[{"taxonomy":"category","embeddable":true,"href":"https:\/\/www.europesays.com\/it\/wp-json\/wp\/v2\/categories?post=180079"},{"taxonomy":"post_tag","embeddable":true,"href":"https:\/\/www.europesays.com\/it\/wp-json\/wp\/v2\/tags?post=180079"}],"curies":[{"name":"wp","href":"https:\/\/api.w.org\/{rel}","templated":true}]}}