{"id":180319,"date":"2025-10-23T17:06:17","date_gmt":"2025-10-23T17:06:17","guid":{"rendered":"https:\/\/www.europesays.com\/it\/180319\/"},"modified":"2025-10-23T17:06:17","modified_gmt":"2025-10-23T17:06:17","slug":"jayco-alula-stagione-con-alti-e-bassi-per-ben-oconnor-la-vittoria-di-tappa-al-tour-e-stata-speciale-ma-mi-sarebbe-piaciuto-fare-di-piu","status":"publish","type":"post","link":"https:\/\/www.europesays.com\/it\/180319\/","title":{"rendered":"Jayco AlUla, stagione con alti e bassi per Ben O&#8217;Connor: &#8220;La vittoria di tappa al Tour \u00e8 stata speciale, ma mi sarebbe piaciuto fare di pi\u00f9&#8221;"},"content":{"rendered":"<p>\t\t\t\t\t<a href=\"https:\/\/cyclingpro.net\/spaziociclismo\/altro\/scopri-lapp-ufficiale-di-spaziociclismo\/\" title=\"\" rel=\"nofollow noopener\" target=\"_blank\"><br \/>\n\t\t\t\t\t\t<img loading=\"lazy\" decoding=\"async\" src=\"https:\/\/www.europesays.com\/it\/wp-content\/uploads\/2025\/09\/1758060682_662_Banner-App-SpazioCiclismo.png\" alt=\"\" width=\"728\" height=\"91\"\/><br \/>\n\t\t\t\t\t<\/a><\/p>\n<p><strong>Ben O\u2019Connor<\/strong> traccia un bilancio della sua stagione 2025, la prima con la maglia del <strong>Team Jayco AlUla<\/strong>. Dopo un 2024 di altissimo livello, con il quarto posto finale al Giro d\u2019Italia, il secondo alla Vuelta a Espa\u00f1a (con due settimane in Maglia Rossa) e l\u2019argento nella prova in linea dei Mondiali di Zurigo, l\u2019australiano si era trasferito lo scorso inverno nella formazione di casa con l\u2019obiettivo di confermarsi in questa annata, ma le cose non sono sempre andate bene. Dopo aver un po\u2019 faticato a inizio anno, il 29enne si \u00e8 poi ripreso in vista del <strong>Tour de France<\/strong>, dove dopo due settimane abbastanza complicate per via di una caduta <a href=\"https:\/\/cyclingpro.net\/spaziociclismo\/sintesi-gare\/tour-de-france-2025-ben-oconnor-conquista-il-col-de-la-loze-al-termine-di-una-fuga-da-lontano-pogacar-guadagna-qualche-secondo-su-vingegaard-nel-finale\/\" rel=\"nofollow noopener\" target=\"_blank\">\u00e8 riuscito a cogliere il successo nella 18a tappa<\/a>, al termine di una fuga da lontano.<\/p>\n<p>\u201c<strong>In termini di momenti speciali, senza dubbio c\u2019\u00e8 la vittoria di tappa al Tour<\/strong> \u2013 ha ammesso O\u2019Connor \u2013 <strong>Soprattutto perch\u00e9 \u00e8 arrivata nella parte finale della gara, nella tappa regina, dopo aver dovuto combattere contro un paio di demoni e dopo l\u2019incidente<\/strong>. Il fatto che le cose siano cambiate e che io abbia ottenuto una grande vittoria, nel giorno pi\u00f9 importante del Tour, \u00e8 stato sicuramente il momento pi\u00f9 speciale dell\u2019anno per me\u201d.<\/p>\n<p>\u201c<strong>In generale, far parte della squadra, far parte della squadra \u2018australiana\u2019 \u00e8 stata un\u2019esperienza davvero piacevole<\/strong>, con quell\u2019atmosfera anglofona e quella familiarit\u00e0 che sono state cos\u00ec diverse nella carriera ciclistica rispetto al mio passato, e questa \u00e8 probabilmente la parte pi\u00f9 divertente di quest\u2019anno\u201d, ha aggiunto il 29enne, che tuttavia non \u00e8 soddisfatto fino in fondo della sua stagione, conclusasi con un 18\u00b0 posto al Il Lombardia dopo essersi dovuto ritirare dalla Vuelta a Espa\u00f1a <a href=\"https:\/\/cyclingpro.net\/spaziociclismo\/vuelta-2025\/vuelta-a-espana-2025-ben-oconnor-si-ritira-per-un-forte-dolore-al-costato\/\" rel=\"nofollow noopener\" target=\"_blank\">a causa di forti dolori al costato<\/a>.<\/p>\n<p>\u201c<strong>Mi sarebbe sicuramente piaciuto fare di pi\u00f9 e ritirarmi dalla Vuelta dopo essermi fatto male alle costole \u00e8 stato davvero un duro colpo<\/strong>, perch\u00e9 amo quella gara e penso che le cose fossero davvero sulla buona strada. <strong>Quindi non \u00e8 stata sicuramente un successo come avevo sognato o sperato<\/strong>, ma questo \u00e8 lo sport e a volte le cose sfuggono al tuo controllo\u201d, ha concluso lo scalatore australiano.<\/p>\n","protected":false},"excerpt":{"rendered":"Ben O\u2019Connor traccia un bilancio della sua stagione 2025, la prima con la maglia del Team Jayco AlUla.&hellip;\n","protected":false},"author":3,"featured_media":180320,"comment_status":"","ping_status":"","sticky":false,"template":"","format":"standard","meta":{"footnotes":""},"categories":[1456],"tags":[9634,1824,1825,1537,90,89,245,244,41978],"class_list":{"0":"post-180319","1":"post","2":"type-post","3":"status-publish","4":"format-standard","5":"has-post-thumbnail","7":"category-ciclismo","8":"tag-ben-oconnor","9":"tag-ciclismo","10":"tag-cycling","11":"tag-it","12":"tag-italia","13":"tag-italy","14":"tag-sport","15":"tag-sports","16":"tag-team-jayco-alula-2025"},"share_on_mastodon":{"url":"https:\/\/pubeurope.com\/@it\/115424578060388901","error":""},"_links":{"self":[{"href":"https:\/\/www.europesays.com\/it\/wp-json\/wp\/v2\/posts\/180319","targetHints":{"allow":["GET"]}}],"collection":[{"href":"https:\/\/www.europesays.com\/it\/wp-json\/wp\/v2\/posts"}],"about":[{"href":"https:\/\/www.europesays.com\/it\/wp-json\/wp\/v2\/types\/post"}],"author":[{"embeddable":true,"href":"https:\/\/www.europesays.com\/it\/wp-json\/wp\/v2\/users\/3"}],"replies":[{"embeddable":true,"href":"https:\/\/www.europesays.com\/it\/wp-json\/wp\/v2\/comments?post=180319"}],"version-history":[{"count":0,"href":"https:\/\/www.europesays.com\/it\/wp-json\/wp\/v2\/posts\/180319\/revisions"}],"wp:featuredmedia":[{"embeddable":true,"href":"https:\/\/www.europesays.com\/it\/wp-json\/wp\/v2\/media\/180320"}],"wp:attachment":[{"href":"https:\/\/www.europesays.com\/it\/wp-json\/wp\/v2\/media?parent=180319"}],"wp:term":[{"taxonomy":"category","embeddable":true,"href":"https:\/\/www.europesays.com\/it\/wp-json\/wp\/v2\/categories?post=180319"},{"taxonomy":"post_tag","embeddable":true,"href":"https:\/\/www.europesays.com\/it\/wp-json\/wp\/v2\/tags?post=180319"}],"curies":[{"name":"wp","href":"https:\/\/api.w.org\/{rel}","templated":true}]}}