{"id":180458,"date":"2025-10-23T19:07:10","date_gmt":"2025-10-23T19:07:10","guid":{"rendered":"https:\/\/www.europesays.com\/it\/180458\/"},"modified":"2025-10-23T19:07:10","modified_gmt":"2025-10-23T19:07:10","slug":"la-quinta-edizione-della-festa-del-libro-medievale-e-antico-di-saluzzo","status":"publish","type":"post","link":"https:\/\/www.europesays.com\/it\/180458\/","title":{"rendered":"La quinta edizione della Festa del libro medievale e antico di Saluzzo"},"content":{"rendered":"<p>Se c\u2019\u00e8 un tema che ha contraddistinto, senza soluzione di continuit\u00e0, i mille anni del Medioevo, dalla caduta dell\u2019Impero Romano alla scoperta dell\u2019America, \u00e8 senza di dubbio la religione. Secoli oscuri e meno bui, guerre, carestie, scoperte, condottieri e grandi re: non c\u2019\u00e8 evento nell\u2019et\u00e0 di mezzo che non abbia a che fare con preghiera, misticismo, ribellione o arte sacra. Proprio la visione del Medioevo attraverso i filtri della spiritualit\u00e0 e della religiosit\u00e0 sar\u00e0 il tema della V edizione della Festa del libro medievale e antico, in programma negli spazi del Quartiere di Saluzzo, ma non solo, sabato e domenica, con una serie di eventi a fare da corollario (iniziati gi\u00e0 la scorsa settimana con \u00abI racconti del Marchesato\u00bb in 13 Comuni del Saluzzese).  <\/p>\n<p>Ideata e promossa dalla Citt\u00e0 di Saluzzo, la Festa \u00e8 organizzata dal Salone del Libro con la Fondazione CrSaluzzo e la collaborazione della Fondazione Bertoni. L\u2019anteprima di stasera (ore 21) sar\u00e0 al teatro Olivero, con Ascanio Celestini e il suo spettacolo \u00abRumba-L\u2019asino e il bue nel presepe di San Francesco\u00bb, terza parte della trilogia iniziata con Laika e Pueblo, accompagnata dalle musiche di Gianluca Casadei. Domani, alle 11, nello stesso teatro, spazio ai giovani con il contest tra le scuole superiori saluzzesi ispirato al romanzo \u00abLa torre segreta delle aquile\u00bb di Marcello Simoni.  <\/p>\n<p>La presentazione ufficiale sar\u00e0 domani, alle, 18 all\u2019Antico Palazzo comunale, con la lectio magistralis di Grado Giovanni Merlo, massimo esperto di San Francesco. In serata, al Pala Crs, il biologo e scrittore Daniel Lumera condurr\u00e0 una meditazione collettiva ispirata al suo libro \u00abTi lascio andare\u00bb. Il programma di sabato e domenica prevede decine di stand, incontri con gli autori, ospiti, laboratori, spettacoli. Il Quartiere (ex caserma Musso) diventa il cuore pulsante della manifestazione, fra conferenze, laboratori e spettacoli. L\u2019ingresso \u00e8 gratuito, con registrazione sul sito o all\u2019ingresso. Fra gli ospiti di sabato: Maria Giuseppina Muzzarelli, che presenter\u00e0 \u00abLa se\u00f1ora. Vita e avventure\u00bb di Gracia Nasi; Virtus Maria Zallot, con una lezione sull\u2019uso politico delle immagini sacre e il ricordo di Chiara Frugoni; Antonio Musarra con \u00abStoria del Mediterraneo medievale\u00bb; Marco Meschini con \u00abLe pietre e la luce\u00bb; Paolo Grillo, Mario Prignano, Aldo Intagliata e Marco Piccat, che racconter\u00e0 il \u00abIl nobile gioco del Cavaliere Errante\u00bb. Nel pomeriggio debutta lo spettacolo scolastico \u00abCome conchiglia che risuona\u00bb del \u00abDenina Pellico Rivoira\u00bb. Fra le iniziative collaterali, la Cartiera medievale di Bevagna mostrer\u00e0 la lavorazione della \u00abcarta bambagina\u00bb, mentre la Delegazione Fai aprir\u00e0 eccezionalmente Casa Pensa di Marsaglia per visite guidate. In serata, La Setta dei Poeti Estinti interpreter\u00e0 \u00abIl Cantico delle Creature \u00bbnella chiesa della Croce Nera, seguita dallo spettacolo musicale di Giovanni Succi, \u00abIl selfie nel Medioevo\u00bb, alla Scuola Apm. <\/p>\n<p>Domenica nuovi incontri: Jonathan Bazzi terr\u00e0 una lectio sui tarocchi; Duccio Balestracci, Germano Maifreda, Franco Giletta, Paolo Riberi, Gustavo Mola di Nomaglio e i creatori di Feudalesimo e Libert\u00e0 arricchiranno la giornata di storie, ironia e approfondimenti. <\/p>\n<p>Domenica uno dei protagonisti della Festa del libro medievale sar\u00e0 Alessandro Barbero, storico e divulgatore tra i pi\u00f9 amati dal pubblico italiano. Alle 17,30, nella Sala Ludovico II del Quartiere, si terr\u00e0 la sessione di firmacopie (gi\u00e0 sold out), seguita alle 18,30, nella Sala Griselda, dalla consegna del premio \u00abChevalier Errant\u00bb, introdotto quest\u2019anno e assegnato a Barbero. Il nome del premio si ispira al \u00abLivre du Chevalier Errant\u00bb del marchese Tommaso III di Saluzzo. La giornata si concluder\u00e0 alle 21,15 al Pala Crs (sold out), dove Barbero terr\u00e0 una lezione su Santa Caterina da Siena, figura centrale del \u2018300 e patrona d\u2019Italia, testimone di fede, carit\u00e0 e riforma spirituale. Il programma completo \u00e8 sul sito del Salone del libro. <\/p>\n","protected":false},"excerpt":{"rendered":"Se c\u2019\u00e8 un tema che ha contraddistinto, senza soluzione di continuit\u00e0, i mille anni del Medioevo, dalla caduta&hellip;\n","protected":false},"author":3,"featured_media":180459,"comment_status":"","ping_status":"","sticky":false,"template":"","format":"standard","meta":{"footnotes":""},"categories":[1445],"tags":[1608,69982,203,204,1537,90,89,1609],"class_list":{"0":"post-180458","1":"post","2":"type-post","3":"status-publish","4":"format-standard","5":"has-post-thumbnail","7":"category-libri","8":"tag-books","9":"tag-devis-rosso","10":"tag-entertainment","11":"tag-intrattenimento","12":"tag-it","13":"tag-italia","14":"tag-italy","15":"tag-libri"},"share_on_mastodon":{"url":"https:\/\/pubeurope.com\/@it\/115425054431527564","error":""},"_links":{"self":[{"href":"https:\/\/www.europesays.com\/it\/wp-json\/wp\/v2\/posts\/180458","targetHints":{"allow":["GET"]}}],"collection":[{"href":"https:\/\/www.europesays.com\/it\/wp-json\/wp\/v2\/posts"}],"about":[{"href":"https:\/\/www.europesays.com\/it\/wp-json\/wp\/v2\/types\/post"}],"author":[{"embeddable":true,"href":"https:\/\/www.europesays.com\/it\/wp-json\/wp\/v2\/users\/3"}],"replies":[{"embeddable":true,"href":"https:\/\/www.europesays.com\/it\/wp-json\/wp\/v2\/comments?post=180458"}],"version-history":[{"count":0,"href":"https:\/\/www.europesays.com\/it\/wp-json\/wp\/v2\/posts\/180458\/revisions"}],"wp:featuredmedia":[{"embeddable":true,"href":"https:\/\/www.europesays.com\/it\/wp-json\/wp\/v2\/media\/180459"}],"wp:attachment":[{"href":"https:\/\/www.europesays.com\/it\/wp-json\/wp\/v2\/media?parent=180458"}],"wp:term":[{"taxonomy":"category","embeddable":true,"href":"https:\/\/www.europesays.com\/it\/wp-json\/wp\/v2\/categories?post=180458"},{"taxonomy":"post_tag","embeddable":true,"href":"https:\/\/www.europesays.com\/it\/wp-json\/wp\/v2\/tags?post=180458"}],"curies":[{"name":"wp","href":"https:\/\/api.w.org\/{rel}","templated":true}]}}