{"id":180521,"date":"2025-10-23T19:55:11","date_gmt":"2025-10-23T19:55:11","guid":{"rendered":"https:\/\/www.europesays.com\/it\/180521\/"},"modified":"2025-10-23T19:55:11","modified_gmt":"2025-10-23T19:55:11","slug":"motogp-quartararo-e-stanco-di-aspettare-lultimatum-a-yamaha","status":"publish","type":"post","link":"https:\/\/www.europesays.com\/it\/180521\/","title":{"rendered":"MotoGP, Quartararo \u00e8 stanco di aspettare: l&#8217;ultimatum a Yamaha"},"content":{"rendered":"<p>Quartararo ribadisce la propria posizione per il futuro e lancia un altro messaggio molto chiaro a Yamaha.<\/p>\n<p>Non si pu\u00f2 dire che <a href=\"https:\/\/www.corsedimoto.com\/fabio-quartararo\" title=\"Fabio Quartararo\" rel=\"nofollow noopener\" target=\"_blank\">Fabio Quartararo<\/a> sia un pilota felice della sua situazione in MotoGP. Ha dato fiducia al progetto Yamaha, convinto sia dai tanti cambiamenti effettuati nel reparto corse di Iwata sia dal ricco contratto che gli \u00e8 stato offerto, si aspettava di essere pi\u00f9 competitivo a questo punto della stagione 2025.<\/p>\n<p>Eliminare completamente il gap rispetto alla Ducati era impossibile, il francese lo sapeva benissimo, ma si attendeva comunque dei passi avanti significativi in questo Mondiale. Ha tra le mani una M1 che ha fatto progressi importanti solo sul giro secco, per il resto dipende spesso dalle condizioni di grip della pista. Terminer\u00e0 il 2025 con pi\u00f9 punti rispetto agli scorsi due campionati, per\u00f2 non gli basta per gioire.<\/p>\n<p>MotoGP Malesia, le aspettative di Quartararo<\/p>\n<p>Nel 2024 Quartararo arriv\u00f2 5\u00b0 nella sprint race e 6\u00b0 nella gara lunga disputate a Sepang. Non sa cosa aspettarsi in questo weekend, anche se cerca di avere un approccio positivo: &#8220;Non so come andr\u00e0 qui &#8211; Mi piace questa pista &#8211; riporta Speedweek &#8211; abbiamo fatto test qui per sei giorni. La moto \u00e8 pi\u00f9 o meno la stessa. Abbiamo una base, ma gli altri costruttori hanno fatto grandi passi avanti nel corso della stagione. Lo scorso anno ho fatto dei buoni risultati. Ora siamo migliorati nel time-attack, vedremo cosa sar\u00e0 possibile fare&#8221;.<\/p>\n<p>A Sepang ci sono dei lunghi rettilinei che potrebbero mettere un po&#8217; in crisi la Yamaha M1, a maggior ragione se ci dovessero essere dei problemi in accelerazione in uscita dalle curve. Situazioni gi\u00e0 viste. Vedremo se il campione MotoGP si ritrover\u00e0 tra le mani una moto in grado di farlo lottare per dei buoni risultati.<\/p>\n<p>Addio Yamaha a fine 2026?<\/p>\n<p>Alla fine di questo campionato ci sar\u00e0 il consueto test a Valencia, con tutti i costruttori che porteranno in pista moto e aggiornamenti tecnici in ottica 2026. Per Quartararo sar\u00e0 un momento molto importante: &#8220;<b>Devo sentire che ho una moto vincente<\/b> e che posso lottare per i primi tre o almeno i primi cinque posti. Le mie aspettative sono chiare. So che sar\u00e0 difficile, ma \u00e8 quello di cui ho bisogno. <b>Ho sofferto per molti anni e ora voglio una moto in grado di vincere.<\/b> Saranno importanti i test di Valencia e Sepang. \u00c8 chiaro che la moto non sar\u00e0 completamente pronta a Valencia, ma quando torneremo qui a febbraio, avremo pi\u00f9 o meno la moto con cui correremo&#8221;.<\/p>\n<p>Il pilota nato a Nizza vuole tornare a battagliare costantemente per il podio e la top 5, ritiene di aver sofferto abbastanza in questi anni con la Yamaha ed \u00e8 pronto a cambiare colori se la nuova M1 non lo convincer\u00e0. Da ricordare che per il 2026 \u00e8 previsto l&#8217;utilizzo del motore V4, novit\u00e0 assoluta per la casa di Iwata in MotoGP. Ha gi\u00e0 debuttato con il tester Augusto Fernandez nel weekend di gara a Misano e <a href=\"https:\/\/www.corsedimoto.com\/motogp\/motogp-verso-il-gp-malesia-torna-il-v4-yamaha-tutti-gli-orari-tv-e-streaming\" target=\"_blank\" rel=\"nofollow noopener\">sar\u00e0 nuovamente in azione in questo GP in Malesia<\/a>.<\/p>\n<p>Quando gli \u00e8 stato chiesto quali miglioramenti ha visto dall&#8217;estate oggi sulla Yamaha V4, ha risposto cos\u00ec:<b> &#8220;Non voglio rispondere a questa domanda per evitare di mettermi nei guai<\/b>&#8220;. Una risposta che dice molto.<\/p>\n","protected":false},"excerpt":{"rendered":"Quartararo ribadisce la propria posizione per il futuro e lancia un altro messaggio molto chiaro a Yamaha. Non&hellip;\n","protected":false},"author":3,"featured_media":180522,"comment_status":"","ping_status":"","sticky":false,"template":"","format":"standard","meta":{"footnotes":""},"categories":[1455],"tags":[1537,90,89,1783,1784,245,244],"class_list":{"0":"post-180521","1":"post","2":"type-post","3":"status-publish","4":"format-standard","5":"has-post-thumbnail","7":"category-moto","8":"tag-it","9":"tag-italia","10":"tag-italy","11":"tag-moto","12":"tag-motorcycle","13":"tag-sport","14":"tag-sports"},"share_on_mastodon":{"url":"https:\/\/pubeurope.com\/@it\/115425242268322560","error":""},"_links":{"self":[{"href":"https:\/\/www.europesays.com\/it\/wp-json\/wp\/v2\/posts\/180521","targetHints":{"allow":["GET"]}}],"collection":[{"href":"https:\/\/www.europesays.com\/it\/wp-json\/wp\/v2\/posts"}],"about":[{"href":"https:\/\/www.europesays.com\/it\/wp-json\/wp\/v2\/types\/post"}],"author":[{"embeddable":true,"href":"https:\/\/www.europesays.com\/it\/wp-json\/wp\/v2\/users\/3"}],"replies":[{"embeddable":true,"href":"https:\/\/www.europesays.com\/it\/wp-json\/wp\/v2\/comments?post=180521"}],"version-history":[{"count":0,"href":"https:\/\/www.europesays.com\/it\/wp-json\/wp\/v2\/posts\/180521\/revisions"}],"wp:featuredmedia":[{"embeddable":true,"href":"https:\/\/www.europesays.com\/it\/wp-json\/wp\/v2\/media\/180522"}],"wp:attachment":[{"href":"https:\/\/www.europesays.com\/it\/wp-json\/wp\/v2\/media?parent=180521"}],"wp:term":[{"taxonomy":"category","embeddable":true,"href":"https:\/\/www.europesays.com\/it\/wp-json\/wp\/v2\/categories?post=180521"},{"taxonomy":"post_tag","embeddable":true,"href":"https:\/\/www.europesays.com\/it\/wp-json\/wp\/v2\/tags?post=180521"}],"curies":[{"name":"wp","href":"https:\/\/api.w.org\/{rel}","templated":true}]}}