{"id":180999,"date":"2025-10-24T02:44:24","date_gmt":"2025-10-24T02:44:24","guid":{"rendered":"https:\/\/www.europesays.com\/it\/180999\/"},"modified":"2025-10-24T02:44:24","modified_gmt":"2025-10-24T02:44:24","slug":"la-virtus-contro-la-cabala-domani-al-debutto-in-eurolega","status":"publish","type":"post","link":"https:\/\/www.europesays.com\/it\/180999\/","title":{"rendered":"La Virtus contro la cabala domani al debutto in Eurolega"},"content":{"rendered":"<p>\t\t\t\t\t\t\tLa Virtus attesa domani dalla prima notte di Eurolega proprio contro il Real del grande ex Sergio Scariolo<br \/>\n<img fetchpriority=\"high\" decoding=\"async\" aria-describedby=\"caption-attachment-79284\" alt=\"\" width=\"662\" height=\"441\"  src=\"https:\/\/www.europesays.com\/it\/wp-content\/uploads\/2025\/10\/Dusko-Ivanovic-1-300x200.jpg\" data- class=\" wp-image-79284 lazyload\"\/><\/p>\n<p id=\"caption-attachment-79284\" class=\"wp-caption-text\">Nella foto De Gaspari \u2013 Ciamillo\/Castoria : Dusko Ivanovic domani guider\u00e0 la sua Virtus alla prima di Eurolega contro il Real Madrid di Sergio Scariolo<\/p>\n<p>Domani inizia la maratona di Eurolega<\/p>\n<p>Sar\u00e0 la neo promossa Hapoel Tel Aviv (vincitrice dell\u2019Eurocup) a inaugurare sul neutro di Belgrado l\u2019Eurolega 2025-26 ospitando il Barca di Shengelia, alla stessa ora in Europa, quando negli Emirati saranno le 22, Dubai affronter\u00e0 il Partizan. La Virtus sar\u00e0 l\u2019ultima del 1\u00b0 turno del 1\u00b0 round a scendere in campo nel vecchio Madison di Piazza Azzarita contro\u00a0 il Real Madrid.<\/p>\n<p>Le Vnere contro la cabala oltrech\u00e8 il Real, da quando \u00e8 tornata in Eurolega la Virtus ha sempre avuto la prima in casa e l\u2019ha steccata con rispettivamente Monaco, Zalgiris ed Efes, al quarto tentativo vedremo se riuscir\u00e0 ad invertire la tendenza e la tradizione negativa.<\/p>\n<p>Gara attesissima per tanti motivi, ovviamente sold out da giorni vista anche la capienza dell\u2019impianto bolognese, la prima gara ufficiale europea dell\u2019anno sotto le due Torri, il ritorno da avversario sull\u2019altra panchina di Sergio Scariolo che con la Virtus in 2 anni ha vinto il suo unico trofeo Europeo con squadre di club e 2 supercoppe, la curiosit\u00e0 di vedere all\u2019opera la nuova Virtus che, nonostante la sconfitta di Milano, ha destato ottime impressioni.<\/p>\n<p>Il Real roster sconfinato<\/p>\n<p>I Blancos hanno un roster profondissimo, equilibrato e pi\u00f9 che coperto in tutti i ruoli, hanno il miglior asse play pivot della competizione (Campazzo \u2013 Tavares), in regia aggiungono anche il velocissimo Feliz e il veteranissimo Llull, assente lungodegente Theo Maledon.\u00a0 Il settore guardie \u2013 ali consente a Scariolo una miriade di variet\u00e0 di soluzioni in cui spiccano Abalde, Deck, Hezonia a cui si sono aggiunti da quest\u2019anno Almansa, Kraemer, il Canadese Lyles ex Nba di 5 franchigie e una vecchia conoscenza come Gabriele Procida a lungo in trattativa per arrivare alla Virtus. Poi c\u2019\u00e8 il settore dei centri in cui spicca Tavares attorniato da Fernando, Garruba e Okeke.<\/p>\n<p>Perfortuna della Virtus, a causa degli Europei e di tanti acciacchi, Scariolo ha avuto la squadra al completo soltanto per un allenamento e infatti il Real, visto in Supercoppa spagnola e sconfitto in finale da Valencia priva di 4 titolari, \u00e8 sembrato ancora molto lontano da una squadra che punta ad essere protagonista in Europa, in media nelle due partite 12 assist e 16 palle perse sono il chiaro segnale che manca la condizione.<\/p>\n<p>La Virtus dovr\u00e0 mostrare miglioramenti<\/p>\n<p>La sconfitta di Milano per com\u2019\u00e8 maturata se da un lato lascia l\u2019amaro in bocca per l\u2019occasione sfumata, dall\u2019altro ha fornito chiari segnali che il roster costruito ha basi\u00a0 solide su cui lavorare. Visti gli 8 giocatori nuovi non si pu\u00f2 certo pretendere che i meccanismi sui due lati del campo siano gi\u00e0 perfetti, per\u00f2 in Supercoppa i bianconeri hanno supplito a questa carenza mettendo una vivacit\u00e0 e una sfrontatezza che per 39 minuti e mezzo ha sorpreso uno squadrone accreditato di un\u2019alta classifica in Europa e con ben altro budget. La difesa ha mostrato una grande coesione mentre l\u2019attacco, com\u2019\u00e8 ovvio, ha stentato e c\u2019\u00e8 stato un ricorso al cannoniere Edwards che, nonostante basse percentuali, ha gi\u00e0 mostrato ci\u00f2 di cui \u00e8 capace. Domani sar\u00e0 ancora out Akele, assenza importante perch\u00e8 nello scacchiere di coach Ivanovic il ragazzo Trevigiano \u00e8 un giocatore fondamentale, mentre ci sar\u00e0 Taylor e al debutto Aliou Diarra che desta molta curiosit\u00e0.<\/p>\n<p>Il prepartita di Dusko Ivanovic e il capitano Pajola<\/p>\n<p>Le parole di\u00a0<strong>coach Dusko Ivanovic<\/strong>\u00a0alla vigilia:\u00a0\u201cIniziamo l\u2019Eurolega contro una delle migliori squadre della competizione, con un roster davvero completo. Giocano in maniera dura e usano tanto la transizione come soluzione offensiva. Noi dobbiamo migliorare alcune cose rispetto all\u2019ultima gara contro Milano, giocando meglio in difesa e con pi\u00f9 presenza a rimbalzo.\u201d\u00a0<\/p>\n<p><img loading=\"lazy\" decoding=\"async\" aria-describedby=\"caption-attachment-79286\" alt=\"\" width=\"300\" height=\"200\"  src=\"https:\/\/www.europesays.com\/it\/wp-content\/uploads\/2025\/10\/Il-capitano-vs-Milano-1-300x200.jpg\" data- class=\"size-medium wp-image-79286 lazyload\"\/><\/p>\n<p id=\"caption-attachment-79286\" class=\"wp-caption-text\">Alessandro Pajola Foto ClaudioDegaspari \/ Ciamillo-Castoria<\/p>\n<p><strong>Alessandro Pajola<\/strong>\u00a0prima della gara:\u00a0\u201cIniziamo il nostro cammino in Eurolega in casa davanti ai nostri tifosi e questo ci dovr\u00e0 aiutare contro una squadra di altissimo livello, una delle migliori in Eurolega. Sar\u00e0 una partita da approcciare con concentrazione fin dall\u2019inizio, soprattutto partendo dalla difesa che deve essere il nostro marchio di fabbrica per tutti i 40 minuti.\u201d<\/p>\n<p>\u00a0<\/p>\n<p>\u00a0<\/p>\n<p>\u00a0<\/p>\n<p>\u00a0<\/p>\n<p>\u00a0<\/p>\n<p><strong>Virtus Bologna vs Real Madrid, marted\u00ec 30 settembre ore 20.45 \u2013 Paladozza (Bologna).<\/strong><\/p>\n<p><strong>ARBITRI: Mehdi Difallah, Gytis Vilius, Steve Bittner.<\/strong><\/p>\n<p><strong>Indisponibile Nicola Akele.<\/strong><\/p>\n<p>\u00a0<\/p>\n<p>\u00a0<\/p>\n","protected":false},"excerpt":{"rendered":"La Virtus attesa domani dalla prima notte di Eurolega proprio contro il Real del grande ex Sergio Scariolo&hellip;\n","protected":false},"author":3,"featured_media":181000,"comment_status":"","ping_status":"","sticky":false,"template":"","format":"standard","meta":{"footnotes":""},"categories":[1453],"tags":[1756,1757,1537,90,89,7516,109903,109904,109905,245,244,5128,7519],"class_list":{"0":"post-180999","1":"post","2":"type-post","3":"status-publish","4":"format-standard","5":"has-post-thumbnail","7":"category-basket","8":"tag-basket","9":"tag-basketball","10":"tag-it","11":"tag-italia","12":"tag-italy","13":"tag-lucio-bertoncelli","14":"tag-primo-round-di-eurolega","15":"tag-real-madrid-baloncesto","16":"tag-sergio-scariolo","17":"tag-sport","18":"tag-sports","19":"tag-virtus-bologna","20":"tag-vpassion"},"share_on_mastodon":{"url":"https:\/\/pubeurope.com\/@it\/115426850870932601","error":""},"_links":{"self":[{"href":"https:\/\/www.europesays.com\/it\/wp-json\/wp\/v2\/posts\/180999","targetHints":{"allow":["GET"]}}],"collection":[{"href":"https:\/\/www.europesays.com\/it\/wp-json\/wp\/v2\/posts"}],"about":[{"href":"https:\/\/www.europesays.com\/it\/wp-json\/wp\/v2\/types\/post"}],"author":[{"embeddable":true,"href":"https:\/\/www.europesays.com\/it\/wp-json\/wp\/v2\/users\/3"}],"replies":[{"embeddable":true,"href":"https:\/\/www.europesays.com\/it\/wp-json\/wp\/v2\/comments?post=180999"}],"version-history":[{"count":0,"href":"https:\/\/www.europesays.com\/it\/wp-json\/wp\/v2\/posts\/180999\/revisions"}],"wp:featuredmedia":[{"embeddable":true,"href":"https:\/\/www.europesays.com\/it\/wp-json\/wp\/v2\/media\/181000"}],"wp:attachment":[{"href":"https:\/\/www.europesays.com\/it\/wp-json\/wp\/v2\/media?parent=180999"}],"wp:term":[{"taxonomy":"category","embeddable":true,"href":"https:\/\/www.europesays.com\/it\/wp-json\/wp\/v2\/categories?post=180999"},{"taxonomy":"post_tag","embeddable":true,"href":"https:\/\/www.europesays.com\/it\/wp-json\/wp\/v2\/tags?post=180999"}],"curies":[{"name":"wp","href":"https:\/\/api.w.org\/{rel}","templated":true}]}}