{"id":181126,"date":"2025-10-24T05:04:17","date_gmt":"2025-10-24T05:04:17","guid":{"rendered":"https:\/\/www.europesays.com\/it\/181126\/"},"modified":"2025-10-24T05:04:17","modified_gmt":"2025-10-24T05:04:17","slug":"grande-fratello-2025-news-donatella-abbandona-la-casa","status":"publish","type":"post","link":"https:\/\/www.europesays.com\/it\/181126\/","title":{"rendered":"Grande Fratello 2025, news: Donatella abbandona la Casa"},"content":{"rendered":"<p>                              <img decoding=\"async\" src=\"https:\/\/www.europesays.com\/it\/wp-content\/uploads\/2025\/10\/grande-fratello-2025-concorrenti-.jpg\" loading=\"lazy\" alt=\"grande fratello 2025 concorrenti\" width=\"1280\" height=\"800\"\/><\/p>\n<p class=\"img-caption\"> Breaking news: Donatella \u00e8 uscita dalla Casa del Grande Fratello 2025. Perch\u00e9? Foto ufficio stampa Mediaset<\/p>\n<p>\n                              <strong>LE SCINTILLE NELLA CASA<\/strong> del Grande Fratello sono all\u2019ordine del giorno. Dalla quarta puntata del 20 ottobre ad oggi sembra passato un secolo. Intanto, la breaking news \u00e8 la nuova uscita. Dopo Anita, tocca a Donatella uscire temporaneamente: motivazione? Motivi personali: il comunicato ufficiale di Mediaset non dice altro.\n                          <\/p>\n<p>\n                              Qualcuno si ricorda di <a href=\"https:\/\/style.corriere.it\/spettacoli\/tv\/grande-fratello-fuori-due-il-nuovo-eliminato-e-il-lutto-di-anita\/\" data-wpel-link=\"internal\" rel=\"nofollow noopener\" target=\"_blank\">Bena, secondo eliminato ufficiale<\/a>? No. L\u2019attenzione \u00e8 sui tre nomi di coloro che rischiano luned\u00ec prossimo. <strong>Benedetta Stocchi, Matteo Azzali e Rasha Younes sono in nomination<\/strong>: il pubblico \u00e8 sovrano, nessuno di loro \u00e8 al sicuro.\n                          <\/p>\n<p>                          GF 2025, news concorrenti: le pagelle degli inquilini&#8230; agli inquilini<\/p>\n<p>\n                              <strong>Domenico e Grazia,<\/strong> penna e quaderno alla mano, hanno dato <strong>i voti ai compagn<\/strong>i. Il resto della Casa, ovviamente, \u00e8 appostato per commentare. Simone inaugura la sfilata: Grazia, nonostante l\u2019astio, gli regala un 7. \u00abSei importante qui dentro\u00bb ammette lei, spiazzando tutti. Gli applausi arrivano spontanei. Domenico lo chiama \u00abfratellino\u00bb, ma puntualizza: \u00abA volte esageri\u00bb. Simone, per una volta, abbassa la cresta: \u00abHai ragione\u00bb. <strong>Grazia lo blocca<\/strong>: \u00abPensaci prima di parlare, certe parole feriscono\u00bb. <strong>Donatella (prima di uscire) incassa due 10<\/strong>. \u00ab\u00c8 una mamma per tutti\u00bb dice Domenico. Ma Francesco sbotta: \u00abNon \u00e8 da 10. La idolatrate solo perch\u00e9 cucina\u00bb. La Casa trattiene il fiato.\u00a0<strong>Omer si porta a casa un 8<\/strong> da Domenico, con confessione: \u00abAll\u2019inizio sarebbe stato un 10\u00bb. <strong>Giulia ottiene un 9 da Grazia,<\/strong> che la sprona: \u00abFregatene di pi\u00f9\u00bb. <strong>Ivana riceve un 5<\/strong> da Domenico (\u00abNon riesco ad aprirmi con le persone nuove\u00bb), ma Grazia la bilancia con<strong> un 8 secco:<\/strong> \u00abMi piace\u00bb.\n                          <\/p>\n<p>                              <img decoding=\"async\" src=\"https:\/\/www.europesays.com\/it\/wp-content\/uploads\/2025\/10\/SIMONA-VENTURA_3837-scaled.jpg\" loading=\"lazy\" alt=\"grande fratello 2025\" width=\"2560\" height=\"1706\"\/><\/p>\n<p class=\"img-caption\"> Simona Ventura al termine della quarta puntata. Foto per gentile concessione dell&#8217;ufficio stampa Mediaset<\/p>\n<p>                          Grande Fratello 2025, concorrenti: tra Domenico e Ivana pace \u00e8 fatta<\/p>\n<p>\n                              Un complimento basta a sciogliere la tensione. Ivana si apre: \u00abMi sono scaldata, sono permalosa\u00bb. Domenico si prende la sua parte: \u00abScusa anche da parte mia\u00bb. Chiariscono che le nomination reciproche<strong> erano solo strategia<\/strong>, niente di personale. Ivana si sfoga: \u00abMi vedono calcolatrice solo perch\u00e9 seguivo il programma da casa<strong>. Ma viverlo dentro \u00e8 un\u2019altra storia<\/strong>\u00bb. Domenico chiude in modo onesto: \u00abTi nomino solo perch\u00e9 non ti conosco ancora abbastanza\u00bb. Un confronto che li riporta sullo stesso binario. Fino a quando?\n                          <\/p>\n<p>                          Nuovo Capitano: Domenico in carica<\/p>\n<p>\n                              Catena di scelte, tensione alle stelle e finale inaspettato: <strong>Domenico D\u2019Alterio \u00e8 il nuovo Capitano di Ventura.<\/strong> Ballottaggio segreto con Omer, vittoria schiacciante. Lui ringrazia con la solita calma: \u00abPrendo decisioni, ma ascolto tutti\u00bb. Manterr\u00e0 la promessa?\n                          <\/p>\n<p>                          Omer e Rasha: ci sono o ci fanno?<\/p>\n<p>\n                              \u00c8 la domanda che risuona in ogni angolo della Casa. Domenico, <strong>in versione cupido,<\/strong> chiede a Omer in piscina: \u00abTi piace?\u00bb. Lui sorride: \u00ab\u00c8 bellissima, ma \u00e8 chiusa. Viene a cercarmi da lontano\u00bb. E aggiunge: \u00abSe metti un muro, io non lo salto\u00bb. Domenico lo incalza: \u00abDa quando c\u2019\u00e8 lei, sorridi di pi\u00f9. Buttati!\u00bb. Ma Omer si ritrae: \u00abNon lotto per chi non vuole lottare per me\u00bb. Dall\u2019altra parte, Rasha frena: \u00ab<strong>La differenza d\u2019et\u00e0 mi pesa.<\/strong> E qui dentro vivere un sentimento ti taglia met\u00e0 esperienza\u00bb. Poi ammette: \u00abPer\u00f2 con lui mi sento protetta. <strong>Mai dire mai<\/strong>\u00bb. Fuori campo, Benedetta, Domenico e Matteo commentano: \u00abSiete una coppia bellissima\u00bb. Matteo rilancia: \u00abSe non foste qui, sareste gi\u00e0 usciti a cena\u00bb. Ma Rasha non cede: \u00abNon voglio rovinare il mio percorso\u00bb.\n                          <\/p>\n<p>                              <img decoding=\"async\" src=\"https:\/\/www.europesays.com\/it\/wp-content\/uploads\/2025\/10\/grande-fratello-2025-2-scaled.jpg\" loading=\"lazy\" alt=\"grande fratello 2025\" width=\"2560\" height=\"1709\"\/><\/p>\n<p class=\"img-caption\"> Un momento dell&#8217;ultima puntata in diretta. Foto per gentile concessione Endemol Shine Italy<\/p>\n<p>\n                              <strong>Jonas contro Grazia<\/strong>: dialogo impossibile. Lui la accusa: \u00abSei manipolatrice, ossessionata dalla vittoria\u00bb. Poi tocca a Jonas contro Omer. Domenico, esasperato, interviene: \u00abVuoi sempre fare il superiore\u00bb. Jonas ammette: \u00abNon ci capiamo\u00bb. Domenico taglia corto: \u00abTu lo punzecchi\u00bb. Jonas riconosce gli errori, ma resta rigido: \u00abNon ci sar\u00e0 amicizia\u00bb. Altro fronte caldo? <strong>Francesco contro Donatella.<\/strong> Lui sbotta: \u00abSembra una divinit\u00e0 qui dentro\u00bb. E si sfoga con Giulia. Lei gli consiglia di parlarle, ma Francesco scuote la testa: \u00abCi ho gi\u00e0 provato\u00bb. Il confronto diretto non smuove nulla. Domenico prende posizione: \u00abDonatella \u00e8 tutto tranne che finta\u00bb.\n                          <\/p>\n<p>                          Prove, sfide e vita quotidiana<\/p>\n<p>\n                              Il Grande Fratello lancia la prova di ballo per riconquistare l\u2019acqua calda. <strong>Coppie improbabili:<\/strong> Jonas e Ivana, Giulia e Domenico, Omer e Grazia, Donatella e Simone. Il maestro Graziano li osserva, loro ridono, si impappinano, sbagliano tempi. Verdetto? \u00abProva non superata\u00bb. Budget dimezzato, acqua fredda e morale a pezzi. <strong>Spesa settimanale ridotta a 150 euro.<\/strong>\n                          <\/p>\n<p>                          GF: le nomination per Francesca e Simone | Video<\/p>\n<p>                          Scontro finale: Benedetta vs Francesca<\/p>\n<p>\n                              Che tra loro non corresse buon sangue non \u00e8 un mistero. Dunque il loro scontro non capita come un fulmine a ciel sereno. Benedetta attacca Francesca: \u00abLa tua nomination a Matteo \u00e8 solo strategia\u00bb. Francesca ribatte: \u00abE tu perch\u00e9 non hai nominato me e Simone?\u00bb. Benedetta rilancia: \u00ab<strong>Ti nomino la settimana prossima!<\/strong>\u00bb. Grazia entra a gamba tesa, Benedetta la difende. Francesca sbotta: \u00abSiete furbe. Parlavate alle spalle\u00bb. Benedetta ribatte: \u00abSono stata io a cercarti\u00bb. Francesca se ne va, la tensione resta nell\u2019aria.\n                          <\/p>\n<p>                              <a href=\"https:\/\/eventi.corriere.it\/style-magazine-visioni-visionari\/\" class=\"\" rel=\"nofollow noopener\" target=\"_blank\"><\/p>\n<p>                                  <img decoding=\"async\" src=\"https:\/\/www.europesays.com\/it\/wp-content\/uploads\/2025\/10\/StyleMagazine_Banner_Sito_640x165px_02aa.png\" loading=\"lazy\" alt=\"\" title=\"\" width=\"640\" height=\"165\"\/><\/p>\n<p>                              <\/a><\/p>\n<p>\n                              Tra rapporti che si sfaldano, alleanze che nascono, <strong>le strategie cambiano ogni ora<\/strong>. La Casa del Grande Fratello \u00e8 un laboratorio di nervi. Solo il tempo, come sempre, decider\u00e0 chi \u00e8 vero e chi no.\n                          <\/p>\n","protected":false},"excerpt":{"rendered":"Breaking news: Donatella \u00e8 uscita dalla Casa del Grande Fratello 2025. Perch\u00e9? Foto ufficio stampa Mediaset LE SCINTILLE&hellip;\n","protected":false},"author":3,"featured_media":181127,"comment_status":"","ping_status":"","sticky":false,"template":"","format":"standard","meta":{"footnotes":"","_share_on_mastodon":"0"},"categories":[1444],"tags":[412,109970,109971,2537,6847,11368,12387,109972,109973,87728,87729,9746,109974,109975,8230,109976,109977,2204,35219,15298,109978,109979,109980,109981,2491,109982,109983,109984,27224,109985,109986,109987,109988,12424,109989,203,7216,1426,109990,109991,228,100957,100958,5701,109992,109993,1250,3688,109994,109995,109996,109997,11669,109998,109999,10529,100959,70110,110000,110001,110002,110003,2618,14601,71407,110004,204,1537,90,89,50848,14372,114,9060,7,44589,273,27554,8202,100739,109969,104798,14857,8206,12022,21731,253,12099],"class_list":["post-181126","post","type-post","status-publish","format-standard","has-post-thumbnail","category-tv","tag-acqua","tag-acqua-fredda","tag-acqua-fredda-morale","tag-altra","tag-ammette","tag-bellissima","tag-benedetta","tag-benedetta-vs","tag-benedetta-vs-francesca","tag-breaking","tag-breaking-news","tag-budget","tag-budget-dimezzato","tag-budget-dimezzato-acqua","tag-capitano","tag-capitano-domenico","tag-capitano-domenico-carica","tag-carica","tag-concessione","tag-concorrenti","tag-concorrenti-domenico","tag-concorrenti-domenico-ivana","tag-concorrenti-pagelle","tag-concorrenti-pagelle-inquilini","tag-confronto","tag-dimezzato","tag-dimezzato-acqua","tag-dimezzato-acqua-fredda","tag-domenico","tag-domenico-carica","tag-domenico-ivana","tag-domenico-ivana-pace","tag-domenico-prende","tag-donatella","tag-donatella-uscire","tag-entertainment","tag-fatta","tag-finale","tag-finale-benedetta","tag-finale-benedetta-vs","tag-foto","tag-foto-gentile","tag-foto-gentile-concessione","tag-francesca","tag-francesca-simone","tag-francesca-simone-video","tag-francesco","tag-fratello","tag-fratello-concorrenti","tag-fratello-concorrenti-domenico","tag-fratello-laboratorio","tag-fratello-laboratorio-nervi","tag-fredda","tag-fredda-morale","tag-fredda-morale-pezzi","tag-gentile","tag-gentile-concessione","tag-gf","tag-gf-news","tag-gf-news-concorrenti","tag-gf-nomination","tag-gf-nomination-francesca","tag-giulia","tag-grazia","tag-inquilini","tag-inquilini-gf","tag-intrattenimento","tag-it","tag-italia","tag-italy","tag-ivana","tag-jonas","tag-matteo","tag-mediaset","tag-news","tag-nomination","tag-nuova","tag-omer","tag-puntata","tag-rasha","tag-sbotta","tag-scintille","tag-scontro","tag-simone","tag-succede","tag-tensione","tag-tv","tag-uscita"],"share_on_mastodon":{"url":"","error":"Validation failed: Text character limit of 500 exceeded"},"_links":{"self":[{"href":"https:\/\/www.europesays.com\/it\/wp-json\/wp\/v2\/posts\/181126","targetHints":{"allow":["GET"]}}],"collection":[{"href":"https:\/\/www.europesays.com\/it\/wp-json\/wp\/v2\/posts"}],"about":[{"href":"https:\/\/www.europesays.com\/it\/wp-json\/wp\/v2\/types\/post"}],"author":[{"embeddable":true,"href":"https:\/\/www.europesays.com\/it\/wp-json\/wp\/v2\/users\/3"}],"replies":[{"embeddable":true,"href":"https:\/\/www.europesays.com\/it\/wp-json\/wp\/v2\/comments?post=181126"}],"version-history":[{"count":0,"href":"https:\/\/www.europesays.com\/it\/wp-json\/wp\/v2\/posts\/181126\/revisions"}],"wp:featuredmedia":[{"embeddable":true,"href":"https:\/\/www.europesays.com\/it\/wp-json\/wp\/v2\/media\/181127"}],"wp:attachment":[{"href":"https:\/\/www.europesays.com\/it\/wp-json\/wp\/v2\/media?parent=181126"}],"wp:term":[{"taxonomy":"category","embeddable":true,"href":"https:\/\/www.europesays.com\/it\/wp-json\/wp\/v2\/categories?post=181126"},{"taxonomy":"post_tag","embeddable":true,"href":"https:\/\/www.europesays.com\/it\/wp-json\/wp\/v2\/tags?post=181126"}],"curies":[{"name":"wp","href":"https:\/\/api.w.org\/{rel}","templated":true}]}}