{"id":181153,"date":"2025-10-24T05:36:21","date_gmt":"2025-10-24T05:36:21","guid":{"rendered":"https:\/\/www.europesays.com\/it\/181153\/"},"modified":"2025-10-24T05:36:21","modified_gmt":"2025-10-24T05:36:21","slug":"noi-del-rione-sanita-il-cast-della-serie-tv-con-carmine-recano-da-stasera-in-tv","status":"publish","type":"post","link":"https:\/\/www.europesays.com\/it\/181153\/","title":{"rendered":"Noi del rione sanit\u00e0, il cast della serie tv con Carmine Recano da stasera in tv"},"content":{"rendered":"<p>                        <img crossorigin=\"anonymous\" class=\"c-gallery-item__img j-lazyload\"   loading=\"lazy\" title=\"calendari avvento beauty - 3\" alt=\"\"\/><\/p>\n<p>\n                    1\/9<\/p>\n<p>                    \u00a9Webphoto\n                <\/p>\n<p class=\"c-gallery-item__caption\"><b>Carmine Recano<\/b>, che tutti conoscono come il &#8220;Comandante&#8221; di Mare Fuori, \u00e8 il protagonista di Noi del rione sanit\u00e0, la nuova fiction di Rai 1 in onda in prima tv dal 23 ottobre. <b>Recano \u00e8 Don Giuseppe<\/b>, parroco\u00a0visionario e intraprendente, ispirato al vero <b>Antonio Loffredo<\/b>.\u00a0Arriva nel quartiere con la missione di cambiare la vita dei giovani e di ridare loro speranza, attraverso la bellezza, l\u2019arte, il lavoro e il riscatto sociale.\u00a0Sfidando i meccanismi della criminalit\u00e0 organizzata, cerca di trasformare uno spazio segnato dal degrado in un luogo di opportunit\u00e0.\n<\/p>\n<p>            <a data-intcmp=\"tg24_photogallery_interlink_inline\" class=\"c-cta c-cta--no-outline c-cta--capitalized  c-cta--reverse\" href=\"https:\/\/tg24.sky.it\/spettacolo\/serie-tv\/2025\/02\/24\/belcanto-cast\" rel=\"follow nofollow noopener\" target=\"_self\">Belcanto, il cast della serie tv con Vittoria Puccini e Carmine Recano<br \/>\n            <\/a><\/p>\n","protected":false},"excerpt":{"rendered":"1\/9 \u00a9Webphoto Carmine Recano, che tutti conoscono come il &#8220;Comandante&#8221; di Mare Fuori, \u00e8 il protagonista di Noi&hellip;\n","protected":false},"author":3,"featured_media":181154,"comment_status":"","ping_status":"","sticky":false,"template":"","format":"standard","meta":{"footnotes":""},"categories":[174],"tags":[203,1725,204,1537,90,89,9100],"class_list":{"0":"post-181153","1":"post","2":"type-post","3":"status-publish","4":"format-standard","5":"has-post-thumbnail","7":"category-intrattenimento","8":"tag-entertainment","9":"tag-fotogallery","10":"tag-intrattenimento","11":"tag-it","12":"tag-italia","13":"tag-italy","14":"tag-serie-tv"},"share_on_mastodon":{"url":"https:\/\/pubeurope.com\/@it\/115427526771813838","error":""},"_links":{"self":[{"href":"https:\/\/www.europesays.com\/it\/wp-json\/wp\/v2\/posts\/181153","targetHints":{"allow":["GET"]}}],"collection":[{"href":"https:\/\/www.europesays.com\/it\/wp-json\/wp\/v2\/posts"}],"about":[{"href":"https:\/\/www.europesays.com\/it\/wp-json\/wp\/v2\/types\/post"}],"author":[{"embeddable":true,"href":"https:\/\/www.europesays.com\/it\/wp-json\/wp\/v2\/users\/3"}],"replies":[{"embeddable":true,"href":"https:\/\/www.europesays.com\/it\/wp-json\/wp\/v2\/comments?post=181153"}],"version-history":[{"count":0,"href":"https:\/\/www.europesays.com\/it\/wp-json\/wp\/v2\/posts\/181153\/revisions"}],"wp:featuredmedia":[{"embeddable":true,"href":"https:\/\/www.europesays.com\/it\/wp-json\/wp\/v2\/media\/181154"}],"wp:attachment":[{"href":"https:\/\/www.europesays.com\/it\/wp-json\/wp\/v2\/media?parent=181153"}],"wp:term":[{"taxonomy":"category","embeddable":true,"href":"https:\/\/www.europesays.com\/it\/wp-json\/wp\/v2\/categories?post=181153"},{"taxonomy":"post_tag","embeddable":true,"href":"https:\/\/www.europesays.com\/it\/wp-json\/wp\/v2\/tags?post=181153"}],"curies":[{"name":"wp","href":"https:\/\/api.w.org\/{rel}","templated":true}]}}