{"id":181299,"date":"2025-10-24T07:40:12","date_gmt":"2025-10-24T07:40:12","guid":{"rendered":"https:\/\/www.europesays.com\/it\/181299\/"},"modified":"2025-10-24T07:40:12","modified_gmt":"2025-10-24T07:40:12","slug":"atp-vienna-2025-i-risultati-degli-italiani-berrettini-ai-quarti-fuori-arnaldi","status":"publish","type":"post","link":"https:\/\/www.europesays.com\/it\/181299\/","title":{"rendered":"Atp Vienna 2025, i risultati degli italiani: Berrettini ai quarti, fuori Arnaldi"},"content":{"rendered":"<p>Vincere soffrendo. Test fisico importante per Matteo Berrettini, che <strong>ha messo a dura prova la sua condizione atletica nel match vinto contro Cameron Norrie<\/strong>. Il britannico\u00a0(numero 35 al mondo) ha portato l&#8217;azzurro al terzo set, dopo due tie-break interminabili. Nel primo set ad avere la meglio \u00e8 stato Berrettini, bravo a sfruttare il suo servizio e a <strong>vincere al tie-break per 8-6. Particolarmente combattuto il secondo tie-break, vinto da Norrie per 11-9<\/strong>: Berrettini ha avuto anche un match point a disposizione, ma alla fine il britannico \u00e8 passato al\u00a0quarto set point. Qualcuno ipotizzava un possibile calo di Matteo nel terzo set, invece il tennista romano ha stretto i denti, vincendo dopo 3 ore e 16 minuti di gioco (6-4 il terzo set) e <strong>conquistando con il cuore i quarti di finale dell&#8217;Atp 500 di Vienna, dove trover\u00e0 De Minaur<\/strong>.\u00a0Berrettini \u00e8 per la quarta volta ai quarti a Vienna, 37\u00b0 quarto di finale in carriera a livello Atp, il sesto su cemento indoor e il quarto di questa stagione.<\/p>\n<p>\t\t\tBerrettini supera per la terza volta le tre ore di gioco<\/p>\n<p>Per Berrettini \u00e8 insolito vivere dei match cos\u00ec lunghi (la vittoria contro Norrie \u00e8 arrivata dopo 3 ore e 16 minuti).\u00a0<strong>\u00c8 la terza volta che Matteo supera le tre ore di gioco in un match al meglio dei tre set<\/strong>: era successo soltanto a Firenze nel 2022 contro lo spagnolo Roberto Carball\u00e9s Baena (3 ore e 19 minuti) e a Vienna nel 2024 contro lo statunitense Frances Tiafoe (3 ore e 2 minuti).<\/p>\n<p>\t\t\tArnaldi fuori agli ottavi, Zverev vince in due set<\/p>\n<p>Si \u00e8 chiuso agli ottavi di finale invece il percorso di <strong>Matteo Arnaldi <\/strong>all&#8217;Atp 500 di Vienna. L&#8217;azzurro ha perso contro il tedesco e numero 2 del seeding <strong>Sascha Zverev con il punteggio di 6-4, 6-4<\/strong> in un&#8217;ora e 27 minuti di gioco. Tanto equilibrio nel primo set, con entrambi i tennisti che hanno dominato al servizio. Decisivo il break strappato da Zverev nel nono game, che gli ha permesso di andare a servire per chiudere il set. Nel secondo parziale, invece,<strong> Arnaldi ha perso la battuta nel terzo gioco<\/strong> e ha sprecato la chance di controbreak sul 2-3. Ai quarti di finale, <strong>Zverev sfider\u00e0 l&#8217;olandese Tallon Griekspoor<\/strong>.<\/p>\n","protected":false},"excerpt":{"rendered":"Vincere soffrendo. Test fisico importante per Matteo Berrettini, che ha messo a dura prova la sua condizione atletica&hellip;\n","protected":false},"author":3,"featured_media":181300,"comment_status":"","ping_status":"","sticky":false,"template":"","format":"standard","meta":{"footnotes":""},"categories":[1457],"tags":[1537,90,89,1863,6961,3050,245,244,1273],"class_list":{"0":"post-181299","1":"post","2":"type-post","3":"status-publish","4":"format-standard","5":"has-post-thumbnail","7":"category-tennis","8":"tag-it","9":"tag-italia","10":"tag-italy","11":"tag-lorenzo-musetti","12":"tag-matteo-arnaldi","13":"tag-matteo-berrettini","14":"tag-sport","15":"tag-sports","16":"tag-tennis"},"share_on_mastodon":{"url":"https:\/\/pubeurope.com\/@it\/115428014473166081","error":""},"_links":{"self":[{"href":"https:\/\/www.europesays.com\/it\/wp-json\/wp\/v2\/posts\/181299","targetHints":{"allow":["GET"]}}],"collection":[{"href":"https:\/\/www.europesays.com\/it\/wp-json\/wp\/v2\/posts"}],"about":[{"href":"https:\/\/www.europesays.com\/it\/wp-json\/wp\/v2\/types\/post"}],"author":[{"embeddable":true,"href":"https:\/\/www.europesays.com\/it\/wp-json\/wp\/v2\/users\/3"}],"replies":[{"embeddable":true,"href":"https:\/\/www.europesays.com\/it\/wp-json\/wp\/v2\/comments?post=181299"}],"version-history":[{"count":0,"href":"https:\/\/www.europesays.com\/it\/wp-json\/wp\/v2\/posts\/181299\/revisions"}],"wp:featuredmedia":[{"embeddable":true,"href":"https:\/\/www.europesays.com\/it\/wp-json\/wp\/v2\/media\/181300"}],"wp:attachment":[{"href":"https:\/\/www.europesays.com\/it\/wp-json\/wp\/v2\/media?parent=181299"}],"wp:term":[{"taxonomy":"category","embeddable":true,"href":"https:\/\/www.europesays.com\/it\/wp-json\/wp\/v2\/categories?post=181299"},{"taxonomy":"post_tag","embeddable":true,"href":"https:\/\/www.europesays.com\/it\/wp-json\/wp\/v2\/tags?post=181299"}],"curies":[{"name":"wp","href":"https:\/\/api.w.org\/{rel}","templated":true}]}}