{"id":181621,"date":"2025-10-24T11:26:12","date_gmt":"2025-10-24T11:26:12","guid":{"rendered":"https:\/\/www.europesays.com\/it\/181621\/"},"modified":"2025-10-24T11:26:12","modified_gmt":"2025-10-24T11:26:12","slug":"vera-costanzo-e-serena-maccarrone-finaliste-al-talent-io-canto-family-su-canale-5","status":"publish","type":"post","link":"https:\/\/www.europesays.com\/it\/181621\/","title":{"rendered":"Vera Costanzo e Serena Maccarrone finaliste al talent \u2018Io Canto Family\u2019 su Canale 5"},"content":{"rendered":"<p>Grande emozione e soddisfazione per le acesi Vera Costanzo e Serena Maccarrone, madre e figlia, protagoniste assolute della nuova edizione del celebre programma televisivo \u2018Io Canto Family\u2019, in onda su Canale 5, dove hanno conquistato pubblico e giuria fino ad approdare in finale. Allieve del Maestro Paolo Li Rosi e della MeOSchool, la loro storia artistica e familiare ha colpito per autenticit\u00e0 e intensit\u00e0. I loro duetti hanno messo in luce, infatti, oltre alla straordinaria vocalit\u00e0 di Serena, capace di unire tecnica e intensit\u00e0 interpretativa, e alla sensibilit\u00e0 e forza interpretativa di Vera, anche una complicit\u00e0 e un legame che valorizza il senso stesso della trasmissione: celebrare la musica come espressione di amore, unione e identit\u00e0. Un\u2019avventura iniziata quasi per caso, grazie alla proposta del Maestro Paolo Li Rosi, che ha invitato le due artiste a partecipare ai casting del programma. Da l\u00ec, un lungo percorso di preparazione e crescita alla MeOSchool, fatto di studio, sacrificio e determinazione, fino alla gioia di vedere i propri sforzi riconosciuti sul palco televisivo. Il coronamento di un lavoro serio e costante che conferma l\u2019impegno della scuola nel formare giovani talenti autentici, consapevoli e appassionati, capaci di trasformare la musica in un racconto di vita.\u00a0<\/p>\n<p>\u201cIl percorso fatto fin qui \u00e8 stato pieno di insidie e difficolt\u00e0, ma anche di grande soddisfazione \u2013 racconta il Maestro Li Rosi \u2013 averle viste cos\u00ec connesse su quel palco mi ha riempito d\u2019orgoglio. Hanno saputo portare con naturalezza tutto ci\u00f2 che abbiamo costruito insieme in questi mesi\u201d. Serena e Vera, ancora emozionate, ricordano ogni passo del loro viaggio. \u201cLe cose belle arrivano quando meno te le aspetti. Dal primo casting a Catania sono passati sette mesi, e ogni volta che ci comunicavano di aver superato una selezione l\u2019emozione cresceva\u201d. L\u2019approvazione di Noemi e Patty Pravo, l\u2019applauso del pubblico e poi la sorpresa finale, la proclamazione diretta in finale, hanno lasciato madre e figlia senza parole. \u201cSono onorata di vivere questi momenti magici con mia figlia \u2013 aggiunge Vera \u2013 al di l\u00e0 della gara, poterla guardare negli occhi e cantare insieme a lei \u00e8 la vittoria pi\u00f9 grande\u201d.<\/p>\n<p>\u00a0\u201cSono felice di aver vissuto questa esperienza accanto a mia madre \u2013 conclude Serena \u2013 e di aver conosciuto tanti ragazzi che, come me, amano la musica. Porter\u00f2 con me ogni emozione e ogni volto incontrato\u201d.<\/p>\n","protected":false},"excerpt":{"rendered":"Grande emozione e soddisfazione per le acesi Vera Costanzo e Serena Maccarrone, madre e figlia, protagoniste assolute della&hellip;\n","protected":false},"author":3,"featured_media":181622,"comment_status":"","ping_status":"","sticky":false,"template":"","format":"standard","meta":{"footnotes":""},"categories":[1444],"tags":[685,203,204,1537,90,89,253],"class_list":{"0":"post-181621","1":"post","2":"type-post","3":"status-publish","4":"format-standard","5":"has-post-thumbnail","7":"category-tv","8":"tag-canale-5","9":"tag-entertainment","10":"tag-intrattenimento","11":"tag-it","12":"tag-italia","13":"tag-italy","14":"tag-tv"},"share_on_mastodon":{"url":"https:\/\/pubeurope.com\/@it\/115428903255153739","error":""},"_links":{"self":[{"href":"https:\/\/www.europesays.com\/it\/wp-json\/wp\/v2\/posts\/181621","targetHints":{"allow":["GET"]}}],"collection":[{"href":"https:\/\/www.europesays.com\/it\/wp-json\/wp\/v2\/posts"}],"about":[{"href":"https:\/\/www.europesays.com\/it\/wp-json\/wp\/v2\/types\/post"}],"author":[{"embeddable":true,"href":"https:\/\/www.europesays.com\/it\/wp-json\/wp\/v2\/users\/3"}],"replies":[{"embeddable":true,"href":"https:\/\/www.europesays.com\/it\/wp-json\/wp\/v2\/comments?post=181621"}],"version-history":[{"count":0,"href":"https:\/\/www.europesays.com\/it\/wp-json\/wp\/v2\/posts\/181621\/revisions"}],"wp:featuredmedia":[{"embeddable":true,"href":"https:\/\/www.europesays.com\/it\/wp-json\/wp\/v2\/media\/181622"}],"wp:attachment":[{"href":"https:\/\/www.europesays.com\/it\/wp-json\/wp\/v2\/media?parent=181621"}],"wp:term":[{"taxonomy":"category","embeddable":true,"href":"https:\/\/www.europesays.com\/it\/wp-json\/wp\/v2\/categories?post=181621"},{"taxonomy":"post_tag","embeddable":true,"href":"https:\/\/www.europesays.com\/it\/wp-json\/wp\/v2\/tags?post=181621"}],"curies":[{"name":"wp","href":"https:\/\/api.w.org\/{rel}","templated":true}]}}