{"id":181661,"date":"2025-10-24T11:54:12","date_gmt":"2025-10-24T11:54:12","guid":{"rendered":"https:\/\/www.europesays.com\/it\/181661\/"},"modified":"2025-10-24T11:54:12","modified_gmt":"2025-10-24T11:54:12","slug":"dopo-quasi-trentanni-insieme-roberta-samarelli-lascia-i-verdena","status":"publish","type":"post","link":"https:\/\/www.europesays.com\/it\/181661\/","title":{"rendered":"Dopo quasi trent&#8217;anni insieme Roberta Samarelli lascia i &#8220;Verdena&#8221;"},"content":{"rendered":"<p>Per chi segue con passione la band bergamasca la notizia era gi\u00e0 nell\u2019aria. Ma solo oggi \u00e8 arrivata l\u2019ufficialit\u00e0: <strong>Roberta Samarelli<\/strong> lascia i \u201cVerdena\u201d dopo quasi trent\u2019anni sul palco insieme. L\u2019annuncio \u00e8 stato confermato sia dalla musicista con un post su Facebook, che dalla band.<\/p>\n<p>Roberta Samarelli lascia i \u201cVerdena\u201d<\/p>\n<p>Come riposta Prima Bergamo, nel <a href=\"https:\/\/primabergamo.it\/musica\/i-verdena-unici-nel-loro-genere-non-fanno-nulla-per-atteggiarsi\/\" target=\"_blank\" rel=\"noopener nofollow\">comunicato diffuso dai fratelli Ferrari<\/a>, la separazione viene raccontata con toni affettuosi e malinconici: \u201cCome una goccia. A new dimension. Dopo aver condiviso un lunghissimo percorso, alla fine del tour \u201cVolevo Magia\u201d, Roberta ci ha comunicato che non avrebbe pi\u00f9 fatto parte del progetto. Proseguir\u00e0 per la sua strada. E noi per la nostra, lavorando a un nuovo album\u201d.<\/p>\n<p>Il gruppo bergamasco ha aggiunto che la notizia non \u00e8 arrivata all\u2019improvviso: \u201c\u00c8 da un po\u2019 di tempo che questa cosa era in attesa di essere detta, ma forse ci serviva un po\u2019 di tempo per metabolizzare\u2026 sapete com\u2019\u00e8\u2026 Ringraziamo veramente tanto chi ci ha seguito e aiutato in questi anni. Sperando che il futuro sorrida a tutti, Luca e Alberto\u201d.<\/p>\n<p>\u201cSono stati anni speciali\u201d<\/p>\n<p>A distanza di poche ore \u00e8 arrivato anche il messaggio personale di Sammarelli, che ha voluto spiegare la sua decisione in modo diretto: \u201cSar\u00f2 onesta perch\u00e9 \u00e8 nella mia natura esserlo. Qualcuno gi\u00e0 sa, qualcuno lo sospetta, qualcuno invece non se lo aspetta: non suoner\u00f2 pi\u00f9 nei Verdena. \u00c8 stata una scelta molto difficile che ho preso alla fine del tour del 2023 e che ho comunicato alla band gi\u00e0 allora\u201d.<\/p>\n<p>La bassista, tra le figure pi\u00f9 riconoscibili del trio, ha ripercorso con gratitudine gli anni trascorsi insieme: \u201cSono stati anni speciali, a volte incredibili, a volte complessi, altri commoventi. Niente potr\u00e0 cancellare quello che \u00e8 stato fatto, che fortunatamente resta indelebile nella musica\u201d.<\/p>\n<p>Sammarelli ha poi concluso con uno sguardo fiducioso al futuro: \u201cOra sento il bisogno di andare avanti, in un\u2019altra direzione, in uno o pi\u00f9 viaggi che non sono sicura dove mi porteranno, ma che \u00e8 il momento di intraprendere. Buona fortuna a tutti!\u201d.<\/p>\n","protected":false},"excerpt":{"rendered":"Per chi segue con passione la band bergamasca la notizia era gi\u00e0 nell\u2019aria. Ma solo oggi \u00e8 arrivata&hellip;\n","protected":false},"author":3,"featured_media":181662,"comment_status":"","ping_status":"","sticky":false,"template":"","format":"standard","meta":{"footnotes":""},"categories":[1443],"tags":[1687,203,204,1537,90,89,1538,1539],"class_list":{"0":"post-181661","1":"post","2":"type-post","3":"status-publish","4":"format-standard","5":"has-post-thumbnail","7":"category-musica","8":"tag-bergamo","9":"tag-entertainment","10":"tag-intrattenimento","11":"tag-it","12":"tag-italia","13":"tag-italy","14":"tag-music","15":"tag-musica"},"share_on_mastodon":{"url":"https:\/\/pubeurope.com\/@it\/115429013207874855","error":""},"_links":{"self":[{"href":"https:\/\/www.europesays.com\/it\/wp-json\/wp\/v2\/posts\/181661","targetHints":{"allow":["GET"]}}],"collection":[{"href":"https:\/\/www.europesays.com\/it\/wp-json\/wp\/v2\/posts"}],"about":[{"href":"https:\/\/www.europesays.com\/it\/wp-json\/wp\/v2\/types\/post"}],"author":[{"embeddable":true,"href":"https:\/\/www.europesays.com\/it\/wp-json\/wp\/v2\/users\/3"}],"replies":[{"embeddable":true,"href":"https:\/\/www.europesays.com\/it\/wp-json\/wp\/v2\/comments?post=181661"}],"version-history":[{"count":0,"href":"https:\/\/www.europesays.com\/it\/wp-json\/wp\/v2\/posts\/181661\/revisions"}],"wp:featuredmedia":[{"embeddable":true,"href":"https:\/\/www.europesays.com\/it\/wp-json\/wp\/v2\/media\/181662"}],"wp:attachment":[{"href":"https:\/\/www.europesays.com\/it\/wp-json\/wp\/v2\/media?parent=181661"}],"wp:term":[{"taxonomy":"category","embeddable":true,"href":"https:\/\/www.europesays.com\/it\/wp-json\/wp\/v2\/categories?post=181661"},{"taxonomy":"post_tag","embeddable":true,"href":"https:\/\/www.europesays.com\/it\/wp-json\/wp\/v2\/tags?post=181661"}],"curies":[{"name":"wp","href":"https:\/\/api.w.org\/{rel}","templated":true}]}}