{"id":181921,"date":"2025-10-24T15:02:09","date_gmt":"2025-10-24T15:02:09","guid":{"rendered":"https:\/\/www.europesays.com\/it\/181921\/"},"modified":"2025-10-24T15:02:09","modified_gmt":"2025-10-24T15:02:09","slug":"il-libro-di-filippo-giovannelli","status":"publish","type":"post","link":"https:\/\/www.europesays.com\/it\/181921\/","title":{"rendered":"il libro di Filippo Giovannelli"},"content":{"rendered":"<p>&#8220;La svolta. Calcio in Costume, cronaca del 1978&#8221;, scritto da Filippo Giovannelli, direttore del Corteo Storico della Repubblica Fiorentina e del Calcio Storico Fiorentino, \u00e8 stato presentato lo scorso 17 ottobre al Museo de&#8217; Medici alla presenza dell&#8217;autore, di Mirco Rufilli, presidente Q1 Centro Storico Firenze, di Andrea Da Roit, presidente dei Veterani del Calcio in Costume e di un numeroso pubblico. Il libro \u00e8 dedicato ad Alessandro Dei, storico capitano ed ex presidente degli Azzurri, preziosa fonte di notizie, scomparso lo scorso agosto.<\/p>\n<p>La narrazione della cronaca, attento viaggio nella memoria del 1978, si avvale delle testimonianze di tanti protagonisti, alcuni dei quali hanno cercato di dimenticare certi episodi, per svelarci ci\u00f2 che accadde nelle partite che si disputarono in quell&#8217;anno che molti veterani ricordano come funesto, ma che rappresent\u00f2 un epocale momento di &#8220;svolta&#8221; per il futuro della manifestazione, tracciando un segno indelebile nella memoria di tutti.<\/p>\n<p>Il 1978, infatti, fu un anno molto particolare, scosso da grandi turbamenti politici e sociali, sia in ambito nazionale che locale, di conseguenza le partite del Calcio in Costume si connotarono come vetrina di quelle grandi tensioni e delle profonde trasformazioni che ne seguirono.<\/p>\n<p>&#8220;La mia paura \u00e8 per il giorno della finale, quando si gioca di notte&#8221;. Con queste parole, dopo la prima semifinale tra Bianchi e Rossi del 18 giugno, Alberto Amorosi, assessore allo Sport e presidente del Comitato del Calcio in Costume nel 1978, manifest\u00f2 la sua profonda apprensione per quella partita che, alla fine, si rivel\u00f2 triste teatro di drammatici<br \/>eventi. Ma dalle ceneri di quella difficile edizione di quasi cinquant&#8217;anni fa, ne sono derivate tante altre che hanno caratterizzato sempre pi\u00f9 la manifestazione come un vero ed entusiasmante torneo, viva espressione della passione e dell&#8217;identit\u00e0 fiorentina, la cui eco \u00e8 andata ben oltre i confini della citt\u00e0 di Firenze facendo conoscere, ad un pubblico sempre pi\u00f9 vasto, le radici profonde e l&#8217;importante posto che il Calcio in Costume occupa nel cuore dei<br \/>fiorentini.<\/p>\n","protected":false},"excerpt":{"rendered":"&#8220;La svolta. Calcio in Costume, cronaca del 1978&#8221;, scritto da Filippo Giovannelli, direttore del Corteo Storico della Repubblica&hellip;\n","protected":false},"author":3,"featured_media":181922,"comment_status":"","ping_status":"","sticky":false,"template":"","format":"standard","meta":{"footnotes":""},"categories":[1445],"tags":[689,1608,203,204,1537,90,89,1609,688,20510],"class_list":{"0":"post-181921","1":"post","2":"type-post","3":"status-publish","4":"format-standard","5":"has-post-thumbnail","7":"category-libri","8":"tag-blog","9":"tag-books","10":"tag-entertainment","11":"tag-intrattenimento","12":"tag-it","13":"tag-italia","14":"tag-italy","15":"tag-libri","16":"tag-opinioni","17":"tag-presentazione-libri"},"share_on_mastodon":{"url":"https:\/\/pubeurope.com\/@it\/115429752419893011","error":""},"_links":{"self":[{"href":"https:\/\/www.europesays.com\/it\/wp-json\/wp\/v2\/posts\/181921","targetHints":{"allow":["GET"]}}],"collection":[{"href":"https:\/\/www.europesays.com\/it\/wp-json\/wp\/v2\/posts"}],"about":[{"href":"https:\/\/www.europesays.com\/it\/wp-json\/wp\/v2\/types\/post"}],"author":[{"embeddable":true,"href":"https:\/\/www.europesays.com\/it\/wp-json\/wp\/v2\/users\/3"}],"replies":[{"embeddable":true,"href":"https:\/\/www.europesays.com\/it\/wp-json\/wp\/v2\/comments?post=181921"}],"version-history":[{"count":0,"href":"https:\/\/www.europesays.com\/it\/wp-json\/wp\/v2\/posts\/181921\/revisions"}],"wp:featuredmedia":[{"embeddable":true,"href":"https:\/\/www.europesays.com\/it\/wp-json\/wp\/v2\/media\/181922"}],"wp:attachment":[{"href":"https:\/\/www.europesays.com\/it\/wp-json\/wp\/v2\/media?parent=181921"}],"wp:term":[{"taxonomy":"category","embeddable":true,"href":"https:\/\/www.europesays.com\/it\/wp-json\/wp\/v2\/categories?post=181921"},{"taxonomy":"post_tag","embeddable":true,"href":"https:\/\/www.europesays.com\/it\/wp-json\/wp\/v2\/tags?post=181921"}],"curies":[{"name":"wp","href":"https:\/\/api.w.org\/{rel}","templated":true}]}}