{"id":181974,"date":"2025-10-24T15:35:13","date_gmt":"2025-10-24T15:35:13","guid":{"rendered":"https:\/\/www.europesays.com\/it\/181974\/"},"modified":"2025-10-24T15:35:13","modified_gmt":"2025-10-24T15:35:13","slug":"il-paradiso-delle-signore-anticipazioni-dal-27-al-31-ottobre-2025-roberto-scopre-che-caterina-e-fidanzata-con-il-suo-ex-mario-oradei","status":"publish","type":"post","link":"https:\/\/www.europesays.com\/it\/181974\/","title":{"rendered":"Il Paradiso delle Signore, anticipazioni dal 27 al 31 ottobre 2025: Roberto scopre che Caterina \u00e8 fidanzata con il suo ex Mario Oradei"},"content":{"rendered":"<p><img fetchpriority=\"high\" decoding=\"async\" width=\"1024\" height=\"598\" src=\"https:\/\/www.europesays.com\/it\/wp-content\/uploads\/2025\/10\/Roberto-Landi-Paradiso-delle-Signore-1024x598.jpg\" alt=\"Roberto Landi - Paradiso delle Signore\"  \/><\/p>\n<p>\u00a9 US Rai<\/p>\n<p>Un imprevisto sconvolgente attende <strong>Roberto Landi<\/strong> nei prossimi episodi de <strong>Il Paradiso delle Signore<\/strong>. L\u2019imprenditore scopre, infatti, nel peggiore dei modi che la venere <strong>Caterina Rinaldi <\/strong>\u00e8 fidanzata con <strong>Mario Oradei<\/strong>, il suo storico e segreto ex. Una scoperta che manda in tilt il povero Landi.<\/p>\n<p>Maggiori info su quello che accadr\u00e0 nelle<strong>\u00a0anticipazioni\u00a0<\/strong>che seguono. La prossima settimana, la soap\u00a0\u00e8 in onda dal luned\u00ec al venerd\u00ec alle 16:00 su Rai1 e in streaming in diretta e replica on demand su RaiPlay.<\/p>\n<p>Il Paradiso delle Signore, anticipazioni da luned\u00ec 27 a venerd\u00ec 31 ottobre 2025<\/p>\n<p>Luned\u00ec 27 ottobre 2025: Marcello annulla il matrimonio con Adelaide e fa perdere le sue tracce<\/p>\n<p>La dichiarazione di Marcello \u00e8 un duro colpo per la contessa e scuote Villa Guarnieri che si stringe attorno a lei. La notizia arriva anche al Paradiso e Roberto vuole tenere a bada i giornalisti. L\u2019annullamento delle nozze rallenta anche i piani dei fratelli Marchesi. Caterina rischia di perdere la foto del fidanzato. Enrico scopre che esiste una nuova terapia per recuperare a pieno le funzioni della mano. Umberto, intanto, \u00e8 certo di conoscere il motivo del passo indietro di Marcello che, nel frattempo, \u00e8 sparito. Matteo e Mirella decidono, cos\u00ec, di contattare Rosa.<\/p>\n","protected":false},"excerpt":{"rendered":"\u00a9 US Rai Un imprevisto sconvolgente attende Roberto Landi nei prossimi episodi de Il Paradiso delle Signore. L\u2019imprenditore&hellip;\n","protected":false},"author":3,"featured_media":181975,"comment_status":"","ping_status":"","sticky":false,"template":"","format":"standard","meta":{"footnotes":""},"categories":[174],"tags":[86019,203,29462,204,1537,90,89,11579],"class_list":{"0":"post-181974","1":"post","2":"type-post","3":"status-publish","4":"format-standard","5":"has-post-thumbnail","7":"category-intrattenimento","8":"tag-anticipazioni-episodi","9":"tag-entertainment","10":"tag-il-paradiso-delle-signore-10-2025-2026","11":"tag-intrattenimento","12":"tag-it","13":"tag-italia","14":"tag-italy","15":"tag-soap"},"share_on_mastodon":{"url":"https:\/\/pubeurope.com\/@it\/115429882695608852","error":""},"_links":{"self":[{"href":"https:\/\/www.europesays.com\/it\/wp-json\/wp\/v2\/posts\/181974","targetHints":{"allow":["GET"]}}],"collection":[{"href":"https:\/\/www.europesays.com\/it\/wp-json\/wp\/v2\/posts"}],"about":[{"href":"https:\/\/www.europesays.com\/it\/wp-json\/wp\/v2\/types\/post"}],"author":[{"embeddable":true,"href":"https:\/\/www.europesays.com\/it\/wp-json\/wp\/v2\/users\/3"}],"replies":[{"embeddable":true,"href":"https:\/\/www.europesays.com\/it\/wp-json\/wp\/v2\/comments?post=181974"}],"version-history":[{"count":0,"href":"https:\/\/www.europesays.com\/it\/wp-json\/wp\/v2\/posts\/181974\/revisions"}],"wp:featuredmedia":[{"embeddable":true,"href":"https:\/\/www.europesays.com\/it\/wp-json\/wp\/v2\/media\/181975"}],"wp:attachment":[{"href":"https:\/\/www.europesays.com\/it\/wp-json\/wp\/v2\/media?parent=181974"}],"wp:term":[{"taxonomy":"category","embeddable":true,"href":"https:\/\/www.europesays.com\/it\/wp-json\/wp\/v2\/categories?post=181974"},{"taxonomy":"post_tag","embeddable":true,"href":"https:\/\/www.europesays.com\/it\/wp-json\/wp\/v2\/tags?post=181974"}],"curies":[{"name":"wp","href":"https:\/\/api.w.org\/{rel}","templated":true}]}}