{"id":182542,"date":"2025-10-24T23:02:16","date_gmt":"2025-10-24T23:02:16","guid":{"rendered":"https:\/\/www.europesays.com\/it\/182542\/"},"modified":"2025-10-24T23:02:16","modified_gmt":"2025-10-24T23:02:16","slug":"persico-lultimo-sguardo-sul-2025-e-poi-dritta-in-spiaggia","status":"publish","type":"post","link":"https:\/\/www.europesays.com\/it\/182542\/","title":{"rendered":"Persico, l&#8217;ultimo sguardo sul 2025 e poi dritta in spiaggia"},"content":{"rendered":"<p class=\"\">E\u2019 il tempo giusto per passare qualche giorno in spiaggia e Silvia Persico non si \u00e8 fatta pregare. <strong>Vinto il Giro del Veneto quattro giorni dopo <a href=\"https:\/\/bici.pro\/news\/fuoristrada\/maastricht-wiebes-regina-podio-anche-persico\/\" target=\"_blank\" rel=\"noreferrer noopener nofollow\">il bronzo al mondiale gravel<\/a>, la bergamasca ha chiuso la valigia e rimandato tutti al primo ritiro<\/strong>. I 41 giorni di corsa del 2025, uno in meno dello scorso anno, sono stati anche straordinariamente complicati. <strong>Infortuni e ripartenze hanno reso tutto pi\u00f9 difficile<\/strong>, per cui ora \u00e8 il momento giusto per tirare il fiato.<\/p>\n<p class=\"\">Si fa uno strappo giusto per qualche domanda, ma <strong>si capisce dal tono di voce che il mondo delle corse si sta allontanando un po\u2019 ogni giorno<\/strong>. Anche la testa ha bisogno di riprendersi, ragionando su altro.<\/p>\n<p class=\"\">\u00abSicuramente il 2024 e il 2025 \u2013 dice Silvia \u2013 sono stati due anni completamente differenti. In entrambi i casi una vittoria e diversi piazzamenti, per\u00f2 <strong>credo che <a href=\"https:\/\/bici.pro\/news\/donne\/persico-cerca-persico-allena-non-corre-cross\/\" target=\"_blank\" rel=\"noreferrer noopener nofollow\">quest\u2019anno siamo cresciute<\/a> sia personalmente che come squadra<\/strong>. Quindi tenderei a ritenerlo una stagione migliore\u00bb.<\/p>\n<p><img loading=\"lazy\" decoding=\"async\" width=\"1009\" height=\"500\" src=\"data:image\/svg+xml,%3Csvg%20xmlns=\" http:=\"\" alt=\"\" class=\"wp-image-397452\" data-lazy- data-lazy- data-lazy-src=\"https:\/\/www.europesays.com\/it\/wp-content\/uploads\/2025\/10\/haf2_img_dk.jpg\"\/>Prima corsa di stagione con Elisa Longo Borghini al UAE Tour: prima e seconda, l\u2019intesa ha funzionato bene sin da subito<\/p>\n<p><img loading=\"lazy\" decoding=\"async\" width=\"559\" height=\"745\" src=\"data:image\/svg+xml,%3Csvg%20xmlns=\" http:=\"\" alt=\"\" class=\"wp-image-397453\" data-lazy- data-lazy- data-lazy-src=\"https:\/\/www.europesays.com\/it\/wp-content\/uploads\/2025\/10\/haf2_img_mb.jpg\"\/>Prima corsa di stagione con Elisa Longo Borghini al UAE Tour: prima e seconda, l\u2019intesa ha funzionato bene sin da subito<\/p>\n<p>Da una sfortuna all\u2019altra<\/p>\n<p class=\"\">La vittoria nell\u2019ultima corsa e il secondo posto al <a href=\"https:\/\/www.theuaetour.com\/\" target=\"_blank\" rel=\"noreferrer noopener nofollow\">UAE Tour<\/a> del debutto dietro la nuova leader Longo Borghini. Nel mezzo <strong>il quinto posto dell\u2019Amstel e un giorno da eroe al <a href=\"https:\/\/www.giroditaliawomen.it\/\" target=\"_blank\" rel=\"noreferrer noopener nofollow\">Giro d\u2019Italia Women<\/a><\/strong> con l\u2019azione decisiva e non prevista sul Monte Petrano.<\/p>\n<p class=\"\">\u00abIl <a href=\"https:\/\/bici.pro\/news\/donne\/bredewold-mette-tutte-sacco-persico-mangia-mani\/\" target=\"_blank\" rel=\"noreferrer noopener nofollow\">quinto posto dell\u2019Amstel<\/a> \u2013 riflette \u2013 \u00e8 arrivato con appena due settimane di allenamento. <strong>Un mese prima mi ero rotta una costola, quindi non avevo fatto grandi carichi<\/strong>. Per questo \u00e8 stato un piazzamento che mi ha dato morale, perch\u00e9 da l\u00ec in avanti avrei avuto a disposizione maggio per fare le mie corse. Invece alla fine non se ne \u00e8 fatto nulla. <strong>La settimana dopo l\u2019Amstel, ho dovuto correre la Liegi e mi sono fratturata il capitello radiale<\/strong>. Perci\u00f2 ho dovuto fermarmi ancora e non ho potuto correre le gare in cui avrei avuto un po\u2019 pi\u00f9 di libert\u00e0 in Spagna e in Francia\u00bb.<\/p>\n<p><img loading=\"lazy\" decoding=\"async\" width=\"1009\" height=\"500\" src=\"data:image\/svg+xml,%3Csvg%20xmlns=\" http:=\"\" alt=\"Amstel Gold Race 2025, Silvia Persico, Juliette Labous, Puck Pieterse\" class=\"wp-image-440199\" data-lazy- data-lazy- data-lazy-src=\"https:\/\/www.europesays.com\/it\/wp-content\/uploads\/2025\/10\/silper4_img_dk.jpg\"\/>In azione all\u2019Amstel con Labous e Pieterse: per Persico un quinto posto inatteso dopo la frattura della costola<\/p>\n<p><img loading=\"lazy\" decoding=\"async\" width=\"559\" height=\"745\" src=\"data:image\/svg+xml,%3Csvg%20xmlns=\" http:=\"\" alt=\"Amstel Gold Race 2025, Silvia Persico, Juliette Labous, Puck Pieterse\" class=\"wp-image-440200\" data-lazy- data-lazy- data-lazy-src=\"https:\/\/www.europesays.com\/it\/wp-content\/uploads\/2025\/10\/silper4_img_mb.jpg\"\/>In azione all\u2019Amstel con Labous e Pieterse: per Persico un quinto posto inatteso dopo la frattura della costola<\/p>\n<p>Il capolavoro del Nerone<\/p>\n<p class=\"\">La Liegi \u00e8 stata un fuori programma in supporto di <strong>Elisa Longo Borghini, leader che ha portato un grande clima, ma ha le sue necessit\u00e0<\/strong>. Per fare bene la Liegi, c\u2019era bisogno anche di Persico, che per\u00f2 dopo una ventina di chilometri \u00e8 caduta, finendo all\u2019ospedale. <strong>Un brutto colpo, che Silvia si \u00e8 scrollata di dosso al Giro Women, quando ha lanciato la Longo verso la maglia rosa<\/strong>. Di quel giorno, <a href=\"https:\/\/bici.pro\/news\/donne\/bronzini-malcotti-okay-salita-discesa-serve-forza\/\" target=\"_blank\" rel=\"noreferrer noopener nofollow\">Giorgia Bronzini<\/a> disse che se Persico avesse tenuto duro, avrebbe conquistato una classifica migliore<\/p>\n<p class=\"\">\u00abCon l\u2019arrivo di Elisa \u2013 conferma \u2013 sicuramente siamo cambiate tanto, siamo cresciute tanto. <strong>Si \u00e8 creato un bel gruppo tra di noi, lavoriamo tutte per lo stesso obiettivo<\/strong> e abbiamo costruito davvero un legame molto forte che va oltre il ciclismo. <strong><a href=\"https:\/\/bici.pro\/focus\/incontri\/persico-monumento-giorno-monte-nerone\/\" target=\"_blank\" rel=\"noreferrer noopener nofollow\">Quello di Monte Nerone<\/a> non era un attacco programmato, per cui quando ci siamo trovate l\u00ec, ho dato il tutto per tutto<\/strong>. E avendo dato proprio tutto, non avrei potuto tenere duro. Il mio obiettivo non era di fare classifica, quindi non ho pensato a salvarmi in qualche modo\u00bb.<\/p>\n<p><img loading=\"lazy\" decoding=\"async\" width=\"1009\" height=\"500\" src=\"data:image\/svg+xml,%3Csvg%20xmlns=\" http:=\"\" alt=\"Giro d'Italia Women 2025, tappa di Monte Nerone, Silvia Persico, Elisa Longo Borghini\" class=\"wp-image-440195\" data-lazy- data-lazy- data-lazy-src=\"https:\/\/www.europesays.com\/it\/wp-content\/uploads\/2025\/10\/silper2_img_dk.jpg\"\/>Il giorno di monte Nerone rimane uno dei pi\u00f9 memorabili del Giro Women 2025: l\u2019attacco di Persico e Longo Borghini decise la corsa<\/p>\n<p><img loading=\"lazy\" decoding=\"async\" width=\"559\" height=\"745\" src=\"data:image\/svg+xml,%3Csvg%20xmlns=\" http:=\"\" alt=\"Giro d'Italia Women 2025, tappa di Monte Nerone, Silvia Persico, Elisa Longo Borghini\" class=\"wp-image-440196\" data-lazy- data-lazy- data-lazy-src=\"https:\/\/www.europesays.com\/it\/wp-content\/uploads\/2025\/10\/silper2_img_mb.jpg\"\/>Il giorno di monte Nerone rimane uno dei pi\u00f9 memorabili del Giro Women 2025: l\u2019attacco di Persico e Longo Borghini decise la corsa<\/p>\n<p>Il blackout di Kigali<\/p>\n<p class=\"\">Non altrettanto bene \u00e8 andata ai mondiali del Rwanda. Questa volta, <strong>in modo del tutto inspiegabile, \u00e8 stato come se il meccanismo perfetto si sia inceppato<\/strong>, impedendo alle azzurre di rendere come avrebbero voluto.<\/p>\n<p class=\"\">\u00abSinceramente \u2013 ragiona dalla spiaggia \u2013 \u00e8 stata una gara un po\u2019 strana. <strong>Io ho sofferto fin da subito, forse siamo arrivati un po\u2019 tardi e non mi sono adattata tanto all\u2019altura<\/strong>, che non avevo neanche fatto prima di andare l\u00e0. Tutte le leader si sono guardate mentre io non ero nella mia giornata migliore e facevo una gran fatica. A parte questo, <strong>la prima nazionale di Velo mi \u00e8 piaciuta<\/strong>. Noi ragazze ci conosciamo da tantissimi anni, lui ci ha dato molta fiducia ed \u00e8 stato sempre molto presente, <a href=\"https:\/\/bici.pro\/news\/donne\/bilancio-positivo-citti-velo-rwanda-ardeche\/\" target=\"_blank\" rel=\"noreferrer noopener nofollow\">sia in Rwanda sia poi per gli europei<\/a>.<\/p>\n<p><img loading=\"lazy\" decoding=\"async\" width=\"1009\" height=\"500\" src=\"data:image\/svg+xml,%3Csvg%20xmlns=\" http:=\"\" alt=\"Campionati del mondo Kigai 2025, Rwanda, Ruanda, Eleonora Gasparrini, Brodie Chapman, Silvia Persico\" class=\"wp-image-440197\" data-lazy- data-lazy- data-lazy-src=\"https:\/\/www.europesays.com\/it\/wp-content\/uploads\/2025\/10\/silper3_img_dk.jpg\"\/>Gruppo UAE Adq dopo il mondiale di Kigali: con Persico e Gasparrini, l\u2019australiana Brodie Chapman<\/p>\n<p><img loading=\"lazy\" decoding=\"async\" width=\"559\" height=\"745\" src=\"data:image\/svg+xml,%3Csvg%20xmlns=\" http:=\"\" alt=\"Campionati del mondo Kigai 2025, Rwanda, Ruanda, Eleonora Gasparrini, Brodie Chapman, Silvia Persico\" class=\"wp-image-440198\" data-lazy- data-lazy- data-lazy-src=\"https:\/\/www.europesays.com\/it\/wp-content\/uploads\/2025\/10\/silper3_img_mb.jpg\"\/>Gruppo UAE Adq dopo il mondiale di Kigali: con Persico e Gasparrini, l\u2019australiana Brodie Chapman<\/p>\n<p>La vittoria in extremis<\/p>\n<p class=\"\">Il Giro del Veneto tre giorni dopo il bronzo al mondiale gravel \u00e8 stato <strong>la ciliegina sulla torta, il modo delle compagne di sdebitarsi<\/strong> per i tanti chilometri fatti da Silvia mordendo l\u2019aria e tenendole al riparo nella sua scia.<\/p>\n<p class=\"\">\u00abVincere l\u2019ultima corsa \u2013 sorride \u2013 \u00e8 stato molto importante per me. <strong>Era una vittoria che cercavo da tempo, come soddisfazione personale<\/strong>. Prima della partenza del <a href=\"https:\/\/www.girodelveneto.com\/\" target=\"_blank\" rel=\"noreferrer noopener nofollow\">Giro del Veneto<\/a>, stavamo guardando l\u2019arrivo della tappa in Cina in cui ha vinto la nostra compagna Van Rooijen e intanto parlavo con Elisa e con Gaspa (Eleonora Gasparrini, ndr). <strong>Dicevo che fossi l\u2019unica a non aver ancora vinto e cos\u00ec mi hanno detto che quel giorno sarebbe toccato a me<\/strong>. E cos\u00ec \u00e8 stato, anche loro erano molto motivate. Quest\u2019anno ho lavorato tanto per entrambe. E mi \u00e8 piaciuto anche arrivare terza al mondiale gravel. <strong>E\u2019 <a href=\"https:\/\/bici.pro\/focus\/incontri\/mondiali-gravel-solo-donne-italia-sentiamo-pontoni\/\" target=\"_blank\" rel=\"noreferrer noopener nofollow\">una disciplina che mi piace molto<\/a><\/strong>, purtroppo non posso praticarla tantissimo perch\u00e9 le gare su strada sono davvero tante. Per\u00f2 mi sono divertita, questo penso che si sia visto\u00bb.<\/p>\n","protected":false},"excerpt":{"rendered":"E\u2019 il tempo giusto per passare qualche giorno in spiaggia e Silvia Persico non si \u00e8 fatta pregare.&hellip;\n","protected":false},"author":3,"featured_media":182543,"comment_status":"","ping_status":"","sticky":false,"template":"","format":"standard","meta":{"footnotes":""},"categories":[1456],"tags":[1824,1825,8932,22059,1537,90,89,85181,245,244,8931],"class_list":{"0":"post-182542","1":"post","2":"type-post","3":"status-publish","4":"format-standard","5":"has-post-thumbnail","7":"category-ciclismo","8":"tag-ciclismo","9":"tag-cycling","10":"tag-elisa-longo-borghini","11":"tag-giro-del-veneto","12":"tag-it","13":"tag-italia","14":"tag-italy","15":"tag-silvia-persico","16":"tag-sport","17":"tag-sports","18":"tag-uae-team-adq"},"share_on_mastodon":{"url":"https:\/\/pubeurope.com\/@it\/115431639760842150","error":""},"_links":{"self":[{"href":"https:\/\/www.europesays.com\/it\/wp-json\/wp\/v2\/posts\/182542","targetHints":{"allow":["GET"]}}],"collection":[{"href":"https:\/\/www.europesays.com\/it\/wp-json\/wp\/v2\/posts"}],"about":[{"href":"https:\/\/www.europesays.com\/it\/wp-json\/wp\/v2\/types\/post"}],"author":[{"embeddable":true,"href":"https:\/\/www.europesays.com\/it\/wp-json\/wp\/v2\/users\/3"}],"replies":[{"embeddable":true,"href":"https:\/\/www.europesays.com\/it\/wp-json\/wp\/v2\/comments?post=182542"}],"version-history":[{"count":0,"href":"https:\/\/www.europesays.com\/it\/wp-json\/wp\/v2\/posts\/182542\/revisions"}],"wp:featuredmedia":[{"embeddable":true,"href":"https:\/\/www.europesays.com\/it\/wp-json\/wp\/v2\/media\/182543"}],"wp:attachment":[{"href":"https:\/\/www.europesays.com\/it\/wp-json\/wp\/v2\/media?parent=182542"}],"wp:term":[{"taxonomy":"category","embeddable":true,"href":"https:\/\/www.europesays.com\/it\/wp-json\/wp\/v2\/categories?post=182542"},{"taxonomy":"post_tag","embeddable":true,"href":"https:\/\/www.europesays.com\/it\/wp-json\/wp\/v2\/tags?post=182542"}],"curies":[{"name":"wp","href":"https:\/\/api.w.org\/{rel}","templated":true}]}}