{"id":183151,"date":"2025-10-25T09:15:10","date_gmt":"2025-10-25T09:15:10","guid":{"rendered":"https:\/\/www.europesays.com\/it\/183151\/"},"modified":"2025-10-25T09:15:10","modified_gmt":"2025-10-25T09:15:10","slug":"dai-risparmi-in-bolletta-allaumento-di-ictus-e-infarti-tutto-quello-che-ce-da-sapere","status":"publish","type":"post","link":"https:\/\/www.europesays.com\/it\/183151\/","title":{"rendered":"dai risparmi in bolletta all&#8217;aumento di ictus e infarti. Tutto quello che c&#8217;\u00e8 da sapere"},"content":{"rendered":"<p>Da un lato l\u2019alba naturale, dall\u2019altro il tramonto allungato: e nel mezzo un continente, l\u2019Europa, che continua a litigare con l\u2019orologio. Ogni ottobre, come un rituale antico (quest\u2019anno tra domani e domenica), torniamo indietro di un\u2019ora ripristinando il ritmo solare; e ogni primavera cerchiamo di guadagnare tempo. Ma guadagnare cosa, davvero? Energia, dicono alcuni. Salute mentale, ribattono altri. E intanto ogni stato dell\u2019Ue si spacca come una clessidra. C\u2019\u00e8 chi vorrebbe fermare per sempre le lancette sull\u2019ora legale, chi invece difende l\u2019ora solare come ultimo baluardo del ritmo circadiano, quello naturale, quello dettato dalla luce. Pedro S\u00e1nchez, il primo ministro spagnolo, ha riaperto il dibattito sul suo profilo X: \u00abCome sapete, questa settimana si torna a cambiare l\u2019ora. E francamente non ha senso\u00bb. Il premier ha affermato che vuole abolire l\u2019ora legale perch\u00e9 \u00abcontribuisce a malapena al risparmio energetico e ha un impatto negativo sulla salute e sulla vita delle persone\u00bb. Se inizialmente (un secolo e mezzo fa) era stata messa in vigore con l&#8217;obiettivo di promuovere il risparmio energetico ora questo cambio non serve pi\u00f9. Cos\u00ec S\u00e1nchez ha rilanciato la questione al Consiglio Europeo, deciso a chiudere il sipario sul balletto delle lancette entro il 2026. Ma la partita non \u00e8 solo una questione spagnola. Gi\u00e0 nel 2019 il Parlamento europeo aveva votato per abolire il cambio d\u2019ora: con 410 s\u00ec, 192 no e 52 astensioni, ma senza riuscire a trovare un accordo tra gli Stati membri. Eppure, come in un d\u00e9j\u00e0 vu amministrativo, la direttiva non \u00e8 mai entrata in vigore. Italia, Portogallo e Grecia frenano; Francia tentenna, Germania si divide, Finlandia vorrebbe chiudere la questione subito \u2013 e la Commissione prende tempo, ironia della sorte. Intanto i cittadini si schierano come in una sfida tra mattinieri e nottambuli. C\u2019\u00e8 chi firma petizioni in Italia come \u201cOra legale per sempre\u201d, arrivata a 350 mila firme grazie alla Societ\u00e0 Italiana Medicina Ambientale e Consumerismo no profit. C\u2019\u00e8 per\u00f2 chi teme che il buio mattutino spezzi il sonno di grandi e piccoli. Tra Bruxelles e Madrid, tra sonno e risparmio, tra nostalgia e fisiologia, l\u2019Europa non ha ancora deciso che tempo vuole darsi. Forse perch\u00e9, come in tutte le grandi scelte, non \u00e8 solo una questione di lancette, ma di identit\u00e0. E intanto, ancora una volta, ci prepariamo a spostarle.<\/p>\n","protected":false},"excerpt":{"rendered":"Da un lato l\u2019alba naturale, dall\u2019altro il tramonto allungato: e nel mezzo un continente, l\u2019Europa, che continua a&hellip;\n","protected":false},"author":3,"featured_media":183152,"comment_status":"","ping_status":"","sticky":false,"template":"","format":"standard","meta":{"footnotes":"","_share_on_mastodon":"0"},"categories":[79],"tags":[14,93,94,1537,90,89,7,15,108853,111022,243,11,84,91,12,85,92],"class_list":["post-183151","post","type-post","status-publish","format-standard","has-post-thumbnail","category-italia","tag-cronaca","tag-cronaca-italiana","tag-cronacaitaliana","tag-it","tag-italia","tag-italy","tag-news","tag-notizie","tag-ora-solare","tag-ora-solare-2025","tag-ultima-ora","tag-ultime-notizie","tag-ultime-notizie-e-news-di-oggi","tag-ultime-notizie-italia","tag-ultimenotizie","tag-ultimenotizieenewsdioggi","tag-ultimenotizieitalia"],"share_on_mastodon":{"url":"https:\/\/pubeurope.com\/@it\/115434050378922145","error":""},"_links":{"self":[{"href":"https:\/\/www.europesays.com\/it\/wp-json\/wp\/v2\/posts\/183151","targetHints":{"allow":["GET"]}}],"collection":[{"href":"https:\/\/www.europesays.com\/it\/wp-json\/wp\/v2\/posts"}],"about":[{"href":"https:\/\/www.europesays.com\/it\/wp-json\/wp\/v2\/types\/post"}],"author":[{"embeddable":true,"href":"https:\/\/www.europesays.com\/it\/wp-json\/wp\/v2\/users\/3"}],"replies":[{"embeddable":true,"href":"https:\/\/www.europesays.com\/it\/wp-json\/wp\/v2\/comments?post=183151"}],"version-history":[{"count":0,"href":"https:\/\/www.europesays.com\/it\/wp-json\/wp\/v2\/posts\/183151\/revisions"}],"wp:featuredmedia":[{"embeddable":true,"href":"https:\/\/www.europesays.com\/it\/wp-json\/wp\/v2\/media\/183152"}],"wp:attachment":[{"href":"https:\/\/www.europesays.com\/it\/wp-json\/wp\/v2\/media?parent=183151"}],"wp:term":[{"taxonomy":"category","embeddable":true,"href":"https:\/\/www.europesays.com\/it\/wp-json\/wp\/v2\/categories?post=183151"},{"taxonomy":"post_tag","embeddable":true,"href":"https:\/\/www.europesays.com\/it\/wp-json\/wp\/v2\/tags?post=183151"}],"curies":[{"name":"wp","href":"https:\/\/api.w.org\/{rel}","templated":true}]}}