{"id":184000,"date":"2025-10-25T22:12:15","date_gmt":"2025-10-25T22:12:15","guid":{"rendered":"https:\/\/www.europesays.com\/it\/184000\/"},"modified":"2025-10-25T22:12:15","modified_gmt":"2025-10-25T22:12:15","slug":"verissimo-veronica-satti-contro-il-padre-bobby-solo-mi-ha-abbandonata","status":"publish","type":"post","link":"https:\/\/www.europesays.com\/it\/184000\/","title":{"rendered":"Verissimo, Veronica Satti contro il padre Bobby Solo: &#8220;Mi ha abbandonata&#8221;"},"content":{"rendered":"<p>Un altro pomeriggio di grandi emozioni quello offerto da <strong>Verissimo <\/strong>sabato 25 ottobre 2025. La conduttrice Silvia Toffanin ha accolto il protagonista di una delle fiction pi\u00f9 seguite del momento, un\u2019attrice simbolo del cinema italiano, la chiacchieratissima concorrente di Temptation Island e, non ultima, <strong>Veronica Satti<\/strong>. L\u2019ex concorrente del Gf ha raccontato del difficile rapporto con il padre <strong>Bobby Solo<\/strong>.\n<\/p>\n<p>Veronica Satti, cresciuta lontana dal padre Bobby Solo<\/p>\n<p>Quello tra la non nota <strong>Mimma Foti<\/strong> e la gi\u00e0 allora star internazionale <a href=\"https:\/\/dilei.it\/star-e-vip\/bobby-solo\/\" rel=\"nofollow noopener\" target=\"_blank\">Bobby Solo<\/a> fu un vero colpo di fulmine. I due si incontrarono per caso sul litorale romano, erano i ruggenti Anni \u201980, e, nonostante i 31 anni di differenza, si misero insieme dando vita a una lunga e appassionata storia d\u2019amore. Nel 1990 nacque la loro prima figlia <strong>Veronica Satti<\/strong>. Erano una famiglia felice e affiatata fino a quando, dopo il divorzio, Bobby Solo scelse di allontanarsi anche dalla figlia.<\/p>\n<p>A <a href=\"https:\/\/dilei.it\/star-e-vip\/silvia-toffanin\/\" rel=\"nofollow noopener\" target=\"_blank\">Silvia Toffanin<\/a>, ospite di Verissimo, la giovane Veronica Satti, oggi 25enne, racconta del dolore vissuto dopo l\u2019essersi sentita abbandonata dal padre quando aveva appena 13. Nei primi anni dopo la separazione dei genitori, Veronica continu\u00f2 a frequentare il padre, conoscendo anche la sua nuova moglie, che definisce \u201cuna donna gentilissima\u201d. Tutt\u2019a un tratto, per\u00f2, <strong>il loro rapporto si incrin\u00f2<\/strong> irrimediabilmente.<\/p>\n<p>Satti racconta che il giorno del suo menarca, spaventata e indolenzita, chiese al padre di portarla dalla mamma. Lui si infuri\u00f2 e, dopo averla riaccompagnata a casa, smise di contattarla. \u201cMi sono sentita abbandonata. \u2013 racconta lei \u2013 Non ha mai fatto il padre\u201d. A ricoprire tale ruolo \u00e8 stato Paolo, il nuovo compagno della madre: \u201c\u00c8 lui che considero mio pap\u00e0, perch\u00e9<strong> i figli sono di chi li cresce<\/strong>\u201d. In fondo, non senza un velo di amarezza, Veronica afferma che quello con Bobby Solo \u00e8 ormai per lei \u201cun capitolo chiuso\u201d.<\/p>\n<p>A Verissimo il racconto del suo grande dolore<\/p>\n<p>Nel corso della puntata di Verissimo, Veronica Satti si racconta con coraggio e grande sincerit\u00e0. Spiega che, dopo l\u2019allontanamento dal padre, ancora adolescente, ha iniziato a \u201csentirmi in colpa\u201d e che inizi\u00f2 a sfogare il malessere sul cibo, sviluppando un grave <strong>disturbo alimentare<\/strong>. Poco tempo dopo entr\u00f2 nel vortice dell\u2019<strong>autolesionismo<\/strong>: \u201cIl dolore era un piacere, mentre mi tagliavo mi sentivo libera e alleggerita\u201d. Gli episodi di autolesionismo proseguirono fino al tentato suicidio.<\/p>\n<p>Le difficolt\u00e0 psicologiche di Veronica sono state <a href=\"https:\/\/dilei.it\/vip\/dolore-veronica-satti-figlia-bobby-ho-disturbo-borderline-mi-sono-fatta-male\/1662150\/\" rel=\"nofollow noopener\" target=\"_blank\">acuite dal disturbo bordeline<\/a>, che le \u00e8 stato diagnosticato nel 2019. \u201c\u00c8 una condizione che considero staccata da quanto \u00e8 successo con mio padre\u201d specifica. Dopo lunghi anni di dolore, attacchi di panico e impossibilit\u00e0 a gestire le proprio emozioni, oggi Satti \u00e8 in cura e sotto costante controllo medico. E l<strong>e cose, finalmente, vanno meglio<\/strong>. Ha ricominciato a uscire, lavorare, vedere gli amici.<\/p>\n<p>\u201cHo raccontato la mia storia, ma spero di non aver portato soltanto dolore, ma anche un po\u2019 di speranza\u201d ha concluso la toccante intervista la figlia di Bobby Solo, gi\u00e0 nota al pubblico televisivo grazie alla partecipazione, nel 2018, al Grande Fratello Vip. Un\u2019esperienza, quella al reality, che l\u2019ha aiutata ad uscire dal vortice della depressione: \u201cL\u00ec ho trovato una nuova famiglia\u201d.<\/p>\n","protected":false},"excerpt":{"rendered":"Un altro pomeriggio di grandi emozioni quello offerto da Verissimo sabato 25 ottobre 2025. La conduttrice Silvia Toffanin&hellip;\n","protected":false},"author":3,"featured_media":184001,"comment_status":"","ping_status":"","sticky":false,"template":"","format":"standard","meta":{"footnotes":""},"categories":[1451],"tags":[104861,1621,1620,203,6061,204,1537,90,89,1519,22838,214,1673,22839],"class_list":{"0":"post-184000","1":"post","2":"type-post","3":"status-publish","4":"format-standard","5":"has-post-thumbnail","7":"category-celebrita","8":"tag-bobby-solo","9":"tag-celebrita","10":"tag-celebrities","11":"tag-entertainment","12":"tag-grande-fratello","13":"tag-intrattenimento","14":"tag-it","15":"tag-italia","16":"tag-italy","17":"tag-reality-show","18":"tag-silvia-toffanin","19":"tag-spettacolo","20":"tag-temptation-island","21":"tag-verissimo"},"share_on_mastodon":{"url":"https:\/\/pubeurope.com\/@it\/115437105526097101","error":""},"_links":{"self":[{"href":"https:\/\/www.europesays.com\/it\/wp-json\/wp\/v2\/posts\/184000","targetHints":{"allow":["GET"]}}],"collection":[{"href":"https:\/\/www.europesays.com\/it\/wp-json\/wp\/v2\/posts"}],"about":[{"href":"https:\/\/www.europesays.com\/it\/wp-json\/wp\/v2\/types\/post"}],"author":[{"embeddable":true,"href":"https:\/\/www.europesays.com\/it\/wp-json\/wp\/v2\/users\/3"}],"replies":[{"embeddable":true,"href":"https:\/\/www.europesays.com\/it\/wp-json\/wp\/v2\/comments?post=184000"}],"version-history":[{"count":0,"href":"https:\/\/www.europesays.com\/it\/wp-json\/wp\/v2\/posts\/184000\/revisions"}],"wp:featuredmedia":[{"embeddable":true,"href":"https:\/\/www.europesays.com\/it\/wp-json\/wp\/v2\/media\/184001"}],"wp:attachment":[{"href":"https:\/\/www.europesays.com\/it\/wp-json\/wp\/v2\/media?parent=184000"}],"wp:term":[{"taxonomy":"category","embeddable":true,"href":"https:\/\/www.europesays.com\/it\/wp-json\/wp\/v2\/categories?post=184000"},{"taxonomy":"post_tag","embeddable":true,"href":"https:\/\/www.europesays.com\/it\/wp-json\/wp\/v2\/tags?post=184000"}],"curies":[{"name":"wp","href":"https:\/\/api.w.org\/{rel}","templated":true}]}}