{"id":184214,"date":"2025-10-26T01:47:19","date_gmt":"2025-10-26T01:47:19","guid":{"rendered":"https:\/\/www.europesays.com\/it\/184214\/"},"modified":"2025-10-26T01:47:19","modified_gmt":"2025-10-26T01:47:19","slug":"il-poker-della-cretti-su-pista-per-riscattare-la-strada","status":"publish","type":"post","link":"https:\/\/www.europesays.com\/it\/184214\/","title":{"rendered":"Il poker della Cretti, su pista per riscattare la strada"},"content":{"rendered":"<p class=\"\">Il bilancio della nazionale italiana paralimpica ai mondiali su pista di Rio de Janeiro \u00e8 di gran lunga il migliore mai conseguito dal nostro movimento. <strong>Con 4 medaglie d\u2019oro, una d\u2019argento e 2 di bronzo l\u2019Italia si \u00e8 assestata al terzo posto nel medagliere<\/strong>, quando fino a pochissime stagioni fa eravamo completamente assenti dai vertici. Se i piazzamenti sono tutti ad opera dei tandem, il poker dorato \u00e8 tutto di <strong><a href=\"https:\/\/bici.pro\/focus\/incontri\/buio-tre-medaglie-devozione-cretti-bici\" target=\"_blank\" rel=\"noreferrer noopener nofollow\">Claudia Cretti<\/a><\/strong>, che in terra brasiliana si \u00e8 presa una grande rivincita non solo sulle recenti esperienze, ma sulla vita.<\/p>\n<p class=\"\">E\u2019 l\u2019approdo di un lungo percorso, che in quella maledetta giornata del Giro Rosa 2017 non s\u2019interruppe con il terribile incidente e i giorni di coma in ospedale, con la lunga rieducazione, ma anzi <strong>fu proprio allora che inizi\u00f2 la sua rinascita, facendone uno dei grandi personaggi del ciclismo paralimpico<\/strong>. Non \u00e8 stato facile, ci sono stati anche momenti bui e delusioni come il 4\u00b0 posto nell\u2019inseguimento a Parigi 2024 e la rabbia per l\u2019andamento degli ultimi mondiali su strada, ma tutto \u00e8 servito per arrivare all\u2019apoteosi.<\/p>\n<p><img loading=\"lazy\" decoding=\"async\" width=\"1009\" height=\"500\" src=\"data:image\/svg+xml,%3Csvg%20xmlns=\" http:=\"\" alt=\"Claudia Cretti \u00e8 nata a Lovere (BG) il 24 maggio 1996. Oro europeo junior nel 2013, ha iniziato nel paraciclismo nel 2019\" class=\"wp-image-440630\" data-lazy- data-lazy- data-lazy-src=\"https:\/\/www.europesays.com\/it\/wp-content\/uploads\/2025\/10\/Cretti-riscatto-img_dk.jpg\"\/>Claudia Cretti \u00e8 nata a Lovere (BG) il 24 maggio 1996. Oro europeo junior nel 2013, ha iniziato nel paraciclismo nel 2019<\/p>\n<p><img loading=\"lazy\" decoding=\"async\" width=\"559\" height=\"745\" src=\"data:image\/svg+xml,%3Csvg%20xmlns=\" http:=\"\" alt=\"Claudia Cretti \u00e8 nata a Lovere (BG) il 24 maggio 1996. Oro europeo junior nel 2013, ha iniziato nel paraciclismo nel 2019\" class=\"wp-image-440629\" data-lazy- data-lazy- data-lazy-src=\"https:\/\/www.europesays.com\/it\/wp-content\/uploads\/2025\/10\/Cretti-riscatto-img_mb.jpg\"\/>Claudia Cretti \u00e8 nata a Lovere (BG) il 24 maggio 1996. Oro europeo junior nel 2013, ha iniziato nel paraciclismo nel 2019<\/p>\n<p class=\"\">Tornata a casa dalla lunga trasferta brasiliana, <strong>Claudia si \u00e8 ritrovata quasi travolta da un\u2019ondata di popolarit\u00e0 perch\u00e9 pian piano anche lo sport paralimpico guadagna la ribalta<\/strong>, non solo nei giorni a cinque cerchi. Un trionfo che non si aspettava: \u00abVolevo tornare a casa con qualcosa di concreto, puntavo tutto sullo scratch, ma ad esempio il chilometro da fermo era la prima volta che lo facevo. Invece mi riusciva tutto al meglio\u00bb.<\/p>\n<p>La gara del chilometro \u00e8 stata quindi la pi\u00f9 difficile?<\/p>\n<p class=\"\">Quella pi\u00f9 inaspettata. A Parigi avevo fatto i 500 metri, ma partendo sono un po\u2019 lenta, invece dopo spingo forte come anche nell\u2019inseguimento. <strong>Rivedendo la mia gara, a met\u00e0 sarei stata seconda o terza, invece gli ultimi 500 metri sono stata la pi\u00f9 forte<\/strong>. Ottenendo per due volte il record del mondo.<\/p>\n<p><img loading=\"lazy\" decoding=\"async\" width=\"1009\" height=\"500\" src=\"data:image\/svg+xml,%3Csvg%20xmlns=\" http:=\"\" alt=\"La volata vincente dell'azzurra nella sfida dell'eliminazione. La Cretti non aveva mai vinto un oro (foto UCI)\" class=\"wp-image-440634\" data-lazy- data-lazy- data-lazy-src=\"https:\/\/www.europesays.com\/it\/wp-content\/uploads\/2025\/10\/Cretti-eliminazione-img_dk.jpg\"\/>La volata vincente dell\u2019azzurra nella sfida dell\u2019eliminazione. La Cretti non aveva mai vinto un oro (foto UCI)<\/p>\n<p><img loading=\"lazy\" decoding=\"async\" width=\"559\" height=\"745\" src=\"data:image\/svg+xml,%3Csvg%20xmlns=\" http:=\"\" alt=\"La volata vincente dell'azzurra nella sfida dell'eliminazione. La Cretti non aveva mai vinto un oro (foto UCI)\" class=\"wp-image-440635\" data-lazy- data-lazy- data-lazy-src=\"https:\/\/www.europesays.com\/it\/wp-content\/uploads\/2025\/10\/Cretti-eliminazione-img_mb.jpg\"\/>La volata vincente dell\u2019azzurra nella sfida dell\u2019eliminazione. La Cretti non aveva mai vinto un oro (foto UCI) <\/p>\n<p>Dove allora hai sofferto di pi\u00f9?<\/p>\n<p class=\"\">La velocit\u00e0 ero abituata a farla quando competevo nell\u2019omnium. <strong>Nello sprint \u00e8 stata pi\u00f9 dura la semifinale, con la russa che ha fatto lo scatto proprio appena partite e l\u2019ho raggiunta e battuta in volata, lei e la canadese<\/strong>. Nella finale contro la <strong>Murray <\/strong>ero un po\u2019 preoccupata perch\u00e9 anche lei \u00e8 veloce, ma l\u2019ho gestita molto bene, standole a ruota fino all\u2019ultimo giro. L\u00ec \u00e8 stato fondamentale l\u2019apporto di <strong><a href=\"https:\/\/bici.pro\/news\/pista\/masotti-bronzi-mondiali-pista-delle-juniores-valgono-tanto\" target=\"_blank\" rel=\"noreferrer noopener nofollow\">Fabio Masotti<\/a><\/strong>\u2026<\/p>\n<p>Perch\u00e9?<\/p>\n<p class=\"\">Mi ha detto quando dovevo partire e far la volata. <strong>Infatti sono riuscita a scattare nel lato opposto dell\u2019arrivo e superarla nel migliore dei modi. Quindi anche quella \u00e8 stata una sorpresa, ma soprattutto per il nome e il prestigio della battuta<\/strong>. Tornando alla prima domanda, la gara pi\u00f9 difficile per me \u00e8 stata l\u2019ultima, lo scratch con la polacca che \u00e8 partita quando mancavano 6 o 7 giri alla fine. E io ero nel gruppo, ci guardavamo e tra l\u2019altro pensavo che qualche mia avversaria partisse perch\u00e9 erano due argentine, australiane, due della Nuova Zelanda. Pensavo che si sarebbero messe d\u2019accordo per andare, una va a prendere la fuga e l\u2019altra fa la volata.<\/p>\n<p><img loading=\"lazy\" decoding=\"async\" width=\"1009\" height=\"500\" src=\"data:image\/svg+xml,%3Csvg%20xmlns=\" http:=\"\" alt=\"Il podio dell'eliminazione, con la Cretti fra la neozelandese Murray e la polacca Harkowska (foto UCI)\" class=\"wp-image-440637\" data-lazy- data-lazy- data-lazy-src=\"https:\/\/www.europesays.com\/it\/wp-content\/uploads\/2025\/10\/Cretti-podio-img_dk.jpg\"\/>Il podio dell\u2019eliminazione, con la Cretti fra la neozelandese Murray e la polacca Harkowska (foto UCI)<\/p>\n<p><img loading=\"lazy\" decoding=\"async\" width=\"559\" height=\"745\" src=\"data:image\/svg+xml,%3Csvg%20xmlns=\" http:=\"\" alt=\"Il podio dell'eliminazione, con la Cretti fra la neozelandese Murray e la polacca Harkowska (foto UCI)\" class=\"wp-image-440636\" data-lazy- data-lazy- data-lazy-src=\"https:\/\/www.europesays.com\/it\/wp-content\/uploads\/2025\/10\/Cretti-podio-img_mb.jpg\"\/>Il podio dell\u2019eliminazione, con la Cretti fra la neozelandese Murray e la polacca Harkowska (foto UCI)<\/p>\n<p>Come ne sei uscita fuori?<\/p>\n<p class=\"\">Non nascondo che mi stavo innervosendo e temevo di perdere tutto. <strong><a href=\"https:\/\/bici.pro\/focus\/incontri\/mondiale-paralimpico-14-allori-addesi-frega-mani\" target=\"_blank\" rel=\"noreferrer noopener nofollow\">Addesi <\/a><\/strong>e Masotti per\u00f2 mi dicevano di aspettare e partire secco a 5 giri dalla fine. Ero un po\u2019 indecisa, ma poi ho detto \u00abs\u00ec, vado a prenderla, anche se ce le avr\u00f2 tutte a ruota\u00bb. Quando sono partita mi sono ritrovata presto sola, ai -3 ho detto che era il momento di prenderla con un grande sforzo. <strong>Sentivo la fatica salire lungo il corpo ma mi dicevo di non mollare.<\/strong> Quando \u00e8 suonata la campana dell\u2019ultimo giro mi sono mentalizzata: \u00ab<strong>Claudia, hai vinto il chilometro, qual \u00e8 la differenza? Ce la fai a andare a tutta?<\/strong>\u00bb. Cos\u00ec ho pedalato, pedalato, pedalato. L\u2019ultimo giro \u00e8 stato il pi\u00f9 difficile perch\u00e9 era un po\u2019 volata, un po\u2019 inseguimento, ma alla fine l\u2019ho presa.<\/p>\n<p>La cosa pi\u00f9 bella di questa trasferta?<\/p>\n<p class=\"\">Potreste pensare che sono le vittorie, ma per me c\u2019\u00e8 qualcosa che vale di pi\u00f9: <strong>tutte le avversarie, a ogni gara diversa, sono venute l\u00ec ad abbracciarmi e stringere la mano<\/strong> e dire che ero la pi\u00f9 forte e me la meritavo.<\/p>\n<p><img loading=\"lazy\" decoding=\"async\" width=\"1009\" height=\"500\" src=\"data:image\/svg+xml,%3Csvg%20xmlns=\" http:=\"\" alt=\"La bergamasca con Bernard e Tot\u00f2, argento nell'inseguimento, dietro lo staff azzurro (foto Federciclismo)\" class=\"wp-image-440633\" data-lazy- data-lazy- data-lazy-src=\"https:\/\/www.europesays.com\/it\/wp-content\/uploads\/2025\/10\/Cretti-tandem-img_dk.jpg\"\/>La bergamasca con Bernard e Tot\u00f2, argento nell\u2019inseguimento, dietro lo staff azzurro (foto Federciclismo)<\/p>\n<p><img loading=\"lazy\" decoding=\"async\" width=\"559\" height=\"745\" src=\"data:image\/svg+xml,%3Csvg%20xmlns=\" http:=\"\" alt=\"La bergamasca con Bernard e Tot\u00f2, argento nell'inseguimento, dietro lo staff azzurro (foto Federciclismo)\" class=\"wp-image-440632\" data-lazy- data-lazy- data-lazy-src=\"https:\/\/www.europesays.com\/it\/wp-content\/uploads\/2025\/10\/Cretti-tandem-img_mb.jpg\"\/>La bergamasca con Bernard e Tot\u00f2, argento nell\u2019inseguimento, dietro lo staff azzurro (foto Federciclismo)<\/p>\n<p>Anche la Murray che per quattro volte ha dovuto mandar gi\u00f9 il boccone amaro?<\/p>\n<p class=\"\">S\u00ec, anche lei dopo la finale della velocit\u00e0 era tutta sudata e distrutta. E\u2019 venuta da me e ci siamo abbracciate e mi ha fatto i complimenti. <strong>L\u2019anno scorso succedeva il contrario, Murray prima o seconda e io seconda o terza dietro di lei.<\/strong><\/p>\n<p>Questo salto di qualit\u00e0 a che cosa si deve?<\/p>\n<p class=\"\">Devo dire grazie a Pierpaolo Addesi che sin da tre anni fa mi diceva \u00ab<strong>Claudia, se mi segui, tu da oggi in poi puoi vincere tutte le gare a cui parteciperai<\/strong>\u00bb. Io nel 2023 ero un po\u2019 indecisa su queste cose, all\u2019estero vanno pi\u00f9 forte di me e a raggiungere il loro livello e a vincere mi sembrava quasi impossibile, per\u00f2 seguendo i suoi allenamenti, i suoi consigli e dando il massimo in ogni tipo di preparazione, sia in pista che strada quest\u2019anno, i risultati sono arrivati.<\/p>\n<p><img loading=\"lazy\" decoding=\"async\" width=\"1009\" height=\"500\" src=\"data:image\/svg+xml,%3Csvg%20xmlns=\" http:=\"\" alt=\"L'Italia ha vinto anche 2 argenti e un bronzo. Qui Bissolati e Agostini, argento nel mixed team dello sprint con Ceci e Meroni (foto Federciclismo)\" class=\"wp-image-440627\" data-lazy- data-lazy- data-lazy-src=\"https:\/\/www.europesays.com\/it\/wp-content\/uploads\/2025\/10\/Cretti-ragazze-img_dk.jpg\"\/>L\u2019Italia ha vinto anche  2 argenti e un bronzo. Qui Bissolati e Agostini, argento nel mixed team dello sprint con Ceci e Meroni (foto Federciclismo)<\/p>\n<p><img loading=\"lazy\" decoding=\"async\" width=\"559\" height=\"745\" src=\"data:image\/svg+xml,%3Csvg%20xmlns=\" http:=\"\" alt=\"L'Italia ha vinto anche 2 argenti e un bronzo. Qui Bissolati e Agostini, argento nel mixed team dello sprint con Ceci e Meroni (foto Federciclismo)\" class=\"wp-image-440628\" data-lazy- data-lazy- data-lazy-src=\"https:\/\/www.europesays.com\/it\/wp-content\/uploads\/2025\/10\/Cretti-ragazze-img_mb.jpg\"\/>L\u2019Italia ha vinto anche  2 argenti e un bronzo. Qui Bissolati e Agostini, argento nel mixed team dello sprint con Ceci e Meroni (foto Federciclismo)<\/p>\n<p>Proprio Pierpaolo diceva al tempo dei mondiali su strada che non era stato tanto semplice per te quel periodo\u2026<\/p>\n<p class=\"\">Eh, mi sono molto arrabbiata a Ronse, \u00e8 andato tutto storto. La crono l\u2019ho fatta cos\u00ec per riscaldamento, puntavo tutto sulla strada perch\u00e9 mi sentivo la pi\u00f9 veloce, mi dicevo che non mi avrebbero staccato di un centimetro\u2026 Alla partenza non mi saliva il rapporto pi\u00f9 duro, quindi sono andata l\u00ec alla partenza con tutti i meccanici che cercavano di modificare il rapporto e il cambio. Alla fine mi hanno dovuto adattare la bici di <strong>Giancarlo Masini<\/strong> e gi\u00e0 ero nervosissima. Al secondo giro ho alzato la mano per chiedere assistenza della Shimano di scorta, ma eravamo un gruppetto ristretto e la macchina era lontana, quindi sono dovuta scendere dalla bici, <strong>aspettare la Shimano, abbassarmi la sella e poi in un gruppetto ho tirato un po\u2019 per recuperare, col risultato che dopo tre giri ho spinto troppo e mi si \u00e8 spaccata la catena<\/strong>. Ero fuori di me, poi mi sono detta: \u00abMi rifar\u00f2 a Rio perch\u00e9 sono forte, sono preparata bene\u00bb. Sono riuscita a dimostrare chi ero. <strong>La voglia di riscatto che avevo, tutta questa rabbia che avevo accumulato dentro sono state la mia benzina\u2026<\/strong><\/p>\n<p>E\u2019 chiaro che manca ancora tanto tempo, ma con un biglietto da visita del genere adesso non si pu\u00f2 non pensare a Los Angeles\u2026<\/p>\n<p class=\"\">Infatti parlando con Addesi e Masotti gi\u00e0 ci siamo detti che questo \u00e8 un punto di partenza. Ora bisogna mantenere questa andatura e migliorare in tante cose, perch\u00e9 l\u2019appuntamento vero \u00e8 quello.<\/p>\n","protected":false},"excerpt":{"rendered":"Il bilancio della nazionale italiana paralimpica ai mondiali su pista di Rio de Janeiro \u00e8 di gran lunga&hellip;\n","protected":false},"author":3,"featured_media":184215,"comment_status":"","ping_status":"","sticky":false,"template":"","format":"standard","meta":{"footnotes":""},"categories":[1456],"tags":[1824,31197,105316,1825,111603,1537,90,89,31199,245,244],"class_list":{"0":"post-184214","1":"post","2":"type-post","3":"status-publish","4":"format-standard","5":"has-post-thumbnail","7":"category-ciclismo","8":"tag-ciclismo","9":"tag-ciclismo-paralimpico","10":"tag-claudia-cretti","11":"tag-cycling","12":"tag-fabio-masotti","13":"tag-it","14":"tag-italia","15":"tag-italy","16":"tag-pierpaolo-addesi","17":"tag-sport","18":"tag-sports"},"share_on_mastodon":{"url":"https:\/\/pubeurope.com\/@it\/115437950905966534","error":""},"_links":{"self":[{"href":"https:\/\/www.europesays.com\/it\/wp-json\/wp\/v2\/posts\/184214","targetHints":{"allow":["GET"]}}],"collection":[{"href":"https:\/\/www.europesays.com\/it\/wp-json\/wp\/v2\/posts"}],"about":[{"href":"https:\/\/www.europesays.com\/it\/wp-json\/wp\/v2\/types\/post"}],"author":[{"embeddable":true,"href":"https:\/\/www.europesays.com\/it\/wp-json\/wp\/v2\/users\/3"}],"replies":[{"embeddable":true,"href":"https:\/\/www.europesays.com\/it\/wp-json\/wp\/v2\/comments?post=184214"}],"version-history":[{"count":0,"href":"https:\/\/www.europesays.com\/it\/wp-json\/wp\/v2\/posts\/184214\/revisions"}],"wp:featuredmedia":[{"embeddable":true,"href":"https:\/\/www.europesays.com\/it\/wp-json\/wp\/v2\/media\/184215"}],"wp:attachment":[{"href":"https:\/\/www.europesays.com\/it\/wp-json\/wp\/v2\/media?parent=184214"}],"wp:term":[{"taxonomy":"category","embeddable":true,"href":"https:\/\/www.europesays.com\/it\/wp-json\/wp\/v2\/categories?post=184214"},{"taxonomy":"post_tag","embeddable":true,"href":"https:\/\/www.europesays.com\/it\/wp-json\/wp\/v2\/tags?post=184214"}],"curies":[{"name":"wp","href":"https:\/\/api.w.org\/{rel}","templated":true}]}}