{"id":185149,"date":"2025-10-26T16:59:17","date_gmt":"2025-10-26T16:59:17","guid":{"rendered":"https:\/\/www.europesays.com\/it\/185149\/"},"modified":"2025-10-26T16:59:17","modified_gmt":"2025-10-26T16:59:17","slug":"lucio-corsi-e-uno-dei-pochi-che-vale-ancora-la-pena-vedere-in-concerto","status":"publish","type":"post","link":"https:\/\/www.europesays.com\/it\/185149\/","title":{"rendered":"Lucio Corsi \u00e8 uno dei pochi che vale ancora la pena vedere in concerto"},"content":{"rendered":"<p>&#13;<br \/>\n      &#13;<br \/>\n&#13;<br \/>\n       &#13;<br \/>\n      &#13;<br \/>\n      &#13;<br \/>\n        &#13;<br \/>\n        &#13;<br \/>\n&#13;<br \/>\n&#13;<br \/>\n&#13;<br \/>\nCondividi  &#13;<br \/>\n    &#13;<br \/>\n  &#13;<br \/>\n        &#13;<br \/>\n              &#13;<br \/>\n      &#13;<br \/>\n      &#13;<br \/>\n&#13;<br \/>\n      &#13;<br \/>\n      &#13;<br \/>\n       &#13;<br \/>\n       &#13;<\/p>\n<p>Per carit\u00e0, qualcuno legittimamente potr\u00e0 pensare che La chitarra nella roccia \u2013 film-concerto con la regia del bravo Tommaso Ottomano, che documenta il live di Lucio Corsi dello scorso 30 luglio nella suggestiva Abbazia di San Galgano, nei The Space Cinema dal 3 al 5 novembre \u2013 sia l\u2019ennesima grattata, un modo come un altro per far soldi. Del resto il 2025 \u00e8 stato l\u2019anno del cantautore toscano, \u00e8 ovvio, se non proprio per numeri (<a href=\"https:\/\/www.today.it\/vision\/musica\/olly-sanremo-editoriale.html\" rel=\"nofollow noopener\" target=\"_blank\">l\u00ec il vero campione \u00e8 Olly<\/a>, per esempio) almeno per la portata mediatica e trasversale del fenomeno, oltre che per il senso di spiazzamento e per tutto il dibattito suscitato. Non \u00e8 poco e, insomma, un film \u00e8 po\u2019 una presa assicurata.<\/p>\n<p>Non un film-concerto come tanti<\/p>\n<p>Eppure, questi novanta minuti catturati su pellicola 16mm \u2013 <a href=\"https:\/\/www.today.it\/vision\/musica\/lucio-corsi-album-nuovo.html\" rel=\"nofollow noopener\" target=\"_blank\">e che dal 14 novembre diventeranno un disco dal vivo<\/a> \u2013 meritano comunque di essere visti, non solo perch\u00e9 sullo sfondo c\u2019\u00e8 una bellissima chiesa in stato di rovina, a pochi chilometri dalla stessa Maremma in cui Corsi \u00e8 nato, con il sole che via via tramonta tra i ruderi perfettamente conservati e, intorno, la leggenda di San Galgano, che pare che l\u00ec abbia infitto nel terreno la sua spada, in segno di rinuncia alla mondanit\u00e0 (da cui, la spada nella roccia). Certo, c\u2019\u00e8 tutto questo, cos\u00ec come ci sono belle riprese dall\u2019alto, i tanti giochi di prospettiva, l\u2019atmosfera pi\u00f9 intima rispetto ai tanti bagni di folla che l\u2019artista si \u00e8 concesso durante la scorsa estate, sulle ali dell\u2019entusiasmo, folle che peraltro torner\u00e0 a bazzicare a dicembre 2026 con tre date nei palasport (tradotto, ci sar\u00e0 probabilmente un album d\u2019inediti in mezzo). Ecco, semmai meritano di essere visti perch\u00e9 al loro interno accade qualcosa: un concerto, un concerto vero.<\/p>\n<p>Chiariamo, la verit\u00e0 \u00e8 che gran parte dei documentari musicali che si girano oggi in Italia non sono altro che prodotti promozionali che raccontano il dietro le quinte dell\u2019artista X, spesso in assenza di una storia forte da ripercorrere, giusto per fare volume. Corsi, s\u2019intende, non ha un vissuto granch\u00e9 cinematografico alle spalle, non ha particolari traumi, solo una gavetta assai lunga ma pur sempre serena \u2013 sarebbe interessante, semmai, capire com\u2019\u00e8 cambiata la sua vita da febbraio a oggi, ma per questo, se vorr\u00e0, ci sar\u00e0 tempo. La sua particolarit\u00e0 muore e rinasce invece ogni sera, su un palco: allora catturiamolo l\u00ec. Mentre il modello classico dei concerti \u2013 grandi o piccoli che siano, con un enorme squilibrio verso i grandi \u2013 sta diventando quello di spettacoli televisivi fin troppo rigidi e programmati, dove \u00e8 impossibile anche solo improvvisare, La chitarra nella roccia fa il percorso contromano e porta un live vero sullo schermo. E per live vero s\u2019intende, in questo caso, uno senza fronzoli che presto finiscono per servire solo da schermo all\u2019essenza, ma anzi uno suonato dal vivo e in cui c\u2019\u00e8 spazio per l\u2019errore, appunto l\u2019improvvisazione, la spontaneit\u00e0. Uno che, ecco, se lo si vede stasera \u00e8 realizzato in un modo, se lo si vede domani \u00e8 diverso, e cos\u00ec via. Irripetibile, non perch\u00e9 stupendo, ma perch\u00e9 dal vivo.<\/p>\n<p>I motivi del successo<\/p>\n<p>Qui l\u2019occasione \u00e8 speciale, certo, vista la location, ma la vera merce rara \u00e8 vedere Corsi dimenarsi sul palco, spogliarsi e cambiarsi tra un pezzo e un altro e vedere il trucco che ha in faccia che un po\u2019 alla volta gli cola, come fosse lui stesso il primo a essere stravolto da un\u2019esperienza tanto forte. Naturalezza. Concerti lunghi, generosi. \u00c8 strano rispetto agli standard, ma a volte la regia sembra perfino \u201cdi troppo\u201d, quasi un\u2019imbucata a una festa che invece si sta consumando l\u00ec per l\u00ec, con uno show tutt\u2019altro che a favor di telecamere. Hai detto niente. L\u2019immaginazione va ai grandi concerti degli anni Settanta \u2013 su tutti, il film di Banana Republic di Francesco De Gregori e Lucio Dalla \u2013 in cui un\u2019esibizione era un modo per sentirsi liberi, sul palco si vedevano sorrisi, ammiccamenti, perfino sigarette. Gente con indosso solo dei jeans e una magliettaccia \u2013 nel caso loro, ma si vedeva benissimo anche nel live a Pompei dei Pink Floyd \u2013 o nel caso di Corsi, che s\u2019ispira al glam rock, dei costumi comunque scalcagnati. E che per\u00f2, suonava musica pazzesca, dava l\u2019impressione di essere l\u00ec e solo l\u00ec. \u00c8 un momento di nostalgia questo? S\u00ec e no, e questo \u00e8 il grande paradosso anche del successo di Corsi: la sua rivoluzione pesca per estetica e stile dal passato, a molti scatena una certa malinconia verso un\u2019epoca che magari non si \u00e8 neanche vissuto, ma la sfida \u2013 per lui, per noi \u2013 \u00e8 di continuare con quell\u2019approccio selvaggio nella musica di oggi.<\/p>\n<p>Per ora, si vede, Corsi non \u00e8 solo retromania, urgenza di rifugiarsi in un mondo lontano per rifiuto del nostro. Semmai \u2013 Volevo essere un duro lo dimostra bene \u2013 \u00e8 necessit\u00e0 di comprendere il presente consapevoli, per\u00f2, che gli strumenti di oggi non bastano pi\u00f9. E dunque s\u00ec, La chitarra nella roccia ci ricorda che c\u2019\u00e8 un altro modo di stare sul palco e, quindi, di fare documentari musicali \u2013 e dischi dal vivo, dicevamo, un\u2019altra di quelle usanze cadute in disgrazia, se non altro perch\u00e9 non c\u2019\u00e8 niente pi\u00f9 da salvare, i concerti sono tutti uguali, tutti speciali e gi\u00e0 pensati per i social, per cui gi\u00e0 possono bastare le storie Instagram dei fan. Ci ricorda, soprattutto, che Corsi \u00e8 uno dei pochi artisti che vale la pena vedere in concerto, perch\u00e9 il suo \u00e8 sempre un concerto irripetibile. Cerchiamo, ecco, di non farlo diventare l\u2019unico.<\/p>\n<p>       &#13;<br \/>\n        &#13;<br \/>\n&#13;<br \/>\n&#13;<br \/>\n  &#13;<br \/>\n  &#13;<br \/>\n&#13;<br \/>\n    &#13;<br \/>\n&#13;<br \/>\n&#13;<br \/>\n               &#13;<br \/>\n      &#13;<br \/>\n&#13;<br \/>\n&#13;<br \/>\n      &#13;<br \/>\n   &#13;<br \/>\n&#13;<br \/>\n      &#13;<br \/>\n                  &#13;<br \/>\n      &#13;<br \/>\n&#13;<\/p>\n","protected":false},"excerpt":{"rendered":"&#13; &#13; &#13; &#13; &#13; &#13; &#13; &#13; &#13; &#13; &#13; Condividi &#13; &#13; &#13; &#13; &#13; &#13;&hellip;\n","protected":false},"author":3,"featured_media":185150,"comment_status":"","ping_status":"","sticky":false,"template":"","format":"standard","meta":{"footnotes":"","_share_on_mastodon":"0"},"categories":[174],"tags":[689,203,204,1537,90,89,15869,688],"class_list":["post-185149","post","type-post","status-publish","format-standard","has-post-thumbnail","category-intrattenimento","tag-blog","tag-entertainment","tag-intrattenimento","tag-it","tag-italia","tag-italy","tag-lucio-corsi","tag-opinioni"],"share_on_mastodon":{"url":"https:\/\/pubeurope.com\/@it\/115441537427599812","error":""},"_links":{"self":[{"href":"https:\/\/www.europesays.com\/it\/wp-json\/wp\/v2\/posts\/185149","targetHints":{"allow":["GET"]}}],"collection":[{"href":"https:\/\/www.europesays.com\/it\/wp-json\/wp\/v2\/posts"}],"about":[{"href":"https:\/\/www.europesays.com\/it\/wp-json\/wp\/v2\/types\/post"}],"author":[{"embeddable":true,"href":"https:\/\/www.europesays.com\/it\/wp-json\/wp\/v2\/users\/3"}],"replies":[{"embeddable":true,"href":"https:\/\/www.europesays.com\/it\/wp-json\/wp\/v2\/comments?post=185149"}],"version-history":[{"count":0,"href":"https:\/\/www.europesays.com\/it\/wp-json\/wp\/v2\/posts\/185149\/revisions"}],"wp:featuredmedia":[{"embeddable":true,"href":"https:\/\/www.europesays.com\/it\/wp-json\/wp\/v2\/media\/185150"}],"wp:attachment":[{"href":"https:\/\/www.europesays.com\/it\/wp-json\/wp\/v2\/media?parent=185149"}],"wp:term":[{"taxonomy":"category","embeddable":true,"href":"https:\/\/www.europesays.com\/it\/wp-json\/wp\/v2\/categories?post=185149"},{"taxonomy":"post_tag","embeddable":true,"href":"https:\/\/www.europesays.com\/it\/wp-json\/wp\/v2\/tags?post=185149"}],"curies":[{"name":"wp","href":"https:\/\/api.w.org\/{rel}","templated":true}]}}