{"id":187028,"date":"2025-10-27T21:29:10","date_gmt":"2025-10-27T21:29:10","guid":{"rendered":"https:\/\/www.europesays.com\/it\/187028\/"},"modified":"2025-10-27T21:29:10","modified_gmt":"2025-10-27T21:29:10","slug":"sciopero-alla-benetton-per-i-contratti-di-solidarieta-e-la-prima-protesta-da-piu-di-30-anni","status":"publish","type":"post","link":"https:\/\/www.europesays.com\/it\/187028\/","title":{"rendered":"Sciopero alla Benetton per i contratti di solidariet\u00e0: \u00e8 la prima protesta da pi\u00f9 di 30 anni"},"content":{"rendered":"<p>Sciopero di due ore nello stabilimento di Castrette di Villorba (Treviso) contro la decisione di applicare contratti di solidariet\u00e0 per il 90% dell\u2019orario, cosa di cui gli interessati sono stati informati via mail tre giorni prima<\/p>\n<p class=\"chapter-paragraph\">Sono stati circa 350, sugli 800 complessivi, i dipendenti di Benetton Group che luned\u00ec 27 ottobre hanno aderito allo <b>sciopero di due ore<\/b>, proclamato da Filctem Cgil, Femca Cisl e Uiltec Uilcon. I lavoratori in sciopero hanno manifestato nello stabilimento di Castrette di Villorba (Treviso) contro la decisione aziendale di applicare i <b>contratti di solidariet\u00e0 per il 90% dell\u2019orario lavorativo.<\/b><\/p>\n<p>    Il primo sciopero dopo oltre 30 anni<\/p>\n<p class=\"chapter-paragraph\">A Castrette di Villorba\u00a0sono state concentrate tutte le attivit\u00e0 in seguito alla decisione unilaterale dell&#8217;azienda di applicare contratti di solidariet\u00e0 a un\u2019ottantina di addetti. Gli interessati sono stati <b>informati del provvedimento tramite una e-mail ricevuta non pi\u00f9 di tre giorni prima<\/b> della data di sospensione dal servizio. Lo sciopero prevede due ore di astensione dal lavoro articolate tra le ore 10.00 e le ore 12.00 per il turno della mattina, e per le ultime due ore di turno per quelli successivi. Per cui si prevede che alla fine la partecipazione possa raggiungere il 70%, fanno sapere i sindacati.\u00a0<b>\u00c8 la prima volta dopo oltre 30 anni <\/b>che i dipendenti del Gruppo Benetton scioperano.    &#13;<br \/>\n&#13;<br \/>\n&#13;<br \/>\n&#13;<br \/>\n&#13;<br \/>\n&#13;<br \/>\n&#13;<br \/>\n&#13;<br \/>\n&#13;<br \/>\n&#13;<br \/>\n&#13;<br \/>\n&#13;<br \/>\n&#13;<br \/>\n&#13;<br \/>\n&#13;<br \/>\n&#13;<br \/>\n&#13;<br \/>\n&#13;<br \/>\n&#13;<br \/>\n&#13;<br \/>\n&#13;<br \/>\n&#13;<br \/>\n&#13;<br \/>\n&#13;<br \/>\n&#13;<br \/>\n&#13;<br \/>\n&#13;<br \/>\n&#13;<br \/>\n&#13;<br \/>\n&#13;<br \/>\n&#13;<br \/>\n&#13;<br \/>\n&#13;<br \/>\n&#13;<br \/>\n&#13;<br \/>\n&#13;<br \/>\n&#13;<br \/>\n&#13;<br \/>\n&#13;<br \/>\n&#13;<br \/>\n&#13;<br \/>\n&#13;<br \/>\n&#13;<br \/>\n&#13;<br \/>\n&#13;<br \/>\n&#13;<br \/>\n&#13;<br \/>\n&#13;<br \/>\n&#13;<br \/>\n&#13;<br \/>\n&#13;<br \/>\n&#13;<br \/>\n&#13;\n<\/p>\n<p>    I sindacati:\u00a0\u00abVogliono dividere i lavoratori\u00bb<\/p>\n<p class=\"chapter-paragraph\"><b>Giornalisti, fotografi e operatori non sono stati ammessi all\u2019interno del piazzale dello stabilimento in cui si \u00e8 svolta la manifestazione<\/b>, secondo quanto riportato dall\u2019Ansa,<b>\u00a0<\/b>e perci\u00f2 i partecipanti poco dopo hanno raggiunto gli spazi esterni a ridosso della provinciale Postumia per un punto stampa. Le rappresentanze sindacali interne ed i segretari generali di Filctem Cgil, Femca Cisl e Uiltec Uil, Massimo Messina, Rudy Roffar\u00e8 e Francesca Mazzoli, hanno spiegato di non ritenersi contrari all&#8217;utilizzo dei contratti di solidariet\u00e0, in vigore fino al 31 dicembre, ma di ritenere inaccettabile che il nuovo provvedimento sia intervenuto senza una preventiva consultazione tra le parti, come avvenuto in precedenza. <b>I sindacati chiedono la rotazione dei dipendenti coinvolti e una riduzione dell\u2019orario non oltre il 50%<\/b>.\u00a0\u00abUna scelta che pare orientata soprattutto a dividere il fronte dei lavoratori\u00bb, evidenziano i rappresentanti sindacali.<\/p>\n<p class=\"is-last-update\" datetime=\"2025-10-27T22:12:13+01:00\">27 ottobre 2025 ( modifica il 27 ottobre 2025 | 22:12)<\/p>\n<p class=\"is-copyright\">\n            \u00a9 RIPRODUZIONE RISERVATA\n        <\/p>\n","protected":false},"excerpt":{"rendered":"Sciopero di due ore nello stabilimento di Castrette di Villorba (Treviso) contro la decisione di applicare contratti di&hellip;\n","protected":false},"author":3,"featured_media":187029,"comment_status":"","ping_status":"","sticky":false,"template":"","format":"standard","meta":{"footnotes":"","_share_on_mastodon":"0"},"categories":[172],"tags":[178,22109,112931,112932,36252,177,112933,112934,112935,192,112936,112937,193,9943,57665,1368,2588,1537,90,89,9324,132,28156,5174,5907,18438,39820],"class_list":["post-187028","post","type-post","status-publish","format-standard","has-post-thumbnail","category-affari","tag-affari","tag-applicare","tag-applicare-contratti","tag-applicare-contratti-solidarieta","tag-benetton","tag-business","tag-castrette","tag-castrette-villorba","tag-castrette-villorba-treviso","tag-cgil","tag-cgil-femca","tag-cgil-femca-cisl","tag-cisl","tag-contratti","tag-contratti-solidarieta","tag-decisione","tag-dipendenti","tag-it","tag-italia","tag-italy","tag-lavoratori","tag-orario","tag-sciopero","tag-sindacati","tag-solidarieta","tag-stabilimento","tag-villorba"],"share_on_mastodon":{"url":"https:\/\/pubeurope.com\/@it\/115448261164972022","error":""},"_links":{"self":[{"href":"https:\/\/www.europesays.com\/it\/wp-json\/wp\/v2\/posts\/187028","targetHints":{"allow":["GET"]}}],"collection":[{"href":"https:\/\/www.europesays.com\/it\/wp-json\/wp\/v2\/posts"}],"about":[{"href":"https:\/\/www.europesays.com\/it\/wp-json\/wp\/v2\/types\/post"}],"author":[{"embeddable":true,"href":"https:\/\/www.europesays.com\/it\/wp-json\/wp\/v2\/users\/3"}],"replies":[{"embeddable":true,"href":"https:\/\/www.europesays.com\/it\/wp-json\/wp\/v2\/comments?post=187028"}],"version-history":[{"count":0,"href":"https:\/\/www.europesays.com\/it\/wp-json\/wp\/v2\/posts\/187028\/revisions"}],"wp:featuredmedia":[{"embeddable":true,"href":"https:\/\/www.europesays.com\/it\/wp-json\/wp\/v2\/media\/187029"}],"wp:attachment":[{"href":"https:\/\/www.europesays.com\/it\/wp-json\/wp\/v2\/media?parent=187028"}],"wp:term":[{"taxonomy":"category","embeddable":true,"href":"https:\/\/www.europesays.com\/it\/wp-json\/wp\/v2\/categories?post=187028"},{"taxonomy":"post_tag","embeddable":true,"href":"https:\/\/www.europesays.com\/it\/wp-json\/wp\/v2\/tags?post=187028"}],"curies":[{"name":"wp","href":"https:\/\/api.w.org\/{rel}","templated":true}]}}