{"id":187365,"date":"2025-10-28T02:52:14","date_gmt":"2025-10-28T02:52:14","guid":{"rendered":"https:\/\/www.europesays.com\/it\/187365\/"},"modified":"2025-10-28T02:52:14","modified_gmt":"2025-10-28T02:52:14","slug":"arisa-ha-una-persona-speciale-ai-figli-non-penso-piu-come-prima","status":"publish","type":"post","link":"https:\/\/www.europesays.com\/it\/187365\/","title":{"rendered":"Arisa ha una persona speciale: &#8220;Ai figli non penso pi\u00f9 come prima&#8221;"},"content":{"rendered":"<p>                                A marzo la cantante aveva annunciato la fine dell&#8217;amore con Walter Ricci: adesso c&#8217;\u00e8 una persona speciale nella sua vita<\/p>\n<p>\n                                                    Patrizia Chimera\n                            <\/p>\n<p>                    27 ottobre &#8211; 10:40  &#8211; MILANO<\/p>\n<p class=\"paragraph\" spellcheck=\"true\">Ospite di <b>Verissimo <\/b>nella puntata andata in onda domenica 26 ottobre 2025, <b>Arisa<\/b> si \u00e8 raccontata a cuore aperto con <b>Silvia Toffanin<\/b>, parlando della sua vita privata e dei cambiamenti dell\u2019ultimo anno. A marzo la cantante aveva annunciato la <a href=\"https:\/\/www.gazzetta.it\/gossip\/18-03-2025\/arisa-e-tornata-single-finita-la-relazione-con-il-jazzista-walter-ricci.shtml?intcmp=hyperlink-articolo-gazit\" title=\"Arisa e Walter Ricci si sono lasciati, il jazzista: \" ora=\"\" preferisco=\"\" parlare=\"\" di=\"\" musica=\"\" target=\"_blank\" rel=\"nofollow noopener\">fine della relazione con Walter Ricci<\/a>, con cui si era poi vociferato di un possibile <a href=\"https:\/\/www.gazzetta.it\/gossip\/06-06-2025\/arisa-ritorno-di-fiamma-con-l-ex-fidanzato-walter-ricci-il-gossip.shtml?intcmp=hyperlink-articolo-gazit\" title=\"Arisa, ritorno di fiamma con l&#039;ex fidanzato Walter Ricci?\" target=\"_blank\" rel=\"nofollow noopener\">ritorno di fiamma durante l\u2019estate<\/a>. Oggi, per\u00f2, sembra esserci una nuova serenit\u00e0 nella sua vita e forse anche qualcuno di speciale a cui pensa continuamente.<\/p>\n<p class=\"paragraph\" spellcheck=\"true\"><b>Leggi anche<\/b>:\u00a0<a href=\"https:\/\/www.gazzetta.it\/gossip\/26-10-2025\/martina-stella-cerca-fidanzato-la-crisi-e-le-rivelazioni-sull-ex.shtml?intcmp=hyperlink-articolo-gazit\" title=\"Martina Stella, la rinascita dopo la separazione: \" sono=\"\" aperta=\"\" a=\"\" un=\"\" nuovo=\"\" amore=\"\" target=\"_blank\" rel=\"nofollow noopener\">Martina Stella cerca fidanzato: la crisi e le rivelazioni sull&#8217;ex<\/a><\/p>\n<p>    Arisa ha un nuovo amore?\u2014 \u00a0<\/p>\n<p class=\"paragraph is-inline\" spellcheck=\"true\">Nel salotto di Canale 5, <b>Arisa <\/b>ha confidato di aver attraversato un periodo complesso dopo la rottura con Ricci: \u201cMi fanno male le delusioni, sia in amore che in amicizia, ci metto un po&#8217; a riprendermi\u201d. La cantante di 43 anni ha spiegato di non voler pi\u00f9 esporsi troppo sulla sua sfera sentimentale, ma ha lasciato intendere che nel suo cuore <b>potrebbe esserci qualcuno<\/b>: \u201cSono sola, ma c\u2019\u00e8 sempre qualcosa che bolle in pentola, una persona a cui pensi pi\u00f9 delle altre. C\u2019\u00e8 anche adesso\u201d. Parole che lasciano intendere la possibilit\u00e0 di un nuovo interesse, anche se Arisa ha preferito non svelare altri dettagli.<\/p>\n<p>    La vita sentimentale di Arisa\u2014 \u00a0<\/p>\n<p class=\"paragraph is-inline\" spellcheck=\"true\"><b>Rosalba Pippa<\/b>, vero nome dell\u2019artista, ha alle spalle diverse relazioni importanti. Dopo la lunga storia con il musicista <b>Giuseppe Anastasi<\/b>, terminata nel 2010, ha avuto una relazione con il manager <b>Lorenzo Zambelli<\/b>, durata dal 2014 fino al 2016. Una delle storie pi\u00f9 significative \u00e8 stata quella con <b>Andrea Di Carlo<\/b>, anche lui manager nel mondo dello spettacolo: i due avevano annunciato il matrimonio, ma la relazione \u00e8 naufragata poco dopo. \u201cQuando ti metti con una cantante devi sapere che ci sono cose da rispettare. \u00c8 vero che quando ci siamo conosciuti ero pi\u00f9 libera, ma lui \u00e8 sempre stato frettoloso, e io mi sono fatta trascinare\u201d aveva raccontato Arisa in un\u2019intervista al Corriere della Sera aggiungendo: &#8220;Lui \u00e8 una persona straordinaria, divertente, generosa, ma dopo sei mesi \u00e8 presto per decidere di convolare a nozze. Io, con amore, ho cercato di fargli capire che era troppo presto. Gli sono stata vicina, ma di pi\u00f9 non posso. Non sono nata per fare quello che voleva lui, per dedicarmi a lui totalmente. Tutti gli uomini che ho avuto mi hanno lasciato la mia libert\u00e0&#8221;.<\/p>\n<p class=\"paragraph\" spellcheck=\"true\">Nel 2021 la cantante ha poi vissuto un breve ma intenso flirt con <a href=\"https:\/\/www.gazzetta.it\/fitness\/allenamento\/storie\/26-11-2021\/arisa-bacio-vito-coppola-forma-smagliante-ballando-le-stelle-43087756402\/\" title=\"Arisa: acqua e limone, tanto ballo e\u2026 Quel bacio con Vito Coppola! Ecco il suo mondo\" target=\"_blank\" rel=\"nofollow noopener\">Vito Coppola<\/a>, il ballerino con cui ha vinto Ballando con le stelle. Successivamente, \u00e8 nata <a href=\"https:\/\/www.gazzetta.it\/gossip\/04-07-2024\/arisa-chi-e-walter-ricci-nuovo-fidanzato.shtml?intcmp=hyperlink-articolo-gazit\" target=\"_blank\" rel=\"nofollow noopener\">la storia con Walter Ricci<\/a>, durata circa un anno. Dopo la fine del rapporto, lui aveva dichiarato: \u201cCon lei \u00e8 finita, vogliamo concentrarci entrambi sulle nostre carriere\u201d. Arisa, invece, aveva commentato con sincerit\u00e0: \u201cIl mio ex si era innamorato del mio personaggio. Era invaghito di Arisa e non di Rosalba\u201d.<\/p>\n<p class=\"paragraph\" spellcheck=\"true\">Oggi ci sarebbe una persona che occupa i suoi pensieri, come svelato a Verissimo: chi sar\u00e0?<\/p>\n<p class=\"is-copyright\">\u00a9 RIPRODUZIONE RISERVATA<\/p>\n","protected":false},"excerpt":{"rendered":"A marzo la cantante aveva annunciato la fine dell&#8217;amore con Walter Ricci: adesso c&#8217;\u00e8 una persona speciale nella&hellip;\n","protected":false},"author":3,"featured_media":187366,"comment_status":"","ping_status":"","sticky":false,"template":"","format":"standard","meta":{"footnotes":""},"categories":[1443],"tags":[8708,87,118,53721,113026,2942,113027,6036,2598,203,27045,40751,204,1537,90,89,2947,8682,113028,113029,1538,1539,6707,1915,113030,2895,1234,2776,113031,20147,10162,1567,22839,5489,11562,111869],"class_list":{"0":"post-187365","1":"post","2":"type-post","3":"status-publish","4":"format-standard","5":"has-post-thumbnail","7":"category-musica","8":"tag-aggiungendo","9":"tag-amore","10":"tag-annunciato","11":"tag-arisa","12":"tag-arisa-rosalba","13":"tag-cantante","14":"tag-cantante-annunciato","15":"tag-cuore","16":"tag-durata","17":"tag-entertainment","18":"tag-esserci","19":"tag-intendere","20":"tag-intrattenimento","21":"tag-it","22":"tag-italia","23":"tag-italy","24":"tag-manager","25":"tag-marzo","26":"tag-marzo-cantante","27":"tag-marzo-cantante-annunciato","28":"tag-music","29":"tag-musica","30":"tag-nata","31":"tag-persona","32":"tag-persona-speciale","33":"tag-presto","34":"tag-relazione","35":"tag-ricci","36":"tag-rosalba","37":"tag-sentimentale","38":"tag-speciale","39":"tag-storia","40":"tag-verissimo","41":"tag-vero","42":"tag-walter","43":"tag-walter-ricci"},"share_on_mastodon":{"url":"https:\/\/pubeurope.com\/@it\/115449531307601776","error":""},"_links":{"self":[{"href":"https:\/\/www.europesays.com\/it\/wp-json\/wp\/v2\/posts\/187365","targetHints":{"allow":["GET"]}}],"collection":[{"href":"https:\/\/www.europesays.com\/it\/wp-json\/wp\/v2\/posts"}],"about":[{"href":"https:\/\/www.europesays.com\/it\/wp-json\/wp\/v2\/types\/post"}],"author":[{"embeddable":true,"href":"https:\/\/www.europesays.com\/it\/wp-json\/wp\/v2\/users\/3"}],"replies":[{"embeddable":true,"href":"https:\/\/www.europesays.com\/it\/wp-json\/wp\/v2\/comments?post=187365"}],"version-history":[{"count":0,"href":"https:\/\/www.europesays.com\/it\/wp-json\/wp\/v2\/posts\/187365\/revisions"}],"wp:featuredmedia":[{"embeddable":true,"href":"https:\/\/www.europesays.com\/it\/wp-json\/wp\/v2\/media\/187366"}],"wp:attachment":[{"href":"https:\/\/www.europesays.com\/it\/wp-json\/wp\/v2\/media?parent=187365"}],"wp:term":[{"taxonomy":"category","embeddable":true,"href":"https:\/\/www.europesays.com\/it\/wp-json\/wp\/v2\/categories?post=187365"},{"taxonomy":"post_tag","embeddable":true,"href":"https:\/\/www.europesays.com\/it\/wp-json\/wp\/v2\/tags?post=187365"}],"curies":[{"name":"wp","href":"https:\/\/api.w.org\/{rel}","templated":true}]}}