{"id":187503,"date":"2025-10-28T05:14:23","date_gmt":"2025-10-28T05:14:23","guid":{"rendered":"https:\/\/www.europesays.com\/it\/187503\/"},"modified":"2025-10-28T05:14:23","modified_gmt":"2025-10-28T05:14:23","slug":"v-dei-bts-a-vogue-world-2025-e-una-delle-star-piu-eleganti-ma-avete-notato-il-dettaglio-coreano","status":"publish","type":"post","link":"https:\/\/www.europesays.com\/it\/187503\/","title":{"rendered":"V dei BTS a Vogue World 2025 \u00e8 una delle star pi\u00f9 eleganti. Ma avete notato il dettaglio coreano?"},"content":{"rendered":"<p><img decoding=\"async\" alt=\"V dei BTS a Vogue World 2025 assiste allo show accanto all'attrice Dakota Johnson\" loading=\"lazy\" class=\"ResponsiveImageContainer-eNxvmU cfBbTk responsive-image__image\"   src=\"https:\/\/www.europesays.com\/it\/wp-content\/uploads\/2025\/10\/SK1_8916_n4QR7Orj_20251026071022.jpeg\"\/><\/p>\n<p>V dei BTS a Vogue World 2025 assiste allo show accanto all&#8217;attrice Dakota JohnsonPhoto: Stefanie Keenan\/Getty Images<\/p>\n<p>In mezzo ai suoi compagni dei BTS, <strong>V si \u00e8 fatto notare per il suo talento poliedrico<\/strong>: canta, balla e recita, mostrando sempre un carisma sempre sfaccettato. Il suo stile distintivo e il fascino innato lo rendono amato dal pubblico di tutto il mondo, ma i fan pi\u00f9 sfegatati sanno anche apprezzarlo anche per le sue caratteristiche pi\u00f9 intime, come <strong>la personalit\u00e0 genuina e il senso dell\u2019umorismo<\/strong>. La sua presenza scenica magnetica e il modo in cui comunica ogni emozione l&#8217;hanno reso un idolo globale, confermato anche dal suo profondo <strong>legame con il mondo della moda<\/strong>: i suoi outfit audaci e creativi influenzano tendenze e brand internazionali, e spesso collabora con vari brand, apparendo in campagne e sfilate: \u00e8 stato nominato, per esempio, brand ambassador di <strong>Cartier<\/strong> e forti sono anche i suoi legami con Louis Vuitton. Insomma, un evento come Vogue World in cui si celebrano moda e arti \u00e8 proprio il posto giusto per lui.<\/p>\n<p>Assieme alle altre star, V dei BTS a Vogue World 2025 ha celebrato l&#8217;<strong>inestricabile legame tra moda e cinema<\/strong> e ha visto la partecipazione di numerose celebrit\u00e0, tra cui Nicole Kidman, Teyana Taylor e Jeff Goldblum. Il performer coreano ha assistito alla sfilata accanto alla compagna di posto, Dakota Johnson, giusto per aggiungere un tocco di glamour a questa serata gi\u00e0 piena di luccichio e riflettore. Perch\u00e9, in fondo, il motto non poteve che essere: Lights, camera\u2026 fashion!<\/p>\n<p>Vuoi ricevere tutto il meglio di Vogue Italia nella tua casella di posta ogni giorno?<\/p>\n<p><a href=\"https:\/\/www.vogue.it\/newsletter-subscribe?utm_source=google&amp;utm_medium=interlink&amp;utm_campaign=new_subscribers\" target=\"_blank\" rel=\"nofollow noopener\">Iscriviti alla Newsletter Daily di Vogue Italia<\/a><\/p>\n<p>Questo articolo \u00e8 stato pubblicato in origine su Vogue America<\/p>\n","protected":false},"excerpt":{"rendered":"V dei BTS a Vogue World 2025 assiste allo show accanto all&#8217;attrice Dakota JohnsonPhoto: Stefanie Keenan\/Getty Images In&hellip;\n","protected":false},"author":3,"featured_media":187504,"comment_status":"","ping_status":"","sticky":false,"template":"","format":"standard","meta":{"footnotes":""},"categories":[1443],"tags":[7511,203,204,1537,90,89,1538,1539,111795],"class_list":{"0":"post-187503","1":"post","2":"type-post","3":"status-publish","4":"format-standard","5":"has-post-thumbnail","7":"category-musica","8":"tag-attualita","9":"tag-entertainment","10":"tag-intrattenimento","11":"tag-it","12":"tag-italia","13":"tag-italy","14":"tag-music","15":"tag-musica","16":"tag-vogue-world"},"share_on_mastodon":{"url":"https:\/\/pubeurope.com\/@it\/115450089761205673","error":""},"_links":{"self":[{"href":"https:\/\/www.europesays.com\/it\/wp-json\/wp\/v2\/posts\/187503","targetHints":{"allow":["GET"]}}],"collection":[{"href":"https:\/\/www.europesays.com\/it\/wp-json\/wp\/v2\/posts"}],"about":[{"href":"https:\/\/www.europesays.com\/it\/wp-json\/wp\/v2\/types\/post"}],"author":[{"embeddable":true,"href":"https:\/\/www.europesays.com\/it\/wp-json\/wp\/v2\/users\/3"}],"replies":[{"embeddable":true,"href":"https:\/\/www.europesays.com\/it\/wp-json\/wp\/v2\/comments?post=187503"}],"version-history":[{"count":0,"href":"https:\/\/www.europesays.com\/it\/wp-json\/wp\/v2\/posts\/187503\/revisions"}],"wp:featuredmedia":[{"embeddable":true,"href":"https:\/\/www.europesays.com\/it\/wp-json\/wp\/v2\/media\/187504"}],"wp:attachment":[{"href":"https:\/\/www.europesays.com\/it\/wp-json\/wp\/v2\/media?parent=187503"}],"wp:term":[{"taxonomy":"category","embeddable":true,"href":"https:\/\/www.europesays.com\/it\/wp-json\/wp\/v2\/categories?post=187503"},{"taxonomy":"post_tag","embeddable":true,"href":"https:\/\/www.europesays.com\/it\/wp-json\/wp\/v2\/tags?post=187503"}],"curies":[{"name":"wp","href":"https:\/\/api.w.org\/{rel}","templated":true}]}}