{"id":187603,"date":"2025-10-28T07:12:18","date_gmt":"2025-10-28T07:12:18","guid":{"rendered":"https:\/\/www.europesays.com\/it\/187603\/"},"modified":"2025-10-28T07:12:18","modified_gmt":"2025-10-28T07:12:18","slug":"le-prime-foto-su-instagram-e-il-look-acqua-e-sapone-la-semplicita-rende-unica","status":"publish","type":"post","link":"https:\/\/www.europesays.com\/it\/187603\/","title":{"rendered":"le prime foto su Instagram e il look acqua e sapone. &#8220;La semplicit\u00e0 rende unica&#8221;"},"content":{"rendered":"<p>Mamma da pochissime settimane, <strong>Cecilia Rodriguez<\/strong> racconta su Instagram la sua nuova vita da mamma, fra foto in cui \u00e8 acqua e sapone, momenti di tenerezza e scatti privati.\n<\/p>\n<p>Cecilia Rodriguez mamma acqua e sapone<\/p>\n<p>Nelle foto pubblicate da <a href=\"https:\/\/dilei.it\/star-e-vip\/cecilia-rodriguez\/\" rel=\"nofollow noopener\" target=\"_blank\">Cecilia Rodriguez<\/a>, la modella e sorella di <a href=\"https:\/\/dilei.it\/star-e-vip\/belen-rodriguez\/\" rel=\"nofollow noopener\" target=\"_blank\">Belen<\/a>, passeggia nel parco con la <strong>piccola Clara Isabel<\/strong>. Con lei il marito <a href=\"https:\/\/dilei.it\/star-e-vip\/ignazio-moser\/\" rel=\"nofollow noopener\" target=\"_blank\">Ignazio Moser<\/a> e il <strong>cane Ercolino<\/strong>. Gli scatti sono stati commentati da tantissimi follower, contenti di vedere Cecilia felice, ma soprattutto di scoprire la normalit\u00e0 e la semplicit\u00e0 nelle sue foto post parto.<\/p>\n<blockquote class=\"instagram-media\" data-instgrm-captioned=\"\" data-instgrm-permalink=\"https:\/\/www.instagram.com\/p\/DQPhLlbjN-6\/?utm_source=ig_embed&amp;utm_campaign=loading\" data-instgrm-version=\"14\" style=\" background:#FFF; border:0; border-radius:3px; box-shadow:0 0 1px 0 rgba(0,0,0,0.5),0 1px 10px 0 rgba(0,0,0,0.15); margin: 1px; max-width:100%; min-width:326px; padding:0; width:99.375%; width:-webkit-calc(100% - 2px); width:calc(100% - 2px);\"\/>\n<p>\u201cUna mamma che in semplicit\u00e0, normalit\u00e0 e soprattutto \u201cvestita\u201d si gode un meraviglioso momento della propria vita \u2013 ha scritto qualcuno -. Questi scenari di vita normale sono quasi scioccanti. Se non allatti con un push up, tacco 15, truccatissima e agghindata pari non essere di questo pianeta. Nella sua semplicit\u00e0 dimostra una bellezza impressionante. Meno male che non tutte hanno perso il buongusto\u201d.<\/p>\n<p>\u201cCecilia \u00e8 sempre stata una ragazza molto semplice, adesso \u00e8 una mamma dolcissima\u201d, ha scritto qualcun altro. E poi ancora: \u201cChe meraviglia: la semplicit\u00e0 vera e la naturalezza, complimenti davvero a questa mamma\u201d, ma anche: \u201cLa semplicit\u00e0 di una passeggiata tutti insieme: Ercolino sempre vigile e attento, una mamma che allatta la sua bimba, un babbo che non fa mancare le coccole al suo bimbo peloso\u2026babbo, mamma e piccolina tutto stupendo\u201d.<\/p>\n<p>Le parole di Cecilia Rodriguez sulla figlia Clara Isabel<\/p>\n<p>Sempre <strong>su Instagram<\/strong>, Cecilia Rodriguez ha raccontato la sua nuova vita da mamma, svelando che <strong>Clara Isabel<\/strong> sta bene e che sia lei che Ignazio Moser sono molto felici.<\/p>\n<p>\u201c\u00c8 una bambina meravigliosa, sembra molto buona, mangia, \u00e8 sanissima e questa \u00e8 la cosa pi\u00f9 importante\u201d, ha spiegato. \u201cCi godiamo ogni singolo momento di questa nuova avventura che \u00e8 magica \u2013 ha raccontato -. Essere mamma? \u00c8 pi\u00f9 bello di quello che ho sempre immaginato\u201d.<\/p>\n<p>La nascita di Clara Isabel \u00e8 arrivata <strong>dopo un lungo percorso<\/strong>. Cecilia infatti ha raccontato a Verissimo di aver avuto difficolt\u00e0 a restare incinta e di essere ricorsa all\u2019aiuto della scienza per avere la sua piccola. \u201cErano pi\u00f9 di cinque anni che ci provavamo e non sono mancati momenti duri \u2013 aveva spiegato la <strong>sorella di Belen Rodriguez,<\/strong> ospite di Verissimo -. Non avrei mai pensato che mi potesse succedere qualcosa del genere\u201d.<\/p>\n<p>Nel salotto di <a href=\"https:\/\/dilei.it\/star-e-vip\/silvia-toffanin\/\" rel=\"nofollow noopener\" target=\"_blank\">Silvia Toffanin,<\/a> Cecilia aveva svelato anche i motivi che l\u2019avevano spinta ad attendere cinque anni prima di ricorrere alla <strong>procreazione assistita<\/strong>. \u201cVolevo che succedesse tutto in modo naturale e ci ho provato per cinque anni \u2013 aveva confidato -. Ogni mese mi veniva da piangere\u201d.<\/p>\n<p>Un <strong>periodo difficile<\/strong>, sia per lei che per il marito Ignazio Moser, sino alla scelta di ricorrere alla Pma dopo un consulto con un medico: \u201cUn dottore mi ha fatto capire che stavo perdendo tempo e che non era detto che poi ci sarei riuscita, nel momento in cui avrei provato con la fecondazione. Mi sono decisa a provarci perch\u00e9 era un desiderio molto grande. Per fortuna \u00e8 andata bene dalla prima volta\u201d, aveva confessato<\/p>\n<p>\t<script async src=\"\/\/www.instagram.com\/embed.js\"><\/script><\/p>\n","protected":false},"excerpt":{"rendered":"Mamma da pochissime settimane, Cecilia Rodriguez racconta su Instagram la sua nuova vita da mamma, fra foto in&hellip;\n","protected":false},"author":3,"featured_media":187604,"comment_status":"","ping_status":"","sticky":false,"template":"","format":"standard","meta":{"footnotes":""},"categories":[174],"tags":[6060,203,204,1537,90,89],"class_list":{"0":"post-187603","1":"post","2":"type-post","3":"status-publish","4":"format-standard","5":"has-post-thumbnail","7":"category-intrattenimento","8":"tag-cecilia-rodriguez","9":"tag-entertainment","10":"tag-intrattenimento","11":"tag-it","12":"tag-italia","13":"tag-italy"},"share_on_mastodon":{"url":"https:\/\/pubeurope.com\/@it\/115450553563921213","error":""},"_links":{"self":[{"href":"https:\/\/www.europesays.com\/it\/wp-json\/wp\/v2\/posts\/187603","targetHints":{"allow":["GET"]}}],"collection":[{"href":"https:\/\/www.europesays.com\/it\/wp-json\/wp\/v2\/posts"}],"about":[{"href":"https:\/\/www.europesays.com\/it\/wp-json\/wp\/v2\/types\/post"}],"author":[{"embeddable":true,"href":"https:\/\/www.europesays.com\/it\/wp-json\/wp\/v2\/users\/3"}],"replies":[{"embeddable":true,"href":"https:\/\/www.europesays.com\/it\/wp-json\/wp\/v2\/comments?post=187603"}],"version-history":[{"count":0,"href":"https:\/\/www.europesays.com\/it\/wp-json\/wp\/v2\/posts\/187603\/revisions"}],"wp:featuredmedia":[{"embeddable":true,"href":"https:\/\/www.europesays.com\/it\/wp-json\/wp\/v2\/media\/187604"}],"wp:attachment":[{"href":"https:\/\/www.europesays.com\/it\/wp-json\/wp\/v2\/media?parent=187603"}],"wp:term":[{"taxonomy":"category","embeddable":true,"href":"https:\/\/www.europesays.com\/it\/wp-json\/wp\/v2\/categories?post=187603"},{"taxonomy":"post_tag","embeddable":true,"href":"https:\/\/www.europesays.com\/it\/wp-json\/wp\/v2\/tags?post=187603"}],"curies":[{"name":"wp","href":"https:\/\/api.w.org\/{rel}","templated":true}]}}