{"id":187804,"date":"2025-10-28T09:59:11","date_gmt":"2025-10-28T09:59:11","guid":{"rendered":"https:\/\/www.europesays.com\/it\/187804\/"},"modified":"2025-10-28T09:59:11","modified_gmt":"2025-10-28T09:59:11","slug":"femminicidio-nel-veronese-uccide-la-moglie-a-coltellate-arrestato-lei-aveva-gia-fatto-una-denuncia-poi-ritirata","status":"publish","type":"post","link":"https:\/\/www.europesays.com\/it\/187804\/","title":{"rendered":"Femminicidio nel Veronese: uccide la moglie a coltellate, arrestato. Lei aveva gi\u00e0 fatto una denuncia, poi ritirata"},"content":{"rendered":"<p>    di<br \/>\n    Redazione Online<\/p>\n<p class=\"summary-art is-line-h-12\">Castelnuovo del Garda: lei in passato aveva gi\u00e0 chiamato i carabinieri per maltrattamenti domestici<\/p>\n<p class=\"chapter-paragraph\"><b>Femminicidio<\/b> a <b>Castelnuovo del Garda<\/b>, nel Veronese. Un uomo ha aggredito la compagna in casa uccidendola con colpi di coltello. L&#8217;uxoricida &#8211; da quanto si \u00e8 appreso &#8211; \u00e8 gi\u00e0 stato arrestato dai Carabinieri che stanno procedendo con i rilievi. Vittima e omicida sono di origine brasiliana. La<br \/>donna circa un anno e mezzo fa sarebbe andata a vivere nell&#8217;appartamento che l&#8217;uomo aveva comprato in precedenza.<\/p>\n<p class=\"chapter-paragraph\">Da quanto si \u00e8 appreso la donna in passato <b>aveva gi\u00e0 chiamato i carabinieri per maltrattamenti domestici,<\/b> ma poi aveva ritirato la denuncia. E proprio a causa del clima familiare violento alla donna &#8211; su richiesta del padre &#8211; era stato tolto l&#8217;affidamento della figlia avuta da una precedente relazione.    &#13;<br \/>\n&#13;<br \/>\n&#13;<br \/>\n&#13;<br \/>\n&#13;<br \/>\n&#13;<br \/>\n&#13;<br \/>\n&#13;<br \/>\n&#13;<br \/>\n&#13;<br \/>\n&#13;<br \/>\n&#13;<br \/>\n&#13;<br \/>\n&#13;<br \/>\n&#13;<br \/>\n&#13;<br \/>\n&#13;<br \/>\n&#13;<br \/>\n&#13;<br \/>\n&#13;<br \/>\n&#13;<br \/>\n&#13;<br \/>\n&#13;<br \/>\n&#13;<br \/>\n&#13;<br \/>\n&#13;<br \/>\n&#13;<br \/>\n&#13;<br \/>\n&#13;<br \/>\n&#13;<br \/>\n&#13;<br \/>\n&#13;<br \/>\n&#13;<br \/>\n&#13;<br \/>\n&#13;<br \/>\n&#13;<br \/>\n&#13;<br \/>\n&#13;<br \/>\n&#13;<br \/>\n&#13;<br \/>\n&#13;<br \/>\n&#13;<br \/>\n&#13;<br \/>\n&#13;<br \/>\n&#13;<br \/>\n&#13;<br \/>\n&#13;<br \/>\n&#13;<br \/>\n&#13;<br \/>\n&#13;<br \/>\n&#13;<br \/>\n&#13;<br \/>\n&#13;\n<\/p>\n<p class=\"chapter-paragraph\">Notizia in aggiornamento&#8230;\u00a0<\/p>\n<p class=\"is-mr-t-20 is-mr-b-20\"><b><br \/>\n                                    <a href=\"https:\/\/corrieredelveneto.corriere.it\/verona\/?intcmp=Notizielocali_nd_010623_corriere_ss_verona\" target=\"_blank\" rel=\"nofollow noopener\">Vai a tutte le notizie di Verona<\/a><br \/>\n                        <\/b><\/p>\n<p class=\"chapter-paragraph\"><b><a href=\"https:\/\/www.corriere.it\/newsletter\/?theme=39&amp;intcmp=NL-artic_nd_060624_corriere_ss_veneto\" target=\"_blank\" rel=\"nofollow noopener\">Iscriviti alla newsletter del Corriere del Veneto<\/a><\/b><\/p>\n<p class=\"is-last-update\" datetime=\"2025-10-28T10:47:53+01:00\">28 ottobre 2025 ( modifica il 28 ottobre 2025 | 10:47)<\/p>\n<p class=\"is-copyright\">\n            \u00a9 RIPRODUZIONE RISERVATA\n        <\/p>\n","protected":false},"excerpt":{"rendered":"di Redazione Online Castelnuovo del Garda: lei in passato aveva gi\u00e0 chiamato i carabinieri per maltrattamenti domestici Femminicidio&hellip;\n","protected":false},"author":3,"featured_media":187805,"comment_status":"","ping_status":"","sticky":false,"template":"","format":"standard","meta":{"footnotes":""},"categories":[79],"tags":[37083,4605,3905,113223,113224,74047,113225,14,93,94,1731,1537,90,89,7,15,11,84,91,12,85,92],"class_list":{"0":"post-187804","1":"post","2":"type-post","3":"status-publish","4":"format-standard","5":"has-post-thumbnail","7":"category-italia","8":"tag-appreso","9":"tag-arrestato","10":"tag-carabinieri","11":"tag-carabinieri-maltrattamenti","12":"tag-carabinieri-maltrattamenti-domestici","13":"tag-castelnuovo","14":"tag-castelnuovo-garda","15":"tag-cronaca","16":"tag-cronaca-italiana","17":"tag-cronacaitaliana","18":"tag-donna","19":"tag-it","20":"tag-italia","21":"tag-italy","22":"tag-news","23":"tag-notizie","24":"tag-ultime-notizie","25":"tag-ultime-notizie-e-news-di-oggi","26":"tag-ultime-notizie-italia","27":"tag-ultimenotizie","28":"tag-ultimenotizieenewsdioggi","29":"tag-ultimenotizieitalia"},"share_on_mastodon":{"url":"https:\/\/pubeurope.com\/@it\/115451210442938698","error":""},"_links":{"self":[{"href":"https:\/\/www.europesays.com\/it\/wp-json\/wp\/v2\/posts\/187804","targetHints":{"allow":["GET"]}}],"collection":[{"href":"https:\/\/www.europesays.com\/it\/wp-json\/wp\/v2\/posts"}],"about":[{"href":"https:\/\/www.europesays.com\/it\/wp-json\/wp\/v2\/types\/post"}],"author":[{"embeddable":true,"href":"https:\/\/www.europesays.com\/it\/wp-json\/wp\/v2\/users\/3"}],"replies":[{"embeddable":true,"href":"https:\/\/www.europesays.com\/it\/wp-json\/wp\/v2\/comments?post=187804"}],"version-history":[{"count":0,"href":"https:\/\/www.europesays.com\/it\/wp-json\/wp\/v2\/posts\/187804\/revisions"}],"wp:featuredmedia":[{"embeddable":true,"href":"https:\/\/www.europesays.com\/it\/wp-json\/wp\/v2\/media\/187805"}],"wp:attachment":[{"href":"https:\/\/www.europesays.com\/it\/wp-json\/wp\/v2\/media?parent=187804"}],"wp:term":[{"taxonomy":"category","embeddable":true,"href":"https:\/\/www.europesays.com\/it\/wp-json\/wp\/v2\/categories?post=187804"},{"taxonomy":"post_tag","embeddable":true,"href":"https:\/\/www.europesays.com\/it\/wp-json\/wp\/v2\/tags?post=187804"}],"curies":[{"name":"wp","href":"https:\/\/api.w.org\/{rel}","templated":true}]}}