{"id":187881,"date":"2025-10-28T11:13:22","date_gmt":"2025-10-28T11:13:22","guid":{"rendered":"https:\/\/www.europesays.com\/it\/187881\/"},"modified":"2025-10-28T11:13:22","modified_gmt":"2025-10-28T11:13:22","slug":"meloni-nessun-rischio-per-la-democrazia-il-tempo","status":"publish","type":"post","link":"https:\/\/www.europesays.com\/it\/187881\/","title":{"rendered":"&#8220;Meloni? Nessun rischio per la democrazia&#8221; \u2013 Il Tempo"},"content":{"rendered":"<p>            <img decoding=\"async\" src=\"https:\/\/www.europesays.com\/it\/wp-content\/uploads\/2025\/10\/101724720-869b1307-c428-421b-9182-40c816dc6e74.jpg\" class=\"lazy\" alt=\"\"\/><\/p>\n<p>        Foto: La7<\/p>\n<p>\t\t\t\t\t\t\t<a href=\"\" class=\"author\">Andrea Riccardi<\/a><\/p>\n<p>\t\t\t\t\t\t\t28 ottobre 2025<\/p>\n<p>\u201cLa libert\u00e0 e la democrazia sono a rischio quando l&#8217;estrema destra \u00e8 al governo\u201d. Parole e musica di Elly Schlein dal palco del Psoe ad Amsterdam, andato in scena nei giorni scorsi. Oltre alla risposta piccata di Giorgia Meloni, che ha parlato di delirio e vergogna per la leader del Partito democratico, anche Romano Prodi, ex premier e numero uno della sinistra, ha smentito il teorema di Schlein. Prodi \u00e8 infatti intervenuto ad Otto e mezzo, talk show di La7 condotto da Lilli Gruber: \u201cIl problema \u00e8 se la destra vuole perdere al voto, pu\u00f2 perdere voti, \u00e8 solo se c\u2019\u00e8 veramente un\u2019alternativa di governo con un programma di governo, con degli obiettivi precisi. Questo \u00e8 il motivo per cui la destra\u2026\u201d. \u201cEcco, ma c\u2019\u00e8 questa alternativa di governo?\u201d, lo incalza Gruber, con l\u2019ex presidente del Consiglio che risponde cos\u00ec: \u201cEh, per ora io vedo che \u00e8 una scarsa alternativa e quindi questo \u00e8 l\u2019aspetto per cui la destra guadagna voti, cio\u00e8 la gente dice \u2018Ma, io voglio l\u2019alternativa concreta\u2019\u201d.<\/p>\n<p>\u00a0<\/p>\n<p>\t\t\t\t\t\t\t\t<a href=\"https:\/\/www.iltempo.it\/personaggi\/2025\/10\/27\/news\/la-pennicanza-fiorello-giuseppe-conte-m5s-unico-candidato-elezioni-m5s-putin-missile-sinner-44745613\/\" rel=\"nofollow noopener\" target=\"_blank\"><\/p>\n<p>\t\t\t\t\t\t\t\t\t\t<img decoding=\"async\" src=\"https:\/\/img.iltempo.it\/images\/2025\/10\/27\/154300442-3c856743-cd5e-46c3-8033-7811d36e94e4.jpg\" class=\"lazy\" alt=\"Pure Fiorello fulmina Conte per l'elezione farsa. Unico candidato del M5S? C'erano pure..., la stoccata\" bad-src=\"https:\/\/www.europesays.com\/it\/wp-content\/uploads\/2025\/07\/placeholder_iltempo.png\"\/><\/p>\n<p>\t\t\t\t\t\t\t\t<\/a><\/p>\n<p>\u00a0<\/p>\n<p>Si inserisce nel dibattito Lina Palmerini: \u201cMa secondo lei a chi si devono rivolgere in particolare? A quelli che pagano le tasse, al ceto medio, cio\u00e8 qual \u00e8 il pezzo di Italia che vi siete dimenticati? L\u2019anno prossimo sono 20 anni che il centrosinistra non vince un\u2019elezione e va al governo dopo aver vinto un\u2019elezione. Secondo lei chi vi siete lasciati indietro? A chi avete voltato le spalle?\u201d. \u201cSecondo me all\u2019Italia\u201d, la secca replica di Prodi. Palmerini prosegue con le domande: \u201cMa allora l\u2019allarme democratico non c\u2019entra nulla, cio\u00e8 dire che con Meloni c\u2019\u00e8 un rischio per la democrazia. Il rischio per la democrazia c\u2019\u00e8 se non c\u2019\u00e8 un\u2019alternativa di governo?\u201d. Prodi \u00e8 certo: \u201cIo le dico che non esiste un problema di alternativa democratica in questo momento\u201d.<\/p>\n<p>\u00a0<\/p>\n<p>\t\t\t\t\t\t\t\t<a href=\"https:\/\/www.iltempo.it\/politica\/2025\/10\/28\/news\/sigfrido-ranucci-frigna-report-colpa-editore-il-tempo-44751148\/\" rel=\"nofollow noopener\" target=\"_blank\"><\/p>\n<p>\t\t\t\t\t\t\t\t\t\t<img decoding=\"async\" src=\"https:\/\/img.iltempo.it\/images\/2025\/10\/28\/072756135-90ad861b-1cd9-44c8-a50f-4d1d11458f82.jpg\" class=\"lazy\" alt=\"Ranucci torna a frignare per Report e d\u00e0 la colpa al nostro editore\" bad-src=\"https:\/\/www.europesays.com\/it\/wp-content\/uploads\/2025\/07\/placeholder_iltempo.png\"\/><\/p>\n<p>\t\t\t\t\t\t\t\t<\/a><\/p>\n<p>\u00a0<\/p>\n<p>Gruber, nonostante la risposta gi\u00e0 ben chiara, insiste: \u201cPer\u00f2, per\u00f2 le devo chiedere, c\u2019\u00e8 o non c\u2019\u00e8 un rischio democratico in Italia con questa destra, destra al potere?\u201d. \u201cQuello che le ho detto \u00e8 che c\u2019\u00e8 un senso del potere molto forte. Questo non vuol dire che sia a rischio la democrazia\u201d, la sentenza di Prodi che ancora una volta non perde occasione per sbugiardare Schlein.<\/p>\n<p>\u00a0<\/p>\n","protected":false},"excerpt":{"rendered":"Foto: La7 Andrea Riccardi 28 ottobre 2025 \u201cLa libert\u00e0 e la democrazia sono a rischio quando l&#8217;estrema destra&hellip;\n","protected":false},"author":3,"featured_media":187882,"comment_status":"","ping_status":"","sticky":false,"template":"","format":"standard","meta":{"footnotes":""},"categories":[1444],"tags":[203,204,1537,90,89,43584,111713,253],"class_list":{"0":"post-187881","1":"post","2":"type-post","3":"status-publish","4":"format-standard","5":"has-post-thumbnail","7":"category-tv","8":"tag-entertainment","9":"tag-intrattenimento","10":"tag-it","11":"tag-italia","12":"tag-italy","13":"tag-otto-e-mezzo","14":"tag-romano-prodi","15":"tag-tv"},"share_on_mastodon":{"url":"","error":""},"_links":{"self":[{"href":"https:\/\/www.europesays.com\/it\/wp-json\/wp\/v2\/posts\/187881","targetHints":{"allow":["GET"]}}],"collection":[{"href":"https:\/\/www.europesays.com\/it\/wp-json\/wp\/v2\/posts"}],"about":[{"href":"https:\/\/www.europesays.com\/it\/wp-json\/wp\/v2\/types\/post"}],"author":[{"embeddable":true,"href":"https:\/\/www.europesays.com\/it\/wp-json\/wp\/v2\/users\/3"}],"replies":[{"embeddable":true,"href":"https:\/\/www.europesays.com\/it\/wp-json\/wp\/v2\/comments?post=187881"}],"version-history":[{"count":0,"href":"https:\/\/www.europesays.com\/it\/wp-json\/wp\/v2\/posts\/187881\/revisions"}],"wp:featuredmedia":[{"embeddable":true,"href":"https:\/\/www.europesays.com\/it\/wp-json\/wp\/v2\/media\/187882"}],"wp:attachment":[{"href":"https:\/\/www.europesays.com\/it\/wp-json\/wp\/v2\/media?parent=187881"}],"wp:term":[{"taxonomy":"category","embeddable":true,"href":"https:\/\/www.europesays.com\/it\/wp-json\/wp\/v2\/categories?post=187881"},{"taxonomy":"post_tag","embeddable":true,"href":"https:\/\/www.europesays.com\/it\/wp-json\/wp\/v2\/tags?post=187881"}],"curies":[{"name":"wp","href":"https:\/\/api.w.org\/{rel}","templated":true}]}}