{"id":188044,"date":"2025-10-28T13:26:16","date_gmt":"2025-10-28T13:26:16","guid":{"rendered":"https:\/\/www.europesays.com\/it\/188044\/"},"modified":"2025-10-28T13:26:16","modified_gmt":"2025-10-28T13:26:16","slug":"spalletti-alla-juve-come-giocherebbe-yildiz-al-centro","status":"publish","type":"post","link":"https:\/\/www.europesays.com\/it\/188044\/","title":{"rendered":"Spalletti alla Juve, come giocherebbe: Yildiz al centro"},"content":{"rendered":"<p>                                Il club punta sull\u2019esperienza dell\u2019ex ct per non fallire in questa Champions e qualificarsi alla prossima: quando pu\u00f2 lavorare ogni giorno d\u00e0 il meglio. Ecco la sua probabile formazione<\/p>\n<p>            <a class=\"image is-50x50\" href=\"https:\/\/www.gazzetta.it\/redazione\/filippo-cornacchia\/\" rel=\"nofollow noopener\" target=\"_blank\"><br \/>\n                <img decoding=\"async\" class=\"is-rounded\" src=\"https:\/\/www.europesays.com\/it\/wp-content\/uploads\/2025\/09\/1757993715_851_omino.png\" alt=\"Filippo Cornacchia\"\/><br \/>\n            <\/a><\/p>\n<p>Giornalista<\/p>\n<p>                    28 ottobre &#8211; 13:22  &#8211; TORINO<\/p>\n<p class=\"paragraph\" spellcheck=\"true\">Il matrimonio Juve-Spalletti, per dirla alla Gigi Buffon, s&#8217;ha da fare. La benedizione di SuperGigi, uno che conosce benissimo l&#8217;ex ct e come pochissimi al mondo la Signora (685 presenze), non baster\u00e0 per la fumata bianca ma fotografa alla perfezione la corsa al dopo Igor Tudor, esonerato ieri mattina <a href=\"https:\/\/www.gazzetta.it\/Calcio\/Serie-A\/Juventus\/27-10-2025\/tudor-e-i-218-giorni-alla-juventus-dalla-champions-ai-3-ko-consecutivi.shtml?intcmp=hyperlink-articolo-gazit\" title=\"Dalla qualificazione Champions ai 3 ko consecutivi: i 218 giorni di Tudor\" rel=\"nofollow noopener\" target=\"_blank\">dopo 218 giorni alla guida dei bianconeri<\/a>. Alla Continassa, dopo una serie di esperimenti, vogliono andare sul sicuro e non c&#8217;\u00e8 dubbio che l&#8217;allenatore del terzo scudetto del Napoli rappresenti la migliore delle soluzioni possibili libere e pronte all&#8217;uso. Italiano, vincente e con un enorme spirito di rivalsa dopo la bruciatura del divorzio azzurro.  Grande esperienza Spalletti, gi\u00e0 protagonista con Roma (due volte e 3 trofei), Inter, Zenit (4 trofei) e Napoli (storico tricolore), conosce l&#8217;alta quota, \u00e8 una garanzia e non sarebbe una scommessa &#8211; seppur affascinante &#8211; <a href=\"https:\/\/www.gazzetta.it\/Calcio\/Calciomercato\/Juventus\/27-10-2025\/juventus-sostituto-tudor-palladino-spalletti-mancini-allenatore.shtml?intcmp=hyperlink-articolo-gazit\" title=\"La Juve si muove per il dopo Tudor: Spalletti prima scelta, alternativa la scommessa Palladino\" rel=\"nofollow noopener\" target=\"_blank\">come il &#8220;piano B&#8221; Raffaele Palladino<\/a>, emergente di lusso dopo le avventure positive con Monza e Fiorentina ma non ancora testato ad altissimo livello. L&#8217;esperienza conta sempre e in questo momento un po&#8217; di pi\u00f9 in &#8220;casa Juve&#8221;. Alla Continassa gli allenatori a busta paga sono gi\u00e0 due (Thiago Motta e Tudor, entrambi fino al 2027) e il terzo in arrivo deve avere uno spessore tale da ridurre al minimo cattive sorprese e il rischio di un bagno di sangue. Con Spalletti sarebbero maggiori le probabilit\u00e0 di rimettere in piedi la Champions attuale (2 punti dopo tre giornate) e anche la qualificazione a quella futura: attualmente Locatelli e compagni sono a -3 dal quarto posto dell&#8217;Inter e a -6 dalla coppia di testa Napoli-Roma.\u00a0<\/p>\n<p>    juve, la rosa a disposizione di spalletti\u2014 \u00a0<\/p>\n<p class=\"paragraph is-inline\" spellcheck=\"true\">Questione di status, ma anche di feeling tecnico e tattico. Spalletti ha principi chiari, ma sa adattarli alla squadra che ha disposizione. A maggior ragione se ha la possibilit\u00e0 di lavorare tutti i giorni sul campo e non soltanto qualche volta all&#8217;anno come gli \u00e8 successo in Nazionale. La rosa della Juve \u00e8 un ibrido, soprattutto adesso che Gleison Bremer \u00e8 tornato ai box per i problemi al ginocchio. Non \u00e8 omogenea per il 3-4-2-1 immaginato da Tudor, <a href=\"https:\/\/www.gazzetta.it\/Calcio\/Serie-A\/Juventus\/20-10-2025\/juventus-tudor-e-le-tensioni-con-la-societa-poco-ascoltato-sul-mercato-e-senza-kolo.shtml?intcmp=hyperlink-articolo-gazit\" title=\"Poco ascoltato sul mercato e senza il \" suo=\"\" kolo=\"\" muani:=\"\" tudor=\"\" e=\"\" quelle=\"\" dimissioni=\"\" mancate=\"\" in=\"\" estate=\"\" quell mancat estat rel=\"nofollow noopener\" target=\"_blank\">che non a caso ha mal digerito gli acquisti estivi<\/a> e i mancati arrivi di un mediano di gamba e di un laterale destro alla Molina. Ma sulla carta non \u00e8 stata costruita per giocare a quattro. Alla Continassa, in realt\u00e0, restano convinti che sia adattabile a pi\u00f9 telai, anche a quattro. Spalletti \u00e8 considerato l&#8217;artigiano ideale per trovare la forma migliore, anche pi\u00f9 di un altro profilo esperto e vincente come Roberto Mancini. Quella quadra che Tudor non ha individuato, girando e rigirando la squadra come fosse un cubo di Rubik.\u00a0<\/p>\n<p>    spalletti alla juve: come giocherebbe\u2014 \u00a0<\/p>\n<p class=\"paragraph is-inline\" spellcheck=\"true\">L&#8217;ex ct non \u00e8 integralista e di solito parte dalla qualit\u00e0, che nel caso della Signora attuale suona pi\u00f9 o meno cos\u00ec: Kenan Yildiz e altri dieci. &#8220;Deve stare sempre in mezzo&#8221;, <a href=\"https:\/\/www.gazzetta.it\/festival-sport-trento\/09-10-2025\/michel-platini-al-festival-dello-sport-io-la-juve-agnelli-la-var.shtml?intcmp=hyperlink-articolo-gazit\" title=\"Platini: &quot;Ero gi\u00e0 dell&#039;Inter, poi l&#039;Avvocato... Fossi stato presidente Fifa, la Var non ci sarebbe&quot;\" rel=\"nofollow noopener\" target=\"_blank\">ha spiegato Michel Platini<\/a> recentemente. Il turco gioca ovunque, per\u00f2 preferisce il traffico del centro. Spalletti ha esaltato fior di fantasisti e attaccanti e partendo dalla luce di Yildiz potrebbe disegnare un 4-2-3-1 con l&#8217;ex Bayern a ballare alle spalle di Jonathan David (o Vlahovic) e due ali ai fianchi: una da uno contro uno (Conceicao) e una d&#8217;equilibrio (McKennie). Il rapporto con Manuel Locatelli sarebbe da ricreare <a href=\"https:\/\/www.gazzetta.it\/Calcio\/Serie-A\/Juventus\/29-05-2025\/locatelli-e-la-juventus-una-stagione-in-11-metri-e-ora-l-italia.shtml?intcmp=hyperlink-articolo-gazit\" title=\"Locatelli, una stagione in 11 metri e ora l\u2019Italia: dalla Champions al rilancio azzurro\" rel=\"nofollow noopener\" target=\"_blank\">dopo gli alti e bassi azzurri<\/a>, ma Teun Koopmeiners \u00e8 un giocatore che avrebbe voluto con s\u00e9 gi\u00e0 a Napoli quando il ds era Cristiano Giuntoli. Khephren Thuram potrebbe diventare una versione bianconera dell&#8217;Anguissa napoletano. Spalletti potrebbe sfruttare l&#8217;abilit\u00e0 con i piedi del portiere Michele Di Gregorio e registrare al meglio il muro difensivo (in Nazionale ha gi\u00e0 lavorato con Gatti e Cambiaso), crollato nelle ultime settimane come la pericolosit\u00e0 offensiva: i bianconeri hanno subito 4 reti nelle ultime 3 partite (tutte perse) e sono a secco da quattro gare. Le punte non esultano dal 16 settembre e dalla doppietta di Dusan Vlahovic al Borussia Dortmund. Le alternative al 4-2-3-1 non mancano: dal 4-3-3 stile Napoli scudettato (con Yildiz che parte da sinistra) a un 3-5-1-1 iniziale per rendere pi\u00f9 morbida la transizione. Difesa a tre preferita da Palladino, che per\u00f2 a Firenze ha dimostrato di sapersi adattare alle situazioni e ai vari giocatori.<\/p>\n<p class=\"is-copyright\">\u00a9 RIPRODUZIONE RISERVATA<\/p>\n","protected":false},"excerpt":{"rendered":"Il club punta sull\u2019esperienza dell\u2019ex ct per non fallire in questa Champions e qualificarsi alla prossima: quando pu\u00f2&hellip;\n","protected":false},"author":3,"featured_media":188045,"comment_status":"","ping_status":"","sticky":false,"template":"","format":"standard","meta":{"footnotes":"","_share_on_mastodon":"0"},"categories":[1452],"tags":[11756,113325,113326,5881,113327,113328,34624,113329,113330,44503,113331,113332,113333,57037,1963,585,721,104,1969,4022,7521,5886,6258,4876,1740,113323,350,1537,90,89,565,113324,3776,51882,2051,248,105971,987,5569,2372,1739,24806,245,244,1857,4960,33591,86587,7520,907,25122,578,10571],"class_list":["post-188044","post","type-post","status-publish","format-standard","has-post-thumbnail","category-calcio","tag-abilita","tag-abilita-portiere","tag-abilita-portiere-michele","tag-acquisti","tag-acquisti-estivi","tag-acquisti-estivi-mancati","tag-adattabile","tag-adattabile-telai","tag-adattabile-telai-spalletti","tag-adattare","tag-adattare-situazioni","tag-adattare-situazioni-giocatori","tag-adattarli","tag-anguissa","tag-attuale","tag-bianconeri","tag-calcio","tag-centro","tag-champions","tag-conosce","tag-continassa","tag-ct","tag-disposizione","tag-esperienza","tag-football","tag-giocherebbe","tag-inter","tag-it","tag-italia","tag-italy","tag-juve","tag-juve-spalletti","tag-lavorare","tag-locatelli","tag-migliore","tag-napoli","tag-palladino","tag-roma","tag-rosa","tag-signora","tag-soccer","tag-spalletti","tag-sport","tag-sports","tag-squadra","tag-terzo","tag-thuram","tag-trofei","tag-tudor","tag-ultime","tag-vincente","tag-vlahovic","tag-yildiz"],"share_on_mastodon":{"url":"","error":"Validation failed: Text character limit of 500 exceeded"},"_links":{"self":[{"href":"https:\/\/www.europesays.com\/it\/wp-json\/wp\/v2\/posts\/188044","targetHints":{"allow":["GET"]}}],"collection":[{"href":"https:\/\/www.europesays.com\/it\/wp-json\/wp\/v2\/posts"}],"about":[{"href":"https:\/\/www.europesays.com\/it\/wp-json\/wp\/v2\/types\/post"}],"author":[{"embeddable":true,"href":"https:\/\/www.europesays.com\/it\/wp-json\/wp\/v2\/users\/3"}],"replies":[{"embeddable":true,"href":"https:\/\/www.europesays.com\/it\/wp-json\/wp\/v2\/comments?post=188044"}],"version-history":[{"count":0,"href":"https:\/\/www.europesays.com\/it\/wp-json\/wp\/v2\/posts\/188044\/revisions"}],"wp:featuredmedia":[{"embeddable":true,"href":"https:\/\/www.europesays.com\/it\/wp-json\/wp\/v2\/media\/188045"}],"wp:attachment":[{"href":"https:\/\/www.europesays.com\/it\/wp-json\/wp\/v2\/media?parent=188044"}],"wp:term":[{"taxonomy":"category","embeddable":true,"href":"https:\/\/www.europesays.com\/it\/wp-json\/wp\/v2\/categories?post=188044"},{"taxonomy":"post_tag","embeddable":true,"href":"https:\/\/www.europesays.com\/it\/wp-json\/wp\/v2\/tags?post=188044"}],"curies":[{"name":"wp","href":"https:\/\/api.w.org\/{rel}","templated":true}]}}